{"id":130432,"date":"2025-05-22T10:11:08","date_gmt":"2025-05-22T10:11:08","guid":{"rendered":"https:\/\/www.europesays.com\/de\/130432\/"},"modified":"2025-05-22T10:11:08","modified_gmt":"2025-05-22T10:11:08","slug":"horst-seehofer-fatale-fehlentscheidung-frueherer-innenminister-gibt-merkel-schuld-am-afd-erfolg","status":"publish","type":"post","link":"https:\/\/www.europesays.com\/de\/130432\/","title":{"rendered":"Horst Seehofer: \u201eFatale Fehlentscheidung\u201c \u2013 Fr\u00fcherer Innenminister gibt Merkel Schuld am AfD-Erfolg"},"content":{"rendered":"<p>Der fr\u00fchere CSU-Politiker Horst Seehofer hat die Entscheidungen von Aktkanzlerin Angela Merkel in der Migrationskrise erneut scharf kritisiert. Auch \u00fcber Aussagen seines Nachfolgers S\u00f6der ist er nicht gl\u00fccklich.<\/p>\n<p class=\"is-first-paragraph\" data-external=\"Article.FirstParagraph\">Der fr\u00fchere Bundesinnenminister Horst Seehofer (CSU) hat in einem Interview mit der Migrationspolitik von Ex-Bundeskanzlerin Angela Merkel abgerechnet. In dem Magazin \u201eKontrovers\u201c des <a class=\"is-link c-block-items__link is-external c-link--rich-text-renderer\" href=\"https:\/\/www.br.de\/nachrichten\/bayern\/seehofer-im-interview-scharfe-kritik-an-merkel-hoffen-auf-merz,UlqHYwq\" title=\"(Link wird in einem neuen Tab ge\u00f6ffnet)\" rel=\"nofollow noopener\" data-internal-tracking-enabled=\"true\" data-internal-tracking=\"{&quot;action&quot;:&quot;click&quot;,&quot;label&quot;:&quot;link&quot;,&quot;name&quot;:&quot;Inline Element&quot;,&quot;data&quot;:{&quot;source&quot;:&quot;&quot;,&quot;target&quot;:&quot;https:\/\/www.br.de\/nachrichten\/bayern\/seehofer-im-interview-scharfe-kritik-an-merkel-hoffen-auf-merz,UlqHYwq&quot;,&quot;trackingName&quot;:&quot;&quot;,&quot;trackingLabel&quot;:&quot;&quot;}}\" target=\"_blank\">Bayerischen Rundfunks <\/a>sagte Seehofer: \u201eSeit der fatalen Fehlentscheidung von Angela Merkel 2015 die Grenzen aufzumachen oder durchl\u00e4ssig zu machen, haben wir das Aufwachsen der AfD. Sie sind dann in alle Parlamente eingezogen.\u201c<\/p>\n<p>Seehofer, der zwischen 2018 und 2021 unter Merkel Innenminister war, bringt in dem Interview zudem seine Verwunderung \u00fcber den Satz der Altkanzlerin zum Ausdruck, sie habe die AfD nicht verdoppelt. \u201eBissel schr\u00e4g\u201c, nennt Seehofer diese Behauptung unverbl\u00fcmt. <\/p>\n<p>In dem Interview h\u00e4lt der Minister a.D. der Kanzlerin a.D. zudem vor, keine Asylbewerber an den Grenzen zur\u00fcckgewiesen zu haben. \u201eDa k\u00f6nnen Sie Innenminister sein, solange Sie wollen: Wenn der Kanzler diese Grundlage nicht mittr\u00e4gt, k\u00f6nnen Sie nichts machen\u201c, wird Seehofer deutlich. Mit Bundeskanzler Friedrich Merz (CDU) und Alexander Dobrindt (CSU) sei ein solches Vorgehen jedoch nun machbar. <\/p>\n<p>Seehofer konstatierte, dass eine Zuwanderung, wie Deutschland sie 2015 und 2016 und in den vergangenen zwei Jahren erlebt habe, nicht zu bew\u00e4ltigen sei. \u201eDann stellen wir fest, dass wir es einfach nicht mehr schaffen\u201c, so das Fazit des fr\u00fcheren bayerischen Ministerpr\u00e4sidenten. <\/p>\n<p>Mit Blick auf den aktuellen Umgang mit der AfD sagte Seehofer: \u201eSie kriegen die AfD nicht durch Demonstrationen oder durch Verbots\u00fcberlegungen wieder klein, sondern nur durch eine gute Politik, die das Vertrauen der Bev\u00f6lkerung bekommt.\u201c<\/p>\n<p>Sogar sein Parteikollege und Nachfolger in der Staatskanzlei, Markus S\u00f6der, bekam sein Fett weg. Seehofer nahm Bezug auf Aussagen von S\u00f6der, die Bundesregierung sei die \u201eletzte Patrone der Demokratie\u201c und andere Zitate: \u201eDa kann ich nur den Kopf sch\u00fctteln: \u201aEin Hauch von Weimar\u2018, \u201adas war jetzt die letzte Chance\u2018 &#8211; das ist ja so eine Weltuntergangsstimmung, die ich \u00fcberhaupt nicht teile.\u201c<\/p>\n<p>luz<\/p>\n","protected":false},"excerpt":{"rendered":"Der fr\u00fchere CSU-Politiker Horst Seehofer hat die Entscheidungen von Aktkanzlerin Angela Merkel in der Migrationskrise erneut scharf kritisiert.&hellip;\n","protected":false},"author":2,"featured_media":130433,"comment_status":"","ping_status":"","sticky":false,"template":"","format":"standard","meta":{"footnotes":""},"categories":[2],"tags":[24616,186,34097,29,7883,30,13,19814,14,15,110,12,48443,10,8,9,11],"class_list":{"0":"post-130432","1":"post","2":"type-post","3":"status-publish","4":"format-standard","5":"has-post-thumbnail","7":"category-deutschland","8":"tag-horst","9":"tag-afd","10":"tag-angela","11":"tag-deutschland","12":"tag-fluechtlingskrise","13":"tag-germany","14":"tag-headlines","15":"tag-merkel","16":"tag-nachrichten","17":"tag-news","18":"tag-newsteam","19":"tag-schlagzeilen","20":"tag-seehofer","21":"tag-top-news","22":"tag-top-meldungen","23":"tag-topmeldungen","24":"tag-topnews"},"share_on_mastodon":{"url":"https:\/\/pubeurope.com\/@de\/114550950151440368","error":""},"_links":{"self":[{"href":"https:\/\/www.europesays.com\/de\/wp-json\/wp\/v2\/posts\/130432","targetHints":{"allow":["GET"]}}],"collection":[{"href":"https:\/\/www.europesays.com\/de\/wp-json\/wp\/v2\/posts"}],"about":[{"href":"https:\/\/www.europesays.com\/de\/wp-json\/wp\/v2\/types\/post"}],"author":[{"embeddable":true,"href":"https:\/\/www.europesays.com\/de\/wp-json\/wp\/v2\/users\/2"}],"replies":[{"embeddable":true,"href":"https:\/\/www.europesays.com\/de\/wp-json\/wp\/v2\/comments?post=130432"}],"version-history":[{"count":0,"href":"https:\/\/www.europesays.com\/de\/wp-json\/wp\/v2\/posts\/130432\/revisions"}],"wp:featuredmedia":[{"embeddable":true,"href":"https:\/\/www.europesays.com\/de\/wp-json\/wp\/v2\/media\/130433"}],"wp:attachment":[{"href":"https:\/\/www.europesays.com\/de\/wp-json\/wp\/v2\/media?parent=130432"}],"wp:term":[{"taxonomy":"category","embeddable":true,"href":"https:\/\/www.europesays.com\/de\/wp-json\/wp\/v2\/categories?post=130432"},{"taxonomy":"post_tag","embeddable":true,"href":"https:\/\/www.europesays.com\/de\/wp-json\/wp\/v2\/tags?post=130432"}],"curies":[{"name":"wp","href":"https:\/\/api.w.org\/{rel}","templated":true}]}}