{"id":130434,"date":"2025-05-22T10:12:08","date_gmt":"2025-05-22T10:12:08","guid":{"rendered":"https:\/\/www.europesays.com\/de\/130434\/"},"modified":"2025-05-22T10:12:08","modified_gmt":"2025-05-22T10:12:08","slug":"wirtschaftsweise-will-pflegeleistungen-kuerzen-und-eigenanteil-erhoehen","status":"publish","type":"post","link":"https:\/\/www.europesays.com\/de\/130434\/","title":{"rendered":"Wirtschaftsweise will Pflegeleistungen k\u00fcrzen und Eigenanteil erh\u00f6hen"},"content":{"rendered":"<p class=\"tspB2ly tspB2lz\">Die Sicherung der Sozialleistungen ist eine der wichtigsten Aufgaben f\u00fcr Deutschland. Die neue schwarz-rote Bundesregierung unter <strong>Kanzler Friedrich Merz (CDU)<\/strong> hat in ihrem Koalitionsvertrag zwar Reformen angek\u00fcndigt, inhaltlich bleiben CDU\/CSU und SPD allerdings vage.<\/p>\n<p><a href=\"https:\/\/abo.tagesspiegel.de\/tagesspiegel-app?icid=single-topic_13734043___\" data-gtm-class=\"article-mzt-link\" class=\"tspB7mh\" target=\"_blank\" rel=\"noopener\">Die Tagesspiegel-App Aktuelle Nachrichten, Hintergr\u00fcnde und Analysen direkt auf Ihr Smartphone. Dazu die digitale Zeitung. Hier gratis herunterladen.  <\/a><\/p>\n<p class=\"tspB2ly\"><a href=\"https:\/\/www.tagesspiegel.de\/wirtschaft\/fruhjahrsgutachten-das-finanzpaket-entfacht-neuen-streit-unter-den-wirtschaftsweisen-13730389.html?icid=in-text-link_13734043\" class=\"link link--internal\" data-gtm-class=\"article-text-link\" data-gtm-val=\"internal\" target=\"_blank\" rel=\"noopener\"><strong>Die Wirtschaftsweise Veronika Grimm<\/strong><\/a> fordert einem Medienbericht zufolge nun, die Leistungen der gesetzlichen Pflegeversicherung zu k\u00fcrzen und die finanzielle Selbstbeteiligung der Patienten deutlich zu erh\u00f6hen. <\/p>\n<blockquote class=\"tspCEm8\">\n<p>Also weniger Leistungen, die dann mit realistischen Beitr\u00e4gen gezahlt werden m\u00fcssen.<\/p>\n<\/blockquote>\n<p class=\"tspCEm9\"><strong>Veronika Grimm, <\/strong>Mitglied im Sachverst\u00e4ndigenrat der Bundesregierung<\/p>\n<p class=\"tspB2ly\">\u201eDie Beitr\u00e4ge zur Pflegeversicherung steigen zu stark. Das wird nicht durchhaltbar sein\u201c, sagte die 53-J\u00e4hrige der \u201eBild\u201c einem Vorabbericht zufolge. <strong>Man m\u00fcsse die Ausgestaltung dieser Versicherung wahrscheinlich anpassen<\/strong>: \u201eAlso weniger Leistungen, die dann mit realistischen Beitr\u00e4gen gezahlt werden m\u00fcssen.\u201c<\/p>\n<p class=\"tspQck\">Empfohlener redaktioneller Inhalt<\/p>\n<p> An dieser Stelle finden Sie einen von unseren Redakteuren ausgew\u00e4hlten, externen Inhalt, der den Artikel f\u00fcr Sie mit zus\u00e4tzlichen Informationen anreichert. Sie k\u00f6nnen sich hier den externen Inhalt mit einem Klick anzeigen lassen oder wieder ausblenden. <\/p>\n<p> Externen Inhalt anzeigen <\/p>\n<p class=\"tspQcq\"> Ich bin damit einverstanden, dass mir der externe Inhalt angezeigt wird. Damit k\u00f6nnen personenbezogene Daten an Drittplattformen \u00fcbermittelt werden.  Mehr Informationen dazu erhalten Sie in den Datenschutz-Einstellungen. Diese finden Sie ganz unten auf unserer Seite im Footer, sodass Sie Ihre Einstellungen jederzeit verwalten oder widerrufen k\u00f6nnen. <\/p>\n<p class=\"tspB2ly\"><strong>Grimm, seit 2020 eines von f\u00fcnf Mitgliedern im Sachverst\u00e4ndigenrat der Bundesregierung<\/strong>, sprach sich auch f\u00fcr Bed\u00fcrftigkeitspr\u00fcfungen bei sozial Schw\u00e4cheren aus. \u201eDer Bezug von Leistungen aus den sozialen Sicherungssystemen sollte schon an der Pr\u00fcfung der Bed\u00fcrftigkeit des Haushalts festgemacht werden und nicht an der Einkommenssituation des Einzelnen\u201c. <strong>Man k\u00f6nne nicht in jedem einzelnen Bereich Fairness und Gleichheit herstellen<\/strong>, sondern m\u00fcsse daf\u00fcr sorgen, dass das soziale Sicherungssystem auch halte und stabil sei.<\/p>\n<p> Pflegereport <\/p>\n<p class=\"tspB2ly\">Der neue DAK-Pflegereport zeigt anhand weiterer Studienergebnisse auf, was auf die Pflegeversicherung zukommt: <strong>Von heute etwa 5,6 Millionen Menschen<\/strong>, die Leistungen\u00a0aus der staatlichen Pflegeversicherung erhalten, d\u00fcrfte sich die Zahl der Gepflegten\u00a0in den n\u00e4chsten beiden Jahrzehnten um \u00fcber ein F\u00fcnftel erh\u00f6hen.<strong> 2055 \u2013 so offizielle Prognosen \u2013 sollen es zwischen 6,8 Millionen und 7,6 Millionen sein.<\/strong> (dpa)<\/p>\n<p class=\"tspB2ly\">Merz hatte am Wochenende erneut Reformen zu Sicherung der Sozialsysteme angemahnt. Aus Zeitgr\u00fcnden habe man diese Frage im Koalitionsvertrag nicht beantworten k\u00f6nnen, die CDU selbst habe sie auch noch nicht abschlie\u00dfend beantwortet, sagte er auf dem Parteitag der S\u00fcdwest-CDU in Stuttgart. \u201e<strong>So wie es heute ist, kann es allenfalls noch f\u00fcr ein paar wenige Jahre bleiben\u201c<\/strong>, sagte der CDU-Chef mit Blick auf Renten-, Kranken- und Pflegeversicherung.<\/p>\n<p class=\"tspB2ly\">Seine Vize vom Regierungspartner SPD,<strong>\u00a0Bundesfinanzminister Lars Klingbeil<\/strong>, sagte, er wolle die klamme Kranken- und Pflegeversicherung<a href=\"https:\/\/www.tagesspiegel.de\/politik\/mussen-hier-stabilisieren-klingbeil-kundigt-fur-kranken-und-pflegeversicherung-finanzspritze-an-13711348.html?icid=in-text-link_13734043\" class=\"link link--internal\" data-gtm-class=\"article-text-link\" data-gtm-val=\"internal\" target=\"_blank\" rel=\"noopener\"> zun\u00e4chst mit Zusch\u00fcssen aus dem Bundeshaushalt st\u00fctzen<\/a>.<\/p>\n<p><a href=\"https:\/\/www.tagesspiegel.de\/politik\/nicht-wieder-die-alte-russland-connection-grune-wollen-nord-stream-pipelines-endgultig-stilllegen-13727425.html?icid=single-topic_13734043___\" data-gtm-class=\"article-mzt-link\" class=\"tspB7mh\" target=\"_blank\" rel=\"noopener\">\u201eNicht wieder die alte Russland-Connection\u201c Gr\u00fcne wollen Nord-Stream-Pipelines endg\u00fcltig stilllegen <\/a><\/p>\n<p class=\"tspB2ly\">Und das wird dringend notwendig sein.<strong> Die Finanzprobleme der Pflegeversicherung<\/strong> drohen sich nach Einsch\u00e4tzung der Kranken- und Pflegekasse DAK-Gesundheit weiter zu versch\u00e4rfen. Nach der Deutschen Presse-Agentur vorliegenden DAK-Berechnungen steuert die Pflegeversicherung in diesem Jahr auf ein Defizit von 1,65 Milliarden Euro zu.<\/p>\n<p> Lesermeinungen zum Artikel <\/p>\n<p class=\"tspB2ly\">\u201eWie w\u00e4re es denn mal mit einer\u00a0<strong>Vergesellschaftung\u00a0<\/strong>der Dienstleistungen? Derzeit werden die\u00a0<strong>Pflegedienste\u00a0<\/strong>\u00fcberwiegend durch\u00a0<strong>gewinnorientierte Unternehmen<\/strong>\u00a0erbracht. Wie kann es denn \u00fcberhaupt m\u00f6glich sein, dass in Feldern wie diesem Gewinn erwirtschaftet werden muss?\u201c <strong>Diskutieren Sie \u00fcber folgenden Link mit <a href=\"https:\/\/www.tagesspiegel.de\/politik\/wird-nicht-durchhaltbar-sein-wirtschaftsweise-will-pflegeleistungen-kurzen-und-eigenanteil-erhohen-13734043.html?commentId=ad2dc033-893a-4721-be0f-786b5468c87b\" target=\"_blank\" rel=\"noopener\" class=\"link link--external\" data-gtm-class=\"article-text-link\" data-gtm-val=\"external\" aria-describedby=\"message-target-blank\">sct<\/a><\/strong><\/p>\n<p class=\"tspB2ly\"><strong>2026 werde sich das Milliardenloch voraussichtlich auf 3,5 Milliarden Euro vergr\u00f6\u00dfern<\/strong>. Ohne neue Finanzmittel sei sp\u00e4testens zum Jahreswechsel 2026 eine Beitragserh\u00f6hung\u00a0um mindestens 0,3 Beitragssatzpunkte unvermeidlich, sagte<strong> DAK-Vorstandschef Andreas Storm<\/strong>. F\u00fcr ein Kassenmitglied beispielsweise mit einem Kind werden heute 3,6 Prozent des Bruttoeinkommens f\u00e4llig.<\/p>\n<p> Kassenverband fordert bei Pflege Sofortma\u00dfnahmen <\/p>\n<p class=\"tspB2ly\">Bereits im vergangenen Jahr war die Pflegeversicherung mit 1,54 Milliarden Euro ins Minus gesackt. Zur finanziellen Stabilisierung wurden <strong>die Pflegebeitr\u00e4ge zu Jahresbeginn um 0,2 Prozentpunkte angehoben<\/strong>.<\/p>\n<p class=\"tspB2ly\">Auch <strong>der Spitzenverband der gesetzlichen Krankenversicherungen (GKV)<\/strong> forderte vor dem Hintergrund der neuen Zahlen aus DAK-Pflegereport Sofortma\u00dfnahmen zur Stabilisierung der Pflegeversicherung. \u201eDie Schere aus Einnahmen und Ausgaben wird in der Pflegeversicherung immer gr\u00f6\u00dfer. Ohne eine grundlegende Reform, um Einnahmen und Ausgaben neu zu justieren, wird es nicht gehen. Da eine grundlegende Reform Zeit brauchen wird, muss es Sofortma\u00dfnahmen geben\u201c, sagte <strong>Doris Pfeiffer, GKV-Vorstandsvorsitzende<\/strong>, den Zeitungen der Mediengruppe Bayern.<\/p>\n<p> Mehr zu Pflege bei Tagesspiegel Plus: <a href=\"https:\/\/www.tagesspiegel.de\/politik\/gute-betreuung-nur-noch-fur-reiche-so-gross-sind-die-probleme-im-deutschen-pflegesystem-13733143.html?icid=topic-list_13734043___\" data-gtm-class=\"article-mzt-link\" class=\"tspB7mh\" target=\"_blank\" rel=\"noopener\">Gute Betreuung nur noch f\u00fcr Reiche? So gro\u00df sind die Probleme im deutschen Pflegesystem <\/a><a href=\"https:\/\/www.tagesspiegel.de\/politik\/familienministerin-fordert-pflegegeld-das-waren-die-vor-und-nachteile-einer-neuen-sozialleistung-13725508.html?icid=topic-list_13734043___\" data-gtm-class=\"article-mzt-link\" class=\"tspB7mh\" target=\"_blank\" rel=\"noopener\">Familienministerin fordert Pflegegeld Das w\u00e4ren die Vor-und Nachteile einer neuen Sozialleistung <\/a><a href=\"https:\/\/www.tagesspiegel.de\/potsdam\/landeshauptstadt\/pflegenotstand-in-potsdam-in-20-jahren-die-halfte-der-stellen-unbesetzt-13582489.html?icid=topic-list_13734043___\" data-gtm-class=\"article-mzt-link\" class=\"tspB7mh\" target=\"_blank\" rel=\"noopener\">Pflegenotstand in Potsdam In 20 Jahren H\u00e4lfte der Stellen unbesetzt <\/a><\/p>\n<p class=\"tspB2ly\">Konkret nannte Pfeiffer zwei Punkte: \u201eWir fordern die R\u00fcckzahlung der 5,3 Milliarden Euro Coronaschulden, die der Bund noch bei der Pflegeversicherung hat. Dar\u00fcber hinaus muss der Bund zu seiner Aufgabe stehen und die Rentenbeitr\u00e4ge f\u00fcr pflegende Angeh\u00f6rige finanzieren, denn diese j\u00e4hrlich rund 4,5 Milliarden Euro sind eine familienpolitische Leistung.\u201c\u00a0<\/p>\n","protected":false},"excerpt":{"rendered":"Die Sicherung der Sozialleistungen ist eine der wichtigsten Aufgaben f\u00fcr Deutschland. Die neue schwarz-rote Bundesregierung unter Kanzler Friedrich&hellip;\n","protected":false},"author":2,"featured_media":130435,"comment_status":"","ping_status":"","sticky":false,"template":"","format":"standard","meta":{"footnotes":""},"categories":[5],"tags":[31,774,775,13,776,14,15,9221,12,184,10,8,9,11],"class_list":{"0":"post-130434","1":"post","2":"type-post","3":"status-publish","4":"format-standard","5":"has-post-thumbnail","7":"category-nachrichten","8":"tag-cdu","9":"tag-csu","10":"tag-friedrich-merz","11":"tag-headlines","12":"tag-lars-klingbeil","13":"tag-nachrichten","14":"tag-news","15":"tag-pflege","16":"tag-schlagzeilen","17":"tag-spd","18":"tag-top-news","19":"tag-top-meldungen","20":"tag-topmeldungen","21":"tag-topnews"},"share_on_mastodon":{"url":"https:\/\/pubeurope.com\/@de\/114550953977437105","error":""},"_links":{"self":[{"href":"https:\/\/www.europesays.com\/de\/wp-json\/wp\/v2\/posts\/130434","targetHints":{"allow":["GET"]}}],"collection":[{"href":"https:\/\/www.europesays.com\/de\/wp-json\/wp\/v2\/posts"}],"about":[{"href":"https:\/\/www.europesays.com\/de\/wp-json\/wp\/v2\/types\/post"}],"author":[{"embeddable":true,"href":"https:\/\/www.europesays.com\/de\/wp-json\/wp\/v2\/users\/2"}],"replies":[{"embeddable":true,"href":"https:\/\/www.europesays.com\/de\/wp-json\/wp\/v2\/comments?post=130434"}],"version-history":[{"count":0,"href":"https:\/\/www.europesays.com\/de\/wp-json\/wp\/v2\/posts\/130434\/revisions"}],"wp:featuredmedia":[{"embeddable":true,"href":"https:\/\/www.europesays.com\/de\/wp-json\/wp\/v2\/media\/130435"}],"wp:attachment":[{"href":"https:\/\/www.europesays.com\/de\/wp-json\/wp\/v2\/media?parent=130434"}],"wp:term":[{"taxonomy":"category","embeddable":true,"href":"https:\/\/www.europesays.com\/de\/wp-json\/wp\/v2\/categories?post=130434"},{"taxonomy":"post_tag","embeddable":true,"href":"https:\/\/www.europesays.com\/de\/wp-json\/wp\/v2\/tags?post=130434"}],"curies":[{"name":"wp","href":"https:\/\/api.w.org\/{rel}","templated":true}]}}