{"id":130479,"date":"2025-05-22T10:38:10","date_gmt":"2025-05-22T10:38:10","guid":{"rendered":"https:\/\/www.europesays.com\/de\/130479\/"},"modified":"2025-05-22T10:38:10","modified_gmt":"2025-05-22T10:38:10","slug":"nach-us-zahlungsstopp-finanzzusage-fuer-radio-free-europe","status":"publish","type":"post","link":"https:\/\/www.europesays.com\/de\/130479\/","title":{"rendered":"Nach US-Zahlungsstopp: Finanzzusage f\u00fcr Radio Free Europe"},"content":{"rendered":"<p>            <img decoding=\"async\" fetchpriority=\"high\" width=\"696\" height=\"400\" data-no-lazy=\"\" class=\"entry-thumb\" src=\"https:\/\/www.europesays.com\/de\/wp-content\/uploads\/2025\/05\/Radio-Free-Europa-Radio-Liberty-696x400.jpg\" alt=\"RadioFreeEuropa RadioLiberty\" title=\"Radio Free Europa Radio Liberty\"\/><\/p>\n<p><strong>Radio Free Europe und Radio Liberty, in Kurzform RFE und RL, geh\u00f6ren zu den US-Auslandssendern, also der Voice of America. Erst im M\u00e4rz waren diese in die Schlagzeilen geraten, da Donald Trump die Finanzmittel f\u00fcr den Sender in der H\u00f6he von rund 68 Millionen Euro eingefroren hatte. Jetzt soll Hilfe direkt aus Europa kommen.<\/strong><\/p>\n<p>Im M\u00e4rz hatte Trump ein Dekret unterzeichnet, das die f\u00fcr die Auslandssender der USA zust\u00e4ndige Beh\u00f6rde USAGM als unn\u00f6tigen Ballast der Bundesb\u00fcrokratie abstempelte (<a href=\"https:\/\/www.digitalfernsehen.de\/news\/medien-news\/politik\/suche-nach-europaeischer-finanzierung-fuer-radio-free-europe-1138253\/\" target=\"_blank\" rel=\"noopener\">DF berichtete hier<\/a>). Auch mit dem Vermerk, dass diese Medien ohnehin keiner einschalte.<\/p>\n<p>Es stimmt zwar, dass RFE\/RL ihre Bl\u00fctezeit w\u00e4hrend des Kalten Krieges hatten. Wie wichtig sie aber noch heute sind, zeigen alleine der Ukraine-Krieg und die Entwicklungen in Russland. Gerade im Reich Putins ist es mit der Pressefreiheit und unabh\u00e4ngigen Medien schlecht bestellt. Gefahrlos berichtet werden kann nur, wenn man auf der Linie des Kremls ist. Am Rande bemerkt: Russland belegt laut \u201eReporter ohne Grenzen\u201c Platz 171 im Ranking der Pressefreiheit \u2013 von 180 betrachteten L\u00e4ndern. Im Vergleich dazu belegt Deutschland Rang 11.<\/p>\n<p>Alleine dieser Wert zeigt uns, wie wichtig die bis jetzt von RFE\/RL geleistete Aufkl\u00e4rungsarbeit ist. Auch die EU bezeichnet die Arbeit des Senders als unverzichtbar.<\/p>\n<p>Hilfe aus Schweden und aus Br\u00fcssel<\/p>\n<p>Bereits vor zwei Wochen hatte Schweden bekanntgegeben, Radio Free Europe mit 2 Millionen Euro zu unterst\u00fctzen. Von der EU sollen nun weitere 5,5 Millionen dazu kommen. Sie sind als Notfinanzierung gedacht, um den unabh\u00e4ngigen Journalismus zu erhalten. Dies gew\u00e4hrleistet vorerst dem in Prag angesiedelten Sender das \u00dcberleben.<\/p>\n<p>Eingest\u00e4ndnis f\u00fcr eigene Fehler?<\/p>\n<p>N\u00fcchtern betrachtet geht es bei der Finanzzusage an RFE nicht nur um die Rettung des Senders. Fr\u00fcher hatte man in Europa ja auch eigene Auslandsdienste, die weithin h\u00f6rbar waren und hoch gesch\u00e4tzt wurden. Doch die hat man schon lange abgebaut oder auf ein absolutes Minimum jenseits der Wahrnehmungsschwelle abgebaut. Zudem hat man erkannt, dass das Internet kein zuverl\u00e4ssiger Weg ist, um frei Meinungen und objektive Berichte in L\u00e4nder zu transportieren, in denen es mit der Pressefreiheit schlecht bestellt ist.<\/p>\n<p>Fraglich ist zudem auch, ob es wirklich zielf\u00fchrend ist, einen Sender mit EU-Geldern zu unterst\u00fctzen, ohne auf ihn einwirken zu k\u00f6nnen. Der RFE ist eben ein staatlicher US-Sender, der gezwungen werden k\u00f6nnte, Donald Trumps Gedankenwelt weiter in die Welt zu tragen. Wollen wir das wirklich?<\/p>\n<p><strong>Auch interessant:<\/strong><\/p>\n<p class=\"isc_image_list_title\">Bildquelle:<\/p>\n<ul class=\"isc_image_list\">\n<li>Radio Free Europa Radio Liberty: \u00a9  Frank\/stock.adobe.com<\/li>\n<\/ul>\n","protected":false},"excerpt":{"rendered":"Radio Free Europe und Radio Liberty, in Kurzform RFE und RL, geh\u00f6ren zu den US-Auslandssendern, also der Voice&hellip;\n","protected":false},"author":2,"featured_media":130480,"comment_status":"","ping_status":"","sticky":false,"template":"","format":"standard","meta":{"footnotes":""},"categories":[3933],"tags":[331,332,548,663,158,3934,3935,13,14,15,8382,9771,48454,12],"class_list":{"0":"post-130479","1":"post","2":"type-post","3":"status-publish","4":"format-standard","5":"has-post-thumbnail","7":"category-eu","8":"tag-aktuelle-nachrichten","9":"tag-aktuelle-news","10":"tag-eu","11":"tag-europa","12":"tag-europaeische-union","13":"tag-europe","14":"tag-european-union","15":"tag-headlines","16":"tag-nachrichten","17":"tag-news","18":"tag-radio-free-europe","19":"tag-radio-liberty","20":"tag-rfe","21":"tag-schlagzeilen"},"share_on_mastodon":{"url":"https:\/\/pubeurope.com\/@de\/114551056207753321","error":""},"_links":{"self":[{"href":"https:\/\/www.europesays.com\/de\/wp-json\/wp\/v2\/posts\/130479","targetHints":{"allow":["GET"]}}],"collection":[{"href":"https:\/\/www.europesays.com\/de\/wp-json\/wp\/v2\/posts"}],"about":[{"href":"https:\/\/www.europesays.com\/de\/wp-json\/wp\/v2\/types\/post"}],"author":[{"embeddable":true,"href":"https:\/\/www.europesays.com\/de\/wp-json\/wp\/v2\/users\/2"}],"replies":[{"embeddable":true,"href":"https:\/\/www.europesays.com\/de\/wp-json\/wp\/v2\/comments?post=130479"}],"version-history":[{"count":0,"href":"https:\/\/www.europesays.com\/de\/wp-json\/wp\/v2\/posts\/130479\/revisions"}],"wp:featuredmedia":[{"embeddable":true,"href":"https:\/\/www.europesays.com\/de\/wp-json\/wp\/v2\/media\/130480"}],"wp:attachment":[{"href":"https:\/\/www.europesays.com\/de\/wp-json\/wp\/v2\/media?parent=130479"}],"wp:term":[{"taxonomy":"category","embeddable":true,"href":"https:\/\/www.europesays.com\/de\/wp-json\/wp\/v2\/categories?post=130479"},{"taxonomy":"post_tag","embeddable":true,"href":"https:\/\/www.europesays.com\/de\/wp-json\/wp\/v2\/tags?post=130479"}],"curies":[{"name":"wp","href":"https:\/\/api.w.org\/{rel}","templated":true}]}}