{"id":130530,"date":"2025-05-22T11:05:11","date_gmt":"2025-05-22T11:05:11","guid":{"rendered":"https:\/\/www.europesays.com\/de\/130530\/"},"modified":"2025-05-22T11:05:11","modified_gmt":"2025-05-22T11:05:11","slug":"pol-f-250522-0541-frankfurt-innenstadt-diebstahl-von-indigener-holzfigur","status":"publish","type":"post","link":"https:\/\/www.europesays.com\/de\/130530\/","title":{"rendered":"POL-F: 250522 &#8211; 0541 Frankfurt &#8211; Innenstadt: Diebstahl von indigener Holzfigur &#8211; &#8230;"},"content":{"rendered":"<p class=\"date\">22.05.2025 \u2013 12:38<\/p>\n<p class=\"customer\">\n                        <a class=\"story-customer\" title=\"weiter zum newsroom von Polizeipr\u00e4sidium Frankfurt am Main\" href=\"https:\/\/www.presseportal.de\/blaulicht\/nr\/4970\" rel=\"nofollow noopener\" target=\"_blank\">Polizeipr\u00e4sidium Frankfurt am Main<\/a>\n                    <\/p>\n<p><a class=\"glightbox event-trigger\" href=\"https:\/\/cache.pressmailing.net\/thumbnail\/story_hires\/6c422178-7cce-4b98-aa48-757de711a64d\/Skultpur.jpg.jpg\" data-description=\"Skulptur\" data-category=\"medialightbox\" data-action=\"click\" data-label=\"single\" data-value=\"682efeae270000fd2c84876d\" rel=\"nofollow noopener\" target=\"_blank\"><img decoding=\"async\" height=\"540\" with=\"720\" src=\"https:\/\/www.europesays.com\/de\/wp-content\/uploads\/2025\/05\/pol-f-250522-0541-frankfurt-innenstadt-diebstahl-von-indigener-holzfigur-zeugen-gesucht.jpeg\"   alt=\"POL-F: 250522 - 0541 Frankfurt - Innenstadt: Diebstahl von indigener Holzfigur - Zeugen gesucht\" class=\"single\"\/><\/a><\/p>\n<p><a data-category=\"citylink-story-view\" data-action=\"click\" data-label=\"Citylink in Meldungsansicht\" class=\"story-city event-trigger\" href=\"https:\/\/www.presseportal.de\/regional\/Frankfurt\" title=\"News aus Frankfurt \" rel=\"nofollow noopener\" target=\"_blank\">Frankfurt<\/a> (ots)<\/p>\n<p>(yi) Im Zeitraum von 18:00 Uhr bis 23:00 Uhr kam es am Dienstag (20. Mai 2025) zu einem Diebstahl auf der Gro\u00dfen Bockenheimer Stra\u00dfe. Die Polizei bittet um Mithilfe.<\/p>\n<p>Bislang unbekannte T\u00e4ter entwendeten die am Eingang eines Fachgesch\u00e4fts befindliche Holzfigur und fl\u00fcchteten sodann in unbekannte Richtung.<\/p>\n<p>Die Figur besteht aus Massivholz und zeigt eine Person, welche augenscheinlich einem indigenen Volk zugeh\u00f6rig zu sein scheint, Kopfschmuck und ein rotes Fransenhemd tr\u00e4gt. Das Gewicht der Figur wird auf circa 60-70 Kilogramm gesch\u00e4tzt.<\/p>\n<p>Zeugen, die sachdienliche Hinweise geben k\u00f6nnen, werden gebeten sich mit der Frankfurter Polizei unter der Rufnummer 069 \/ 755 52199 oder jeder anderen Polizeidienststelle in Verbindung zu setzen.<\/p>\n<p class=\"contact-headline\">R\u00fcckfragen bitte an:<\/p>\n<p class=\"contact-text\">Polizeipr\u00e4sidium Frankfurt am Main<br \/>Pressestelle<br \/>Adickesallee 70<br \/>60322 Frankfurt am Main<br \/>Telefon: 069 \/ 755-82110 (CvD)<br \/>Fax: 069 \/ 755-82009<br \/>E-Mail: <a href=\"https:\/\/www.presseportal.de\/blaulicht\/pm\/4970\/mailto: pressestelle.ppffm@polizei.hessen.de\" class=\"uri-mailto\" rel=\"nofollow noopener\" target=\"_blank\"> pressestelle.ppffm@polizei.hessen.de<\/a><br \/>Homepage Polizeipr\u00e4sidium Ffm.: <a target=\"_blank\" class=\"uri-ext outbound\" rel=\"noopener nofollow\" href=\"http:\/\/www.polizei.hessen.de\/ppffm\">http:\/\/www.polizei.hessen.de\/ppffm<\/a><\/p>\n<p class=\"originator\">Original-Content von: Polizeipr\u00e4sidium Frankfurt am Main, \u00fcbermittelt durch news aktuell<\/p>\n","protected":false},"excerpt":{"rendered":"22.05.2025 \u2013 12:38 Polizeipr\u00e4sidium Frankfurt am Main Frankfurt (ots) (yi) Im Zeitraum von 18:00 Uhr bis 23:00 Uhr&hellip;\n","protected":false},"author":2,"featured_media":130531,"comment_status":"","ping_status":"","sticky":false,"template":"","format":"standard","meta":{"footnotes":""},"categories":[1829],"tags":[29,2050,2051,30,1087,2052,177,121,178,180,179,181],"class_list":{"0":"post-130530","1":"post","2":"type-post","3":"status-publish","4":"format-standard","5":"has-post-thumbnail","7":"category-frankfurt-am-main","8":"tag-deutschland","9":"tag-frankfurt","10":"tag-frankfurt-am-main","11":"tag-germany","12":"tag-he","13":"tag-hessen","14":"tag-kriminalitt","15":"tag-polizei","16":"tag-presse","17":"tag-pressemeldung","18":"tag-pressemitteilung","19":"tag-pressemitteilungen"},"share_on_mastodon":{"url":"https:\/\/pubeurope.com\/@de\/114551162491078702","error":""},"_links":{"self":[{"href":"https:\/\/www.europesays.com\/de\/wp-json\/wp\/v2\/posts\/130530","targetHints":{"allow":["GET"]}}],"collection":[{"href":"https:\/\/www.europesays.com\/de\/wp-json\/wp\/v2\/posts"}],"about":[{"href":"https:\/\/www.europesays.com\/de\/wp-json\/wp\/v2\/types\/post"}],"author":[{"embeddable":true,"href":"https:\/\/www.europesays.com\/de\/wp-json\/wp\/v2\/users\/2"}],"replies":[{"embeddable":true,"href":"https:\/\/www.europesays.com\/de\/wp-json\/wp\/v2\/comments?post=130530"}],"version-history":[{"count":0,"href":"https:\/\/www.europesays.com\/de\/wp-json\/wp\/v2\/posts\/130530\/revisions"}],"wp:featuredmedia":[{"embeddable":true,"href":"https:\/\/www.europesays.com\/de\/wp-json\/wp\/v2\/media\/130531"}],"wp:attachment":[{"href":"https:\/\/www.europesays.com\/de\/wp-json\/wp\/v2\/media?parent=130530"}],"wp:term":[{"taxonomy":"category","embeddable":true,"href":"https:\/\/www.europesays.com\/de\/wp-json\/wp\/v2\/categories?post=130530"},{"taxonomy":"post_tag","embeddable":true,"href":"https:\/\/www.europesays.com\/de\/wp-json\/wp\/v2\/tags?post=130530"}],"curies":[{"name":"wp","href":"https:\/\/api.w.org\/{rel}","templated":true}]}}