{"id":130572,"date":"2025-05-22T11:27:12","date_gmt":"2025-05-22T11:27:12","guid":{"rendered":"https:\/\/www.europesays.com\/de\/130572\/"},"modified":"2025-05-22T11:27:12","modified_gmt":"2025-05-22T11:27:12","slug":"lets-dance-profi-faellt-im-finale-aus-massimo-sinato-ist-gestuerzt","status":"publish","type":"post","link":"https:\/\/www.europesays.com\/de\/130572\/","title":{"rendered":"&#8222;Let&#8217;s Dance&#8220;-Profi f\u00e4llt im Finale aus: Massimo Sinat\u00f3 ist gest\u00fcrzt"},"content":{"rendered":"<p>                    Massimo Sinat\u00f3 ist gest\u00fcrzt<br \/>\n                &#8222;Let&#8217;s Dance&#8220;-Profi f\u00e4llt im Finale aus<\/p>\n<p>\t\t\t\t              22.05.2025, 10:53 Uhr<\/p>\n<p>\t\t\t\t\t       Artikel anh\u00f6ren<\/p>\n<p>\t\t\t\t\t\t\tDiese Audioversion wurde k\u00fcnstlich generiert. <a href=\"https:\/\/www.n-tv.de\/23249898\" rel=\"nofollow noopener\" target=\"_blank\">Mehr Infos<\/a><\/p>\n<p><strong>Er geh\u00f6rt quasi zum &#8222;Let&#8217;s Dance&#8220;-Inventar und ist ein absoluter Fanliebling. Doch im Finale der Tanzshow am Freitag wird Massimo Sinat\u00f3 nicht dabei sein k\u00f6nnen. Der Profi-T\u00e4nzer ist verletzt.<\/strong><\/p>\n<p>Am Freitagabend f\u00e4llt bei RTL die Entscheidung: Wer gewinnt die 18. Staffel von &#8222;Let&#8217;s Dance&#8220;? Der ehemalige Kunstturner <a href=\"https:\/\/plus.rtl.de\/video-tv\/shows\/lets-dance-145232\/die-promis-2025-1024200\/episode-11-fabian-hambuechen-manchmal-bin-ich-ein-kleiner-trampel-1024221?utm_campaign=textlink&amp;utm_source=ntv&amp;utm_medium=owned&amp;utm_term=lets-dance-kandidaten&amp;utm_content=episode11\" rel=\"Follow nofollow noopener\" target=\"_blank\">Fabian Hamb\u00fcchen<\/a>, Para-Schwimmer <a href=\"https:\/\/plus.rtl.de\/video-tv\/shows\/lets-dance-145232\/die-promis-2025-1024200\/episode-4-taliso-engel-von-olympia-zu-lets-dance-1024214?utm_campaign=textlink&amp;utm_source=ntv&amp;utm_medium=owned&amp;utm_term=lets-dance-kandidaten&amp;utm_content=episode4\" rel=\"Follow nofollow noopener\" target=\"_blank\">Taliso Engel<\/a> und <a href=\"https:\/\/plus.rtl.de\/video-tv\/shows\/lets-dance-145232\/die-promis-2025-1024200\/episode-5-diego-pooth-ich-setze-voll-auf-den-ueberraschungseffekt-und-starke-waden-1024215?utm_campaign=textlink&amp;utm_source=ntv&amp;utm_medium=owned&amp;utm_term=lets-dance-kandidaten&amp;utm_content=episode5\" rel=\"Follow nofollow noopener\" target=\"_blank\">Diego Pooth<\/a> k\u00e4mpfen um den Titel &#8222;Dancing Star 2025&#8220;. <\/p>\n<p>Nat\u00fcrlich wird es im gro\u00dfen Finale auch ein Wiedersehen mit allen bereits ausgeschiedenen Prominenten und ihren jeweiligen Profi-Tanzpartnern geben. Einer wird dabei allerdings nicht wie sonst \u00fcblich mit viel Temperament \u00fcber das Parkett in K\u00f6ln Ossendorf wirbeln. Fanliebling Massimo Sinat\u00f3 f\u00e4llt verletzungsbedingt aus. Wie RTL bekannt gibt, hat der Profit\u00e4nzer durch einen Sturz eine Verletzung erlitten. Sinat\u00f3 hat sich &#8222;eine Kniegelenksdistorsion und einen Innenmeniskusriss zugezogen&#8220;, erkl\u00e4rt der K\u00f6lner Sender. <\/p>\n<p>Der &#8222;Let&#8217;s Dance&#8220;-Star hat sich auch selbst schon auf Instagram zu Wort gemeldet. In einer Story bedankt sich Sinat\u00f3 f\u00fcr die Genesungsw\u00fcnsche und schreibt: &#8222;Ich w\u00e4re so gerne im Finale und bei der Profi-Challenge dabei gewesen.&#8220; Er wolle aber &#8222;st\u00e4rker als je zuvor zur\u00fcckkommen&#8220;.<\/p>\n<p>Ersatz gefunden<\/p>\n<p>In der aktuellen Staffel tanzte Sinat\u00f3 mit Influencerin <a href=\"https:\/\/plus.rtl.de\/video-tv\/shows\/lets-dance-145232\/die-promis-2025-1024200\/episode-13-paola-maria-vom-social-media-star-zum-dancing-star-1024223?utm_campaign=textlink&amp;utm_source=ntv&amp;utm_medium=owned&amp;utm_term=lets-dance-kandidaten&amp;utm_content=episode13\" rel=\"Follow nofollow noopener\" target=\"_blank\">Paola Maria<\/a>. In Show f\u00fcnf war jedoch Schluss f\u00fcr das Paar. Einer sch\u00f6nen &#8222;Let&#8217;s Dance&#8220;-Tradition folgend h\u00e4tten sie in der Final-Show ihren Lieblingstanz noch einmal pr\u00e4sentieren sollen. F\u00fcr Sinat\u00f3 springt nun Profi-T\u00e4nzer Paul Lorenz ein. Der 38-J\u00e4hrige nahm in der Vergangenheit zwei Mal an &#8222;Let&#8217;s Dance&#8220; teil, tanzte mit &#8222;Punkt 12&#8220;-Moderatorin Katja Burkard und Model Eva Padberg.<\/p>\n<p>Zum ersten Mal in der &#8222;Let&#8217;s Dance&#8220;-Geschichte gibt es nur m\u00e4nnliche Finalisten. Hamb\u00fcchen, Engel und Pooth werden jeweils drei T\u00e4nze zeigen: einen von der Jury vorgegebenen Tanz, ihren Lieblingstanz aus der Staffel und einen Freestyle, der verschiedene Tanzstile kombiniert. <\/p>\n<p>RTL zeigt das &#8222;Let&#8217;s Dance&#8220;-Finale am 23. Mai ab 20.15 Uhr und parallel auf <a href=\"https:\/\/plus.rtl.de\/video-tv\/shows\/lets-dance-145232?utm_campaign=textlink&amp;utm_source=ntv&amp;utm_medium=owned&amp;utm_term=lets-dance&amp;utm_content=25785337\" rel=\"Follow nofollow noopener\" target=\"_blank\">RTL+ im Livestream<\/a>. Dort stehen auch alle vergangenen Staffeln der Tanzshow zum Streamen bereit.<\/p>\n","protected":false},"excerpt":{"rendered":"Massimo Sinat\u00f3 ist gest\u00fcrzt &#8222;Let&#8217;s Dance&#8220;-Profi f\u00e4llt im Finale aus 22.05.2025, 10:53 Uhr Artikel anh\u00f6ren Diese Audioversion wurde&hellip;\n","protected":false},"author":2,"featured_media":130573,"comment_status":"","ping_status":"","sticky":false,"template":"","format":"standard","meta":{"footnotes":""},"categories":[155],"tags":[29,214,15779,30,639,640,765,684,215],"class_list":{"0":"post-130572","1":"post","2":"type-post","3":"status-publish","4":"format-standard","5":"has-post-thumbnail","7":"category-unterhaltung","8":"tag-deutschland","9":"tag-entertainment","10":"tag-fabian-hambuechen","11":"tag-germany","12":"tag-lets-dance","13":"tag-rtl","14":"tag-rtlplus","15":"tag-tv","16":"tag-unterhaltung"},"share_on_mastodon":{"url":"https:\/\/pubeurope.com\/@de\/114551248818804739","error":""},"_links":{"self":[{"href":"https:\/\/www.europesays.com\/de\/wp-json\/wp\/v2\/posts\/130572","targetHints":{"allow":["GET"]}}],"collection":[{"href":"https:\/\/www.europesays.com\/de\/wp-json\/wp\/v2\/posts"}],"about":[{"href":"https:\/\/www.europesays.com\/de\/wp-json\/wp\/v2\/types\/post"}],"author":[{"embeddable":true,"href":"https:\/\/www.europesays.com\/de\/wp-json\/wp\/v2\/users\/2"}],"replies":[{"embeddable":true,"href":"https:\/\/www.europesays.com\/de\/wp-json\/wp\/v2\/comments?post=130572"}],"version-history":[{"count":0,"href":"https:\/\/www.europesays.com\/de\/wp-json\/wp\/v2\/posts\/130572\/revisions"}],"wp:featuredmedia":[{"embeddable":true,"href":"https:\/\/www.europesays.com\/de\/wp-json\/wp\/v2\/media\/130573"}],"wp:attachment":[{"href":"https:\/\/www.europesays.com\/de\/wp-json\/wp\/v2\/media?parent=130572"}],"wp:term":[{"taxonomy":"category","embeddable":true,"href":"https:\/\/www.europesays.com\/de\/wp-json\/wp\/v2\/categories?post=130572"},{"taxonomy":"post_tag","embeddable":true,"href":"https:\/\/www.europesays.com\/de\/wp-json\/wp\/v2\/tags?post=130572"}],"curies":[{"name":"wp","href":"https:\/\/api.w.org\/{rel}","templated":true}]}}