{"id":130681,"date":"2025-05-22T12:25:08","date_gmt":"2025-05-22T12:25:08","guid":{"rendered":"https:\/\/www.europesays.com\/de\/130681\/"},"modified":"2025-05-22T12:25:08","modified_gmt":"2025-05-22T12:25:08","slug":"pol-f-250522-0543-frankfurt-bundesautobahn-648-verkehrsunfall-mit-beteiligung","status":"publish","type":"post","link":"https:\/\/www.europesays.com\/de\/130681\/","title":{"rendered":"POL-F: 250522 &#8211; 0543 Frankfurt &#8211; Bundesautobahn 648: Verkehrsunfall mit Beteiligung &#8230;"},"content":{"rendered":"<p class=\"date\">22.05.2025 \u2013 14:16<\/p>\n<p class=\"customer\">\n                        <a class=\"story-customer\" title=\"weiter zum newsroom von Polizeipr\u00e4sidium Frankfurt am Main\" href=\"https:\/\/www.presseportal.de\/blaulicht\/nr\/4970\" rel=\"nofollow noopener\" target=\"_blank\">Polizeipr\u00e4sidium Frankfurt am Main<\/a>\n                    <\/p>\n<p><a data-category=\"citylink-story-view\" data-action=\"click\" data-label=\"Citylink in Meldungsansicht\" class=\"story-city event-trigger\" href=\"https:\/\/www.presseportal.de\/regional\/Frankfurt\" title=\"News aus Frankfurt \" rel=\"nofollow noopener\" target=\"_blank\">Frankfurt<\/a> (ots)<\/p>\n<p>(yi) Gestern (21. Mai 2025) ereignete sich ein Verkehrsunfall auf der Bundesautobahn 648 Richtung stadtausw\u00e4rts. Hierbei wurde niemand verletzt.<\/p>\n<p>Gegen 12:45 Uhr befuhr ein Polizeibeamter mit seinem Fahrzeug die BAB 648 in Fahrtrichtung Westkreuz. Sowohl der Fahrer, als auch sein Beifahrer bemerkten auf H\u00f6he der Kilometrierung 99,4 eine, auf der Gegenfahrbahn befindliche Person auf dem linken Fahrstreifen.<br \/>\nDie Beamten befuhren sodann die BAB 648 in Fahrtrichtung Stadtmitte mit Blaulicht und Martinshorn. Als sie bei der Person, welche sich in einem psychischen Ausnahmezustand befand ankamen, stiegen die Beamten bei noch eingeschaltetem Blaulicht auf der linken Fahrspur aus, um den 83-J\u00e4hrigen in Gewahrsam zu nehmen. W\u00e4hrenddessen fuhr ein 30-j\u00e4hriger VW Tiguan-Fahrer ebenfalls auf der linken Spur, \u00fcbersah vermutlich das Fahrzeug der Beamten und kollidierte mit diesem. Rettungskr\u00e4fte brachten den 83-J\u00e4hrigen in ein umliegendes Krankenhaus.<br \/>\nErsten Sch\u00e4tzungen zufolge entstand Sachschaden im oberen vierstelligen Bereich.<\/p>\n<p class=\"contact-headline\">R\u00fcckfragen bitte an:<\/p>\n<p class=\"contact-text\">Polizeipr\u00e4sidium Frankfurt am Main<br \/>Pressestelle<br \/>Adickesallee 70<br \/>60322 Frankfurt am Main<br \/>Telefon: 069 \/ 755-82110 (CvD)<br \/>Fax: 069 \/ 755-82009<br \/>E-Mail: <a href=\"https:\/\/www.presseportal.de\/blaulicht\/pm\/4970\/mailto: pressestelle.ppffm@polizei.hessen.de\" class=\"uri-mailto\" rel=\"nofollow noopener\" target=\"_blank\"> pressestelle.ppffm@polizei.hessen.de<\/a><br \/>Homepage Polizeipr\u00e4sidium Ffm.: <a target=\"_blank\" class=\"uri-ext outbound\" rel=\"noopener nofollow\" href=\"http:\/\/www.polizei.hessen.de\/ppffm\">http:\/\/www.polizei.hessen.de\/ppffm<\/a><\/p>\n<p class=\"originator\">Original-Content von: Polizeipr\u00e4sidium Frankfurt am Main, \u00fcbermittelt durch news aktuell<\/p>\n","protected":false},"excerpt":{"rendered":"22.05.2025 \u2013 14:16 Polizeipr\u00e4sidium Frankfurt am Main Frankfurt (ots) (yi) Gestern (21. Mai 2025) ereignete sich ein Verkehrsunfall&hellip;\n","protected":false},"author":2,"featured_media":108,"comment_status":"","ping_status":"","sticky":false,"template":"","format":"standard","meta":{"footnotes":""},"categories":[1829],"tags":[29,2050,2051,30,1087,2052,177,121,178,180,179,181],"class_list":{"0":"post-130681","1":"post","2":"type-post","3":"status-publish","4":"format-standard","5":"has-post-thumbnail","7":"category-frankfurt-am-main","8":"tag-deutschland","9":"tag-frankfurt","10":"tag-frankfurt-am-main","11":"tag-germany","12":"tag-he","13":"tag-hessen","14":"tag-kriminalitt","15":"tag-polizei","16":"tag-presse","17":"tag-pressemeldung","18":"tag-pressemitteilung","19":"tag-pressemitteilungen"},"share_on_mastodon":{"url":"https:\/\/pubeurope.com\/@de\/114551477025863929","error":""},"_links":{"self":[{"href":"https:\/\/www.europesays.com\/de\/wp-json\/wp\/v2\/posts\/130681","targetHints":{"allow":["GET"]}}],"collection":[{"href":"https:\/\/www.europesays.com\/de\/wp-json\/wp\/v2\/posts"}],"about":[{"href":"https:\/\/www.europesays.com\/de\/wp-json\/wp\/v2\/types\/post"}],"author":[{"embeddable":true,"href":"https:\/\/www.europesays.com\/de\/wp-json\/wp\/v2\/users\/2"}],"replies":[{"embeddable":true,"href":"https:\/\/www.europesays.com\/de\/wp-json\/wp\/v2\/comments?post=130681"}],"version-history":[{"count":0,"href":"https:\/\/www.europesays.com\/de\/wp-json\/wp\/v2\/posts\/130681\/revisions"}],"wp:featuredmedia":[{"embeddable":true,"href":"https:\/\/www.europesays.com\/de\/wp-json\/wp\/v2\/media\/108"}],"wp:attachment":[{"href":"https:\/\/www.europesays.com\/de\/wp-json\/wp\/v2\/media?parent=130681"}],"wp:term":[{"taxonomy":"category","embeddable":true,"href":"https:\/\/www.europesays.com\/de\/wp-json\/wp\/v2\/categories?post=130681"},{"taxonomy":"post_tag","embeddable":true,"href":"https:\/\/www.europesays.com\/de\/wp-json\/wp\/v2\/tags?post=130681"}],"curies":[{"name":"wp","href":"https:\/\/api.w.org\/{rel}","templated":true}]}}