{"id":130740,"date":"2025-05-22T12:57:11","date_gmt":"2025-05-22T12:57:11","guid":{"rendered":"https:\/\/www.europesays.com\/de\/130740\/"},"modified":"2025-05-22T12:57:11","modified_gmt":"2025-05-22T12:57:11","slug":"wechsel-an-der-agv-spitze-in-braunschweig-bernschneider-folgt-auf-niemsch","status":"publish","type":"post","link":"https:\/\/www.europesays.com\/de\/130740\/","title":{"rendered":"Wechsel an der AGV-Spitze in Braunschweig: Bernschneider folgt auf Niemsch"},"content":{"rendered":"<p><img decoding=\"async\" src=\"https:\/\/www.europesays.com\/de\/wp-content\/uploads\/2025\/05\/Niedersachse-des-Jahres-2024-15-780x439.png\" alt=\"\" class=\"wp-image-122994\"\/>Wolfgang Niemsch (links) geht, Florian Bernschneider folgt ihm nach. | Foto: AGV Braunschweig<\/p>\n<p><strong>Wolfgang Niemsch<\/strong>, Gesch\u00e4ftsf\u00fchrer von Lanico Maschinenbau aus Braunschweig, hat den Vorsitz des Arbeitgeberverbandes Region Braunschweig nach mehr als 22 Jahren abgegeben. Sein Nachfolger ist Florian Bernschneider, Vorstand der Baugenossenschaft Wiederaufbau, fr\u00fcherer Hauptgesch\u00e4ftsf\u00fchrer des Verbandes und von 2009 bis 2013 FDP-Bundestagsabgeordneter aus Niedersachsen. Niemsch stand seit 2003 an der Spitze des AGV. In seine Amtszeit fielen tiefgreifende Ver\u00e4nderungen der regionalen Industrie, insbesondere im Automobilsektor. Der Verband positionierte sich in dieser Zeit als fester Bestandteil des wirtschaftspolitischen Diskurses in der Region. Niemsch ist weiterhin als Pr\u00e4sident von Niedersachsen-Metall t\u00e4tig. Bernschneider k\u00fcndigte an, den Kurs seines Vorg\u00e4ngers fortzusetzen. Gemeinsam mit dem Team um Hauptgesch\u00e4ftsf\u00fchrer Lars Alt will er aber auch neue Impulse setzen. Dem neuen AGV-Vorstand geh\u00f6ren neben Bernschneider unter anderem Dirk Bode (Fme AG), Wibke Berger (Dachdecker-Einkauf Ost) und Andrea Glaub (Glaub Automation &amp; Engineering) an. In den Beirat wurden Alexandra Baum-Ceisig (Volkswagen Group Services), Tobias Henkel (Evangelische Stiftung Neuerkerode) und Michael Meier (Sonoco Metal Packaging) neu berufen.<\/p>\n","protected":false},"excerpt":{"rendered":"Wolfgang Niemsch (links) geht, Florian Bernschneider folgt ihm nach. | Foto: AGV Braunschweig Wolfgang Niemsch, Gesch\u00e4ftsf\u00fchrer von Lanico&hellip;\n","protected":false},"author":2,"featured_media":130741,"comment_status":"","ping_status":"","sticky":false,"template":"","format":"standard","meta":{"footnotes":""},"categories":[1850],"tags":[48552,48553,6429,3364,29,548,663,3934,30,13,14,15,1411,12],"class_list":{"0":"post-130740","1":"post","2":"type-post","3":"status-publish","4":"format-standard","5":"has-post-thumbnail","7":"category-braunschweig","8":"tag-agv","9":"tag-agv-braunschweig","10":"tag-braunschweig","11":"tag-de","12":"tag-deutschland","13":"tag-eu","14":"tag-europa","15":"tag-europe","16":"tag-germany","17":"tag-headlines","18":"tag-nachrichten","19":"tag-news","20":"tag-niedersachsen","21":"tag-schlagzeilen"},"share_on_mastodon":{"url":"https:\/\/pubeurope.com\/@de\/114551602720000963","error":""},"_links":{"self":[{"href":"https:\/\/www.europesays.com\/de\/wp-json\/wp\/v2\/posts\/130740","targetHints":{"allow":["GET"]}}],"collection":[{"href":"https:\/\/www.europesays.com\/de\/wp-json\/wp\/v2\/posts"}],"about":[{"href":"https:\/\/www.europesays.com\/de\/wp-json\/wp\/v2\/types\/post"}],"author":[{"embeddable":true,"href":"https:\/\/www.europesays.com\/de\/wp-json\/wp\/v2\/users\/2"}],"replies":[{"embeddable":true,"href":"https:\/\/www.europesays.com\/de\/wp-json\/wp\/v2\/comments?post=130740"}],"version-history":[{"count":0,"href":"https:\/\/www.europesays.com\/de\/wp-json\/wp\/v2\/posts\/130740\/revisions"}],"wp:featuredmedia":[{"embeddable":true,"href":"https:\/\/www.europesays.com\/de\/wp-json\/wp\/v2\/media\/130741"}],"wp:attachment":[{"href":"https:\/\/www.europesays.com\/de\/wp-json\/wp\/v2\/media?parent=130740"}],"wp:term":[{"taxonomy":"category","embeddable":true,"href":"https:\/\/www.europesays.com\/de\/wp-json\/wp\/v2\/categories?post=130740"},{"taxonomy":"post_tag","embeddable":true,"href":"https:\/\/www.europesays.com\/de\/wp-json\/wp\/v2\/tags?post=130740"}],"curies":[{"name":"wp","href":"https:\/\/api.w.org\/{rel}","templated":true}]}}