{"id":130838,"date":"2025-05-22T13:49:11","date_gmt":"2025-05-22T13:49:11","guid":{"rendered":"https:\/\/www.europesays.com\/de\/130838\/"},"modified":"2025-05-22T13:49:11","modified_gmt":"2025-05-22T13:49:11","slug":"haidhausen-feiert-was-beim-spielfest-in-der-temporaeren-fussgaengerzone-geboten-wird","status":"publish","type":"post","link":"https:\/\/www.europesays.com\/de\/130838\/","title":{"rendered":"Haidhausen feiert: Was beim Spielfest in der tempor\u00e4ren Fu\u00dfg\u00e4ngerzone geboten wird"},"content":{"rendered":"<p>Noch bis Ende Juli l\u00e4uft der Verkehrsversuch einer tempor\u00e4ren Fu\u00dfg\u00e4ngerzone in der Wei\u00dfenburger Stra\u00dfe in Haidhausen. Wie es danach weitergeht, ist noch offen. Die B\u00fcrgerinitiative Haidhausen f\u00fcr alle und der Verkehrsclub (VCD) M\u00fcnchen, die sich f\u00fcr eine dauerhafte Fu\u00dfg\u00e4ngerzone einsetzen, laden am kommenden Samstag zu einem Spielfest in die Wei\u00dfenburger Stra\u00dfe ein. Damit wollen sie auch zeigen, was f\u00fcr neue M\u00f6glichkeiten eine Fu\u00dfg\u00e4ngerzone bietet. <\/p>\n<p>Das Programm l\u00e4uft von 14 bis 17 Uhr zwischen Pariser und Wei\u00dfenburger Platz im Rahmen des Projekts \u201eGutes Leben im Quartier\u201c der M\u00fcnchner Initiative f\u00fcr Nachhaltigkeit (MIN). Ganz besonders richtet sich das Angebot an Kinder im Alter von 6 bis 12 Jahren, zwei Spiele sind auch speziell f\u00fcr Kleinkinder geeignet. Der Festespielbus des Spiellandschaft e. V. bringt bunte und attraktive Gro\u00dfbrettspiele aus Holz in die Fu\u00dfg\u00e4ngerzone mit. Mehr als zehn attraktive Spielstationen laden dazu ein, gleich loszuspielen. Hilfestellung durch das Team gibt\u2019s, wenn n\u00f6tig auch. Au\u00dferdem k\u00f6nnen die Kinder auch selbst kleine Spielger\u00e4te basteln.<\/p>\n<p>    <a href=\"https:\/\/www.abendzeitung-muenchen.de\/muenchen\/um-diese-fussgaengerzone-in-muenchen-gibt-es-streit-ehrenamtliche-bleiben-beharrlich-art-1047673\" data-mrf-recirculation=\"Artikel-Link\" target=\"_blank\" rel=\"noopener\"><img decoding=\"async\" loading=\"lazy\" src=\"https:\/\/www.europesays.com\/de\/wp-content\/uploads\/2025\/05\/1547866_mehrzumthema_1DWSG6_wTg8uZ.jpg\" alt=\"Viel Platz vor allem f\u00fcr Fu\u00dfg\u00e4nger bietet der Verkehrsversuch in der Wei\u00dfenburger Stra\u00dfe, zwischen Wei\u00dfenburger und Pariser Platz.\" title=\"Viel Platz vor allem f\u00fcr Fu\u00dfg\u00e4nger bietet der Verkehrsversuch in der Wei\u00dfenburger Stra\u00dfe, zwischen Wei\u00dfenburger und Pariser Platz.\" width=\"696\" height=\"390\"\/><\/a><\/p>\n<p>        <a href=\"https:\/\/www.abendzeitung-muenchen.de\/muenchen\/um-diese-fussgaengerzone-in-muenchen-gibt-es-streit-ehrenamtliche-bleiben-beharrlich-art-1047673\" data-mrf-recirculation=\"Artikel-Link\" target=\"_blank\" rel=\"noopener\">Um diese Fu\u00dfg\u00e4ngerzone gibt es Streit: Ehrenamtliche bleiben beharrlich        <\/a><\/p>\n<p>                X<\/p>\n<p>Sie haben den Artikel der Merkliste hinzugef\u00fcgt. <\/p>\n<p>                <a href=\"https:\/\/www.abendzeitung-muenchen.de\/meine-az\/merkliste\/\" title=\"Zur Merkliste\" target=\"_blank\" rel=\"noopener\"><br \/>\n                zur Merkliste<br \/>\n                <\/a>  <\/p>\n<p>    <a href=\"https:\/\/www.abendzeitung-muenchen.de\/muenchen\/friss-oder-stirb-haendler-laufen-gegen-fussgaengerzone-in-der-weissenburger-strasse-sturm-art-1052412\" data-mrf-recirculation=\"Artikel-Link\" target=\"_blank\" rel=\"noopener\"><img decoding=\"async\" loading=\"lazy\" src=\"https:\/\/www.europesays.com\/de\/wp-content\/uploads\/2025\/05\/1554968_christian-horn-in-der-weissenburger-strasse-fussgaengerzonen-findet-er-grun_mehrzumthema_1E2.jpeg;charset=utf-8\" alt=\"Christian Horn in der Wei\u00dfenburger Stra\u00dfe: Fu\u00dfg\u00e4ngerzonen findet er grunds\u00e4tzlich gut, diese hier aber verbesserungsw\u00fcrdig.\" title=\"Christian Horn in der Wei\u00dfenburger Stra\u00dfe: Fu\u00dfg\u00e4ngerzonen findet er grunds\u00e4tzlich gut, diese hier aber verbesserungsw\u00fcrdig.\" width=\"696\" height=\"390\"\/><\/a><\/p>\n<p>        <a href=\"https:\/\/www.abendzeitung-muenchen.de\/muenchen\/friss-oder-stirb-haendler-laufen-gegen-fussgaengerzone-in-der-weissenburger-strasse-sturm-art-1052412\" data-mrf-recirculation=\"Artikel-Link\" target=\"_blank\" rel=\"noopener\">Wei\u00dfenburger Stra\u00dfe in M\u00fcnchen: &#8222;Friss oder stirb \u2013 das geht nicht!&#8220;        <\/a><\/p>\n<p>                X<\/p>\n<p>Sie haben den Artikel der Merkliste hinzugef\u00fcgt. <\/p>\n<p>                <a href=\"https:\/\/www.abendzeitung-muenchen.de\/meine-az\/merkliste\/\" title=\"Zur Merkliste\" target=\"_blank\" rel=\"noopener\"><br \/>\n                zur Merkliste<br \/>\n                <\/a>  <\/p>\n<p>Aber auch f\u00fcr Jugendliche und Erwachsene wird\u2019s interessant, etwa beim Samenbomben basteln oder an den Infost\u00e4nden zu Themen wie Artenvielfalt und Mobilit\u00e4t. Musik gibt\u2019s auch. Au\u00dferdem ist die B\u00e4rin &#8222;Haidi&#8220; mit ihrem Wunschbaum unterwegs und sammelt Ideen und W\u00fcnsche der B\u00fcrger f\u00fcr die Wei\u00dfenburger Stra\u00dfe. <\/p>\n<p>Die B\u00fcrgerinitiative hat \u00fcbrigens Anfang April eine Petition f\u00fcr eine dauerhafte Fu\u00dfg\u00e4ngerzone im Abschnitt zwischen Wei\u00dfenburger Platz und Pariser Platz gestartet. \u00dcber 2000 Unterschriften sind bereits zusammengekommen ( haidhausenfueralle.de ).\u00a0<\/p>\n<p><img decoding=\"async\" src=\"https:\/\/www.europesays.com\/de\/wp-content\/uploads\/2025\/04\/muc_silhouette_short.svg.svg+xml\"\/><\/p>\n","protected":false},"excerpt":{"rendered":"Noch bis Ende Juli l\u00e4uft der Verkehrsversuch einer tempor\u00e4ren Fu\u00dfg\u00e4ngerzone in der Wei\u00dfenburger Stra\u00dfe in Haidhausen. Wie es&hellip;\n","protected":false},"author":2,"featured_media":130839,"comment_status":"","ping_status":"","sticky":false,"template":"","format":"standard","meta":{"footnotes":""},"categories":[1827],"tags":[772,29,3195,30,3192,1466,1268,3503,8926,48594,3193],"class_list":{"0":"post-130838","1":"post","2":"type-post","3":"status-publish","4":"format-standard","5":"has-post-thumbnail","7":"category-muenchen","8":"tag-bayern","9":"tag-deutschland","10":"tag-fussgaengerzone","11":"tag-germany","12":"tag-haidhausen","13":"tag-mobilitaet","14":"tag-muenchen","15":"tag-petition","16":"tag-stadtentwicklung","17":"tag-verkehrsversuch","18":"tag-weissenburger-strasse"},"share_on_mastodon":{"url":"https:\/\/pubeurope.com\/@de\/114551807381231964","error":""},"_links":{"self":[{"href":"https:\/\/www.europesays.com\/de\/wp-json\/wp\/v2\/posts\/130838","targetHints":{"allow":["GET"]}}],"collection":[{"href":"https:\/\/www.europesays.com\/de\/wp-json\/wp\/v2\/posts"}],"about":[{"href":"https:\/\/www.europesays.com\/de\/wp-json\/wp\/v2\/types\/post"}],"author":[{"embeddable":true,"href":"https:\/\/www.europesays.com\/de\/wp-json\/wp\/v2\/users\/2"}],"replies":[{"embeddable":true,"href":"https:\/\/www.europesays.com\/de\/wp-json\/wp\/v2\/comments?post=130838"}],"version-history":[{"count":0,"href":"https:\/\/www.europesays.com\/de\/wp-json\/wp\/v2\/posts\/130838\/revisions"}],"wp:featuredmedia":[{"embeddable":true,"href":"https:\/\/www.europesays.com\/de\/wp-json\/wp\/v2\/media\/130839"}],"wp:attachment":[{"href":"https:\/\/www.europesays.com\/de\/wp-json\/wp\/v2\/media?parent=130838"}],"wp:term":[{"taxonomy":"category","embeddable":true,"href":"https:\/\/www.europesays.com\/de\/wp-json\/wp\/v2\/categories?post=130838"},{"taxonomy":"post_tag","embeddable":true,"href":"https:\/\/www.europesays.com\/de\/wp-json\/wp\/v2\/tags?post=130838"}],"curies":[{"name":"wp","href":"https:\/\/api.w.org\/{rel}","templated":true}]}}