{"id":130857,"date":"2025-05-22T13:59:16","date_gmt":"2025-05-22T13:59:16","guid":{"rendered":"https:\/\/www.europesays.com\/de\/130857\/"},"modified":"2025-05-22T13:59:16","modified_gmt":"2025-05-22T13:59:16","slug":"justin-bieber-millionen-auf-dem-konto-aber-ein-loch-in-der-hose-unterhaltung","status":"publish","type":"post","link":"https:\/\/www.europesays.com\/de\/130857\/","title":{"rendered":"Justin Bieber: Millionen auf dem Konto, aber ein Loch in der Hose | Unterhaltung"},"content":{"rendered":"<p><b>Seine Ehefrau Hailey gl\u00e4nzt aktuell auf dem Cover der US-\u201eVogue\u201c, Justin Bieber selbst schlendert in Fetzen-Schlabberhose und oversized T-Shirt durch die Stra\u00dfen von West Hollywood. <\/b><\/p>\n<p>Erst gestern stichelte der S\u00e4nger auf Instagram gegen das Model und schrieb zu einer Foto-Reihe: W\u00e4hrend \u201eeines riesigen Streits\u201c habe er <a href=\"https:\/\/www.bild.de\/unterhaltung\/leute\/baldwin-hailey\/hailey-bieber-alle-infos-76663316.bild.html\" class=\"text-link\" rel=\"nofollow noopener\" target=\"_blank\">Hailey<\/a> einst gesagt, \u201edass sie es nie auf das Cover der ,Vogue\u2019 schaffen wird.\u201c Bieber erg\u00e4nzte: \u201eIch wei\u00df, so gemein.\u201c<\/p>\n<p><b>Nur Stunden sp\u00e4ter zeigt sich der Kanadier in einem von ihm so hei\u00df geliebten Schlabberlook.<\/b><\/p>\n<p><img decoding=\"async\" width=\"992\" height=\"641\" alt=\"Justin und Hailey Bieber (28) sind seit 2018 verheiratet und erleben seitdem ein st\u00e4ndiges Auf und Ab in ihrer Beziehung\" src=\"https:\/\/www.europesays.com\/de\/wp-content\/uploads\/2025\/05\/88eee67f020e5e88ff978903bd75d15e,a2530140\"   class=\"dynamic\" loading=\"lazy\"\/><\/p>\n<p class=\"fig__caption__text\">Justin und Hailey Bieber (28) sind seit 2018 verheiratet und erleben seitdem ein st\u00e4ndiges Auf und Ab in ihrer Beziehung<\/p>\n<p>Foto: Jordan Strauss\/dpa<\/p>\n<p><b>Unterwegs ist der \u201eBaby\u201c-S\u00e4nger auf dem hippen Sunset Strip in L.A. Auff\u00e4llig: die gro\u00dfen L\u00f6cher in seiner Hose. Da wird Justin (gesch\u00e4tztes Verm\u00f6gen rund 300 Millionen Dollar) in dem dicken Stoff immerhin nicht zu warm &#8230;<\/b><\/p>\n<p><img decoding=\"async\" width=\"992\" height=\"1488\" alt=\"Ob es S\u00e4nger Justin Bieber mit diesem Outfit wohl auf das Cover der \u201eVogue\u201c schaffen w\u00fcrde?\" src=\"https:\/\/www.europesays.com\/de\/wp-content\/uploads\/2025\/05\/02bf99d1fb72523784825a9611a69957,7c3aa299\"   class=\"dynamic\" loading=\"lazy\"\/><\/p>\n<p class=\"fig__caption__text\">Ob es S\u00e4nger Justin Bieber mit diesem Outfit wohl auf das Cover der \u201eVogue\u201c schaffen w\u00fcrde?<\/p>\n<p>Foto: action press<\/p>\n<p>Immer wieder muss der Musiker die Bieber-Buxe richten, um am Ende nicht unten ohne dazustehen. Warum er keinen G\u00fcrtel tr\u00e4gt? Weil er\u2019s locker mag! \u201eBelieber\u201c (so nennen sich seine Fans) wissen: <a href=\"https:\/\/www.bild.de\/unterhaltung\/leute\/justin-bieber\/justin-bieber-alle-infos-76662940.bild.html\" class=\"text-link\" rel=\"nofollow noopener\" target=\"_blank\">Justin Bieber<\/a> tr\u00e4gt seine \u00fcbergro\u00dfen Hosen schon seit Jahren auf halb acht.<\/p>\n<p>Lesen Sie auchNicht nur die Fetzen-Jeans sticht heraus<\/p>\n<p>Zur XXL-L\u00f6cher-Hose kombiniert Justin fluffige blaue Schuhe. Die Mode-Marke? Seine eigene! Die hei\u00dft SKYLRK, ist brandneu und f\u00fcr Fans noch nicht erh\u00e4ltlich. Wann die Klamotten in die L\u00e4den kommen \u2013\u00a0unbekannt. Dank der Fotos aus L.A. gibt&#8217;s jetzt aber immerhin einen Vorgeschmack auf die Bieber-Looks.<\/p>\n<p><img decoding=\"async\" width=\"992\" height=\"1323\" alt=\"Fans lieben ihn zwar so, wie er ist und da \u00e4ndert auch kein l\u00e4ssiger Schlabber-Look etwas, aber vielleicht k\u00f6nnte er sich auch den ein oder anderen Styling Tipp von seiner Frau Hailey abholen\" src=\"https:\/\/www.europesays.com\/de\/wp-content\/uploads\/2025\/05\/96eaecab1c8b19c65c5b2f8b1416828c,539ffa99\"   class=\"dynamic\" loading=\"lazy\"\/><\/p>\n<p class=\"fig__caption__text\">Fans lieben ihn zwar so, wie er ist \u2013 und da \u00e4ndert auch kein l\u00e4ssiger Schlabberlook etwas. Styling-Tipps von seiner Frau Hailey Bieber k\u00f6nnte sich Justin ja trotzdem abholen<\/p>\n<p>Foto: GC Images<\/p>\n","protected":false},"excerpt":{"rendered":"Seine Ehefrau Hailey gl\u00e4nzt aktuell auf dem Cover der US-\u201eVogue\u201c, Justin Bieber selbst schlendert in Fetzen-Schlabberhose und oversized&hellip;\n","protected":false},"author":2,"featured_media":130858,"comment_status":"","ping_status":"","sticky":false,"template":"","format":"standard","meta":{"footnotes":""},"categories":[1776],"tags":[47832,5274,1801,29,214,30,1292,152,1802,45,215,47834],"class_list":{"0":"post-130857","1":"post","2":"type-post","3":"status-publish","4":"format-standard","5":"has-post-thumbnail","7":"category-prominente","8":"tag-baldwin-hailey","9":"tag-bieber-justin","10":"tag-celebrities","11":"tag-deutschland","12":"tag-entertainment","13":"tag-germany","14":"tag-hochzeit","15":"tag-instagram","16":"tag-prominente","17":"tag-texttospeech","18":"tag-unterhaltung","19":"tag-vogue"},"share_on_mastodon":{"url":"https:\/\/pubeurope.com\/@de\/114551846680921599","error":""},"_links":{"self":[{"href":"https:\/\/www.europesays.com\/de\/wp-json\/wp\/v2\/posts\/130857","targetHints":{"allow":["GET"]}}],"collection":[{"href":"https:\/\/www.europesays.com\/de\/wp-json\/wp\/v2\/posts"}],"about":[{"href":"https:\/\/www.europesays.com\/de\/wp-json\/wp\/v2\/types\/post"}],"author":[{"embeddable":true,"href":"https:\/\/www.europesays.com\/de\/wp-json\/wp\/v2\/users\/2"}],"replies":[{"embeddable":true,"href":"https:\/\/www.europesays.com\/de\/wp-json\/wp\/v2\/comments?post=130857"}],"version-history":[{"count":0,"href":"https:\/\/www.europesays.com\/de\/wp-json\/wp\/v2\/posts\/130857\/revisions"}],"wp:featuredmedia":[{"embeddable":true,"href":"https:\/\/www.europesays.com\/de\/wp-json\/wp\/v2\/media\/130858"}],"wp:attachment":[{"href":"https:\/\/www.europesays.com\/de\/wp-json\/wp\/v2\/media?parent=130857"}],"wp:term":[{"taxonomy":"category","embeddable":true,"href":"https:\/\/www.europesays.com\/de\/wp-json\/wp\/v2\/categories?post=130857"},{"taxonomy":"post_tag","embeddable":true,"href":"https:\/\/www.europesays.com\/de\/wp-json\/wp\/v2\/tags?post=130857"}],"curies":[{"name":"wp","href":"https:\/\/api.w.org\/{rel}","templated":true}]}}