{"id":130865,"date":"2025-05-22T14:03:12","date_gmt":"2025-05-22T14:03:12","guid":{"rendered":"https:\/\/www.europesays.com\/de\/130865\/"},"modified":"2025-05-22T14:03:12","modified_gmt":"2025-05-22T14:03:12","slug":"neuer-markenauftritt-fuer-radio-nrw-1live-feiert-mit-doku","status":"publish","type":"post","link":"https:\/\/www.europesays.com\/de\/130865\/","title":{"rendered":"Neuer Markenauftritt f\u00fcr Radio NRW, 1Live feiert mit Doku"},"content":{"rendered":"<p>\t\t\t\t\t\t\tAudio-Update vom 22. Mai<\/p>\n<p>\t\t\t\t\t    \t<img decoding=\"async\" src=\"https:\/\/www.europesays.com\/de\/wp-content\/uploads\/2025\/05\/1747907479_radio-nrw.jpg\" width=\"100%\" height=\"370\" title=\"Radio NRW\" alt=\"Radio NRW\"\/><br \/>\n\t\t\t\t\t\t    \u00a9 Radio NRW<\/p>\n<p class=\"teaser\">Radio NRW legt sich einen neuen Markenauftritt zu. Im Zuge dessen kommt k\u00fcnftig auch ein Verbund-Logo f\u00fcr die Lokalradios zum Einsatz. Au\u00dferdem: Podimo verpflichtet fr\u00fchere Amazon-Managerin und 1Live feiert Geburtstag mit bewegten Bildern.<\/p>\n<p>\t\t\t\t\t\t\t\t<img decoding=\"async\" src=\"https:\/\/www.europesays.com\/de\/wp-content\/uploads\/2025\/05\/autor_alex_21.png\" width=\"100%\"\/>von <a class=\"mailer\" href=\"https:\/\/www.dwdl.de\/features\/mailer\/index.php?storyid=102478\" rel=\"nofollow noopener\" target=\"_blank\">Alexander Krei <\/a><br \/>\n\t\t\t\t\t\t\t\t\tam 22.05.2025 &#8211; 12:18 Uhr<\/p>\n<p>\t\t\t\t<img decoding=\"async\" src=\"https:\/\/www.europesays.com\/de\/wp-content\/uploads\/2025\/05\/1747907465_radio-nrw.jpg\" alt=\"Radio NRW\" title=\"Radio NRW\" width=\"100%\"\/><br \/>\n\t\t\t\t\u00a9 Radio NRW<\/p>\n<p>\t\t\tDer <strong>Lokalfunk in Nordrhein-Westfalen<\/strong> hat sich einen<strong> neuen Markenauftritt<\/strong> zugelegt.\u00a0Die D\u00fcsseldorfer Agentur<strong> rumblefish<\/strong> entwickelte in einem ersten Schritt ein <strong>neues Verbund-Logo<\/strong> f\u00fcr die NRW-Lokalradios. Dieses soll etwa bei Events, Promotions und Programm-Aktionen zum Einsatz kommen, also immer dann, wenn mehrere oder alle Lokalradios zusammen als Radionetzwerk agieren. Zentrales visuelles Element des neuen Verbundlogos ist ein <strong>Ring mit einem Farbverlauf<\/strong>, der die Farbenvielfalt der 45 Lokalradio-Logos widerspiegeln und eine harmonische Verbindung zum Look &amp; Feel eines jeden einzelnen Senderlogos schaffen soll. Im Zuge dessen verabschiedet sich Radio NRW von seiner <strong>bisherigen gr\u00fcn-roten Farbgebung<\/strong> &#8211; um es &#8222;als integralen Bestandteil des NRW-Lokalfunks k\u00fcnftig auch optisch sichtbar zu machen&#8220;, wie es hei\u00dft. Das ist ein echter Einschnitt, denn die bisherigen Farben waren <strong>seit der Gr\u00fcndung im Jahr 1989 pr\u00e4gend<\/strong>. &#8222;Dass wir mit einem neuen Markenauftritt an den Start gehen, freut uns sehr. Er ist f\u00fcr uns mehr als ein optisches Refresh des Verbund- und des Radio NRW-Logos&#8220;, so <strong>Marco Morocutti, Gesch\u00e4ftsf\u00fchrer von Radio NRW<\/strong>. &#8222;Der Relaunch ist auch ein wichtiges strategisches Instrument, mit dem wir ein eindr\u00fcckliches Zeichen f\u00fcr einen starken NRW-Lokalfunk setzen. Er unterstreicht das kraftvolle Miteinander von 45 NRW-Lokalradios und Radio NRW, das wir k\u00fcnftig auch optisch selbstbewusst nach au\u00dfen tragen werden.&#8220;&#13;<br \/>\n&#13;<\/p>\n<p>\t\t\t\t<img decoding=\"async\" src=\"https:\/\/www.europesays.com\/de\/wp-content\/uploads\/2025\/05\/1747908663_georgia-brown.jpg\" alt=\"Georgia Brown\" title=\"Georgia Brown\" width=\"100%\"\/><br \/>\n\t\t\t\t\u00a9 Podimo<\/p>\n<p>\t\t\t<strong>Podimo<\/strong> macht <strong>Georgia Brown<\/strong> zur<strong> Chief Content Officer<\/strong>. Als fr\u00fchere Leiterin von <strong>Amazon Studios Europe<\/strong> baute sie die Pr\u00e4senz des Unternehmens auf sieben M\u00e4rkte aus, davor war sie auch f\u00fcr Fremantle, die Shine Group und BBC Worldwide t\u00e4tig. Bei Podimo wiederum soll Brown in globaler F\u00fchrungsrolle nun die <strong>Content-Strategie f\u00fcr die Abonnement-Plattform<\/strong> sowie die neu gegr\u00fcndete <strong>Studios-Sparte<\/strong> verantworten. Daf\u00fcr wird sie die Produktion und den weltweiten Rollout von Originalinhalten in den Bereichen Podcasts, Video und digitale Formate leiten. Ziel ist es, neue Einnahmequellen f\u00fcr Kreative, Verlage und Talente zu erschlie\u00dfen. Gleichzeitig sollen die \u00fcbernommenen Unternehmen Podads, Tonny Media und Dag en Nacht Media k\u00fcnftig unter dem Dach der Podimo Studios operieren. Verpflichtet wurde Georgia Brown wurde von <strong>Sachin Doshi<\/strong>, dem bisherigen Chief Content Officer, der im September von seiner Rolle zur\u00fccktreten will, aber dem Podimo-Vorstand beitreten und das Unternehmen weiterhin beratend unterst\u00fctzen soll. &#8222;Mit Georgia an der kreativen Spitze und gest\u00fctzt durch unsere starke technologische und produktseitige Basis positionieren wir uns als f\u00fchrende Kraft im Premium-Storytelling und in der Plattform-Innovation. Wir danken Sachin f\u00fcr den Aufbau eines so starken Fundaments und freuen uns auf die weitere Zusammenarbeit in seiner neuen Rolle&#8220;, so <strong>Morten Strunge, Podimo-Gr\u00fcnder und CEO<\/strong>.&#13;<\/p>\n<p>\t\t\t\t<img decoding=\"async\" src=\"https:\/\/www.europesays.com\/de\/wp-content\/uploads\/2025\/05\/1747907817_1live-macht-stars---die-story.jpg\" alt=\"1Live macht Stars - Die Story\" title=\"1Live macht Stars - Die Story\" width=\"100%\"\/><br \/>\n\t\t\t\t\u00a9 WDR\/Thomas von der Heiden\/Lucas Christiansen<\/p>\n<p>\t\t\tAuch wenn der 30. Geburtstag streng genommen schon einige Wochen zur\u00fcckliegt, schiebt der <strong>WDR<\/strong> jetzt noch einmal eine<strong> dreiteilige Doku \u00fcber die junge H\u00f6rfunkwelle 1Live <\/strong>hinterher. Seit Mittwoch steht <strong>&#8222;1Live macht Stars &#8211; Die Story&#8220;<\/strong> in der ARD-Mediathek zum Abruf bereit, das WDR zeigt sie au\u00dferdem am Freitag ab 0:40 Uhr sowie in einer 90-min\u00fctigen TV-Fassung am Samstag, den 14. Juni um 20:15 Uhr. Moderiert von <strong>Freddie Sch\u00fcrheck<\/strong>, soll die Doku von denen erz\u00e4hlen, die den Sender On Air gepr\u00e4gt haben, leiten oder erfunden haben, darunter Michael Imhof, Olli Briesch, Sabine Heinrich, Thorsten Schorn, JC Zeller, Matthias Opdenh\u00f6vel, Schiwa Schlei und Jochen Rausch. Der WDR verspricht eine &#8222;Zeitreise durch die Geschichte des Radiosenders&#8220; mit &#8222;kaum ver\u00f6ffentlichtem Archivmaterial&#8220;.&#13;<\/p>\n<p>\t\t\t\t<img decoding=\"async\" src=\"https:\/\/www.europesays.com\/de\/wp-content\/uploads\/2025\/05\/1621502621_klassik-radio.jpg\" alt=\"Klassik Radio\" title=\"Klassik Radio\" width=\"100%\"\/><br \/>\n\t\t\t\t\u00a9 Klassik Radio<\/p>\n<p>\t\t\t<strong>Klassik Radio<\/strong> wird sich 2026 von der<strong> UKW-Verbreitung in Bayern verabschieden<\/strong>. Das Programm soll jedoch landesweit \u00fcber<strong> DAB+<\/strong>, per App- und Web-Streaming sowie \u00fcber Kabel und Satellit empfangbar bleiben. Seit 2012 hat Klassik Radio <strong>bereits \u00fcber 30 UKW-Frequenzen abgeschaltet<\/strong>. Diese freiwilligen R\u00fcckgaben seien ein &#8222;Meilenstein der Digitalisierung des Radios in Deutschland&#8220;, so <strong>Ulrich Kubak, Gr\u00fcnder und CEO des Senders<\/strong>. &#8222;W\u00e4hrend sich viele Radiosender immer noch an der analogen UKW-Verbreitung festklammern, gestalten wir seit 13 Jahren mit einer ambitionierten Digital-Strategie die Audio-Zukunft. Auf diesem Weg haben wir bisher einen<strong> zweistelligen Millionenbetrag<\/strong> in den \u00dcbergang von UKW auf DAB+ aus Eigenmitteln investiert.&#8220; <strong>Thorsten Schmiege, Pr\u00e4sident der Bayerischen Landeszentrale f\u00fcr neue Medien (BLM)<\/strong>,<strong> <\/strong>erkl\u00e4rte, der Schritt sei &#8222;mutig, weil UKW auch in Bayern derzeit noch eine hohe Relevanz beim Radioempfang hat. Gleichzeitig ist dieser Schritt konsequent, wenn man &#8211; wie ich &#8211; von einer guten Zukunft f\u00fcr Radio in einer digitalen Audiowelt \u00fcberzeugt ist. Und diese Zukunft funktioniert vor allem auf DAB+&#8220;, so Schmiege.\t<\/p>\n<p>\n\t\t\t\t\t\t\t\t\tNeuer Markenauftritt f\u00fcr Radio NRW, 1Live feiert mit Doku\n\t\t\t\t\t\t\t\t<\/p>\n<p>\n\t\t\t\t\t\t\tURL zu diesem Artikel: https:\/\/www.dwdl.de\/audioupdate\/102478\/neuer_markenauftritt_fuer_radio_nrw_1live_feiert_mit_doku\/<br \/>\n\t\t\t\t\t\t\t&amp;copy DWDL.de GmbH, 2001-2025\n\t\t\t\t\t\t<\/p>\n","protected":false},"excerpt":{"rendered":"Audio-Update vom 22. Mai \u00a9 Radio NRW Radio NRW legt sich einen neuen Markenauftritt zu. Im Zuge dessen&hellip;\n","protected":false},"author":2,"featured_media":130866,"comment_status":"","ping_status":"","sticky":false,"template":"","format":"standard","meta":{"footnotes":""},"categories":[1772],"tags":[29,214,30,1779,810,215],"class_list":{"0":"post-130865","1":"post","2":"type-post","3":"status-publish","4":"format-standard","5":"has-post-thumbnail","7":"category-musik","8":"tag-deutschland","9":"tag-entertainment","10":"tag-germany","11":"tag-music","12":"tag-musik","13":"tag-unterhaltung"},"share_on_mastodon":{"url":"https:\/\/pubeurope.com\/@de\/114551862752187472","error":""},"_links":{"self":[{"href":"https:\/\/www.europesays.com\/de\/wp-json\/wp\/v2\/posts\/130865","targetHints":{"allow":["GET"]}}],"collection":[{"href":"https:\/\/www.europesays.com\/de\/wp-json\/wp\/v2\/posts"}],"about":[{"href":"https:\/\/www.europesays.com\/de\/wp-json\/wp\/v2\/types\/post"}],"author":[{"embeddable":true,"href":"https:\/\/www.europesays.com\/de\/wp-json\/wp\/v2\/users\/2"}],"replies":[{"embeddable":true,"href":"https:\/\/www.europesays.com\/de\/wp-json\/wp\/v2\/comments?post=130865"}],"version-history":[{"count":0,"href":"https:\/\/www.europesays.com\/de\/wp-json\/wp\/v2\/posts\/130865\/revisions"}],"wp:featuredmedia":[{"embeddable":true,"href":"https:\/\/www.europesays.com\/de\/wp-json\/wp\/v2\/media\/130866"}],"wp:attachment":[{"href":"https:\/\/www.europesays.com\/de\/wp-json\/wp\/v2\/media?parent=130865"}],"wp:term":[{"taxonomy":"category","embeddable":true,"href":"https:\/\/www.europesays.com\/de\/wp-json\/wp\/v2\/categories?post=130865"},{"taxonomy":"post_tag","embeddable":true,"href":"https:\/\/www.europesays.com\/de\/wp-json\/wp\/v2\/tags?post=130865"}],"curies":[{"name":"wp","href":"https:\/\/api.w.org\/{rel}","templated":true}]}}