{"id":130881,"date":"2025-05-22T14:11:09","date_gmt":"2025-05-22T14:11:09","guid":{"rendered":"https:\/\/www.europesays.com\/de\/130881\/"},"modified":"2025-05-22T14:11:09","modified_gmt":"2025-05-22T14:11:09","slug":"staatsbuergerschaft-eine-ekelhafte-rede-afd-vorstoss-im-bundestag-sorgt-fuer-empoerung","status":"publish","type":"post","link":"https:\/\/www.europesays.com\/de\/130881\/","title":{"rendered":"Staatsb\u00fcrgerschaft: \u201eEine ekelhafte Rede\u201c \u2013 AfD-Vorsto\u00df im Bundestag sorgt f\u00fcr Emp\u00f6rung"},"content":{"rendered":"<p>Die AfD pl\u00e4diert f\u00fcr eine am Interesse des Gemeinwesens orientierte \u201eErmessenseinb\u00fcrgerung\u201c. Gr\u00fcne und Union halten dagegen. Die \u201eTurbo-Einb\u00fcrgerung\u201c der Ampel-Regierung wird ohnehin abgewickelt.<\/p>\n<p class=\"is-first-paragraph\" data-external=\"Article.FirstParagraph\">Die AfD will den Anspruch auf Einb\u00fcrgerung auch f\u00fcr gut integrierte Ausl\u00e4nder abschaffen. Ein entsprechender Vorschlag der AfD-Bundestagsfraktion stie\u00df bei allen anderen Fraktionen im Parlament auf teils heftigen Widerspruch und Emp\u00f6rung.<\/p>\n<p>Im Antrag der AfD, der zur weiteren Beratung an den Innenausschuss verwiesen wurde, hei\u00dft es unter anderem, die Anspruchseinb\u00fcrgerung solle aus dem Staatsangeh\u00f6rigkeitsrecht gestrichen werden und durch eine \u201eam Interesse des Gemeinwesens ausgerichtete Ermessenseinb\u00fcrgerung ersetzt\u201c werden, die fr\u00fchestens nach zehn Jahren legalen Aufenthalts in Deutschland erfolgen k\u00f6nne.<\/p>\n<p>Die Gr\u00fcnen-Abgeordnete Filiz Polat sagte: \u201eDas Bundesverfassungsgericht im NPD-Verbotsverfahren 2017 ist hier eindeutig: Wenn eine Partei wie die AfD zwischen indigenen Deutschen und Passdeutschen unterscheidet, wenn sie dar\u00fcber schwadroniert, wer angeblich Tr\u00e4ger deutscher Kultur ist und wer nicht, dann ist sie gesichert auf dem Weg zum Parteiverbot.\u201c<\/p>\n<p>\u201eWas war das f\u00fcr eine ekelhafte Rede\u201c<\/p>\n<p>CDU, CSU und SPD haben sich in ihrem Koalitionsvertrag darauf geeinigt, die von der Ampel-Koalition eingef\u00fchrte <a class=\"is-link c-block-items__link c-link--rich-text-renderer\" href=\"https:\/\/www.welt.de\/politik\/deutschland\/article252176382\/Deutsche-Staatsangehoerigkeit-Erwarten-2024-erheblich-steigende-Zahlen-bei-Einbuergerungen.html\" data-internal-tracking-enabled=\"true\" data-internal-tracking=\"{&quot;action&quot;:&quot;click&quot;,&quot;label&quot;:&quot;link&quot;,&quot;name&quot;:&quot;Inline Element&quot;,&quot;data&quot;:{&quot;source&quot;:&quot;&quot;,&quot;target&quot;:&quot;https:\/\/www.welt.de\/politik\/deutschland\/article252176382\/Deutsche-Staatsangehoerigkeit-Erwarten-2024-erheblich-steigende-Zahlen-bei-Einbuergerungen.html&quot;,&quot;trackingName&quot;:&quot;&quot;,&quot;trackingLabel&quot;:&quot;&quot;}}\" target=\"_blank\" rel=\"noopener\">\u201eTurbo-Einb\u00fcrgerung\u201c<\/a> nach drei Jahren f\u00fcr besonders gut integrierte Menschen wieder abzuschaffen. An der aktuellen Wartefrist f\u00fcr eine normale Einb\u00fcrgerung nach f\u00fcnf Jahren h\u00e4lt die schwarz-rote Koalition fest. Eingeb\u00fcrgert wird nur, wer alle Voraussetzungen \u2013 etwa in Bezug auf Sprachkenntnisse und die Sicherung des Lebensunterhalts \u2013 erf\u00fcllt.<\/p>\n<p>F\u00fcr die AfD trug das Vorhaben Gottfried Curio vor. Er sagte mit Blick auf syrische Fl\u00fcchtlinge: \u201eMit dem praktisch unver\u00e4nderten Staatsb\u00fcrgerschaftsrecht wird der Aufenthalt dieser Gruppe mittels Masseneinb\u00fcrgerung irreversibel werden.\u201c<\/p>\n<p>Der Unionsabgeordnete Detlef Seif kritisierte Curio. Der CDU-Politiker sagte: \u201eWas war das f\u00fcr eine ekelhafte Rede.\u201c Ferat Kocak (Linke) forderte die Staatsangeh\u00f6rigkeit f\u00fcr alle, die in Deutschland geboren sind. Er warf der AfD vor, sie wolle die Gesellschaft spalten.<\/p>\n<p>dpa\/luz<\/p>\n","protected":false},"excerpt":{"rendered":"Die AfD pl\u00e4diert f\u00fcr eine am Interesse des Gemeinwesens orientierte \u201eErmessenseinb\u00fcrgerung\u201c. Gr\u00fcne und Union halten dagegen. Die \u201eTurbo-Einb\u00fcrgerung\u201c&hellip;\n","protected":false},"author":2,"featured_media":130882,"comment_status":"","ping_status":"","sticky":false,"template":"","format":"standard","meta":{"footnotes":""},"categories":[2],"tags":[186,48611,29,48613,30,13,48612,14,15,110,12,10,8,9,11],"class_list":{"0":"post-130881","1":"post","2":"type-post","3":"status-publish","4":"format-standard","5":"has-post-thumbnail","7":"category-deutschland","8":"tag-afd","9":"tag-bundesregierung-ks","10":"tag-deutschland","11":"tag-einbuergerungen-ks","12":"tag-germany","13":"tag-headlines","14":"tag-migration-ks","15":"tag-nachrichten","16":"tag-news","17":"tag-newsteam","18":"tag-schlagzeilen","19":"tag-top-news","20":"tag-top-meldungen","21":"tag-topmeldungen","22":"tag-topnews"},"share_on_mastodon":{"url":"https:\/\/pubeurope.com\/@de\/114551893792107344","error":""},"_links":{"self":[{"href":"https:\/\/www.europesays.com\/de\/wp-json\/wp\/v2\/posts\/130881","targetHints":{"allow":["GET"]}}],"collection":[{"href":"https:\/\/www.europesays.com\/de\/wp-json\/wp\/v2\/posts"}],"about":[{"href":"https:\/\/www.europesays.com\/de\/wp-json\/wp\/v2\/types\/post"}],"author":[{"embeddable":true,"href":"https:\/\/www.europesays.com\/de\/wp-json\/wp\/v2\/users\/2"}],"replies":[{"embeddable":true,"href":"https:\/\/www.europesays.com\/de\/wp-json\/wp\/v2\/comments?post=130881"}],"version-history":[{"count":0,"href":"https:\/\/www.europesays.com\/de\/wp-json\/wp\/v2\/posts\/130881\/revisions"}],"wp:featuredmedia":[{"embeddable":true,"href":"https:\/\/www.europesays.com\/de\/wp-json\/wp\/v2\/media\/130882"}],"wp:attachment":[{"href":"https:\/\/www.europesays.com\/de\/wp-json\/wp\/v2\/media?parent=130881"}],"wp:term":[{"taxonomy":"category","embeddable":true,"href":"https:\/\/www.europesays.com\/de\/wp-json\/wp\/v2\/categories?post=130881"},{"taxonomy":"post_tag","embeddable":true,"href":"https:\/\/www.europesays.com\/de\/wp-json\/wp\/v2\/tags?post=130881"}],"curies":[{"name":"wp","href":"https:\/\/api.w.org\/{rel}","templated":true}]}}