{"id":130914,"date":"2025-05-22T14:28:26","date_gmt":"2025-05-22T14:28:26","guid":{"rendered":"https:\/\/www.europesays.com\/de\/130914\/"},"modified":"2025-05-22T14:28:26","modified_gmt":"2025-05-22T14:28:26","slug":"nordrhein-westfalen-lkw-unfall-a2-zwischen-herford-und-bielefeld-wieder-frei","status":"publish","type":"post","link":"https:\/\/www.europesays.com\/de\/130914\/","title":{"rendered":"Nordrhein-Westfalen: Lkw-Unfall: A2 zwischen Herford und Bielefeld wieder frei"},"content":{"rendered":"<p class=\"metatextline\">Stand: 22.05.2025 14:56 Uhr<\/p>\n<p class=\"textabsatz columns twelve  m-ten  m-offset-one l-eight l-offset-two\">\n        <strong><strong>Die A2 ist zwischen Herford und Bielefeld wieder frei. Dort hatte es am Morgen einen schweren Lkw-Unfall gegeben. Bis zum Mittag war die Fahrbahn Richtung Ruhrgebiet komplett gesperrt.<\/strong><\/strong>\n    <\/p>\n<p class=\"textabsatz m-ten m-offset-one l-eight l-offset-two columns twelve\">\nZwischen den Anschlussstellen Herford-Bad Salzuflen und Ostwestfalen-Lippe waren zwei Lkw zusammengesto\u00dfen. Die Fahrer hatten Gl\u00fcck: Der Fahrer des DHL-Lastwagens erlitt nach Polizeiangaben leichte Verletzungen, der andere blieb sogar unverletzt.<\/p>\n<p class=\"textabsatz m-ten m-offset-one l-eight l-offset-two columns twelve\">\nDer Fahrer des Paketlasters hatte gegen 1.15 Uhr offenbar einen stehenden Lastwagen auf dem Seitenstreifen der A2 zu sp\u00e4t gesehen. Der belgische 40-Tonner auf dem Standstreifen war vollbeladen mit St\u00e4rke und Backpulver.<\/p>\n<p class=\"textabsatz m-ten m-offset-one l-eight l-offset-two columns twelve\">\nDurch den Aufprall wurden diese Ladung und die DHL-Pakete quer \u00fcber die Fahrbahn verteilt. Deswegen blieb die Autobahn in Fahrtrichtung Ruhrgebiet wegen der aufw\u00e4ndigen Aufr\u00e4umarbeiten bis in die Vormittagsstunden gesperrt.<\/p>\n<p class=\"textabsatz m-ten m-offset-one l-eight l-offset-two columns twelve\">\nBis dahin gab es Stau vor der Sperrung, und auch die Ausweichstrecke war gut ausgelastet.<\/p>\n<p class=\"textabsatz m-ten m-offset-one l-eight l-offset-two columns twelve\">\nDer belgische Lastwagen stand kurz hinter dem Rastplatz Lipperland-Nord auf dem Standstreifen. Die Polizei ermittelt, ob der Fahrer wegen Ruhezeiten pausieren musste und auf der Rastst\u00e4tte kein Stellplatz mehr frei war.<\/p>\n<p>    Unsere Quellen:<\/p>\n<ul class=\"bulletpoint-list \">\n<li>Polizei Bielefeld<\/li>\n<li>Videoreporter vor Ort<\/li>\n<li>WDR-Verkehrsstudio<\/li>\n<\/ul>\n<p>                                        <a class=\"backlink__link\" href=\"https:\/\/www1.wdr.de\/nachrichten\/westfalen-lippe\/unfall-a2-lastwagen-bielefeld-100.html\" rel=\"nofollow noopener\" target=\"_blank\"><\/p>\n<p>                                                <img loading=\"lazy\" decoding=\"async\" alt=\"Westdeutscher Rundfunk\" src=\"https:\/\/www.europesays.com\/de\/wp-content\/uploads\/2025\/04\/lra-wdr-logo-100.svg.svg+xml\" height=\"40\" width=\"40\"\/><\/p>\n<p>                                        <\/a><\/p>\n","protected":false},"excerpt":{"rendered":"Stand: 22.05.2025 14:56 Uhr Die A2 ist zwischen Herford und Bielefeld wieder frei. Dort hatte es am Morgen&hellip;\n","protected":false},"author":2,"featured_media":130915,"comment_status":"","ping_status":"","sticky":false,"template":"","format":"standard","meta":{"footnotes":""},"categories":[1841],"tags":[1605,3364,29,30,1209,225],"class_list":{"0":"post-130914","1":"post","2":"type-post","3":"status-publish","4":"format-standard","5":"has-post-thumbnail","7":"category-bielefeld","8":"tag-bielefeld","9":"tag-de","10":"tag-deutschland","11":"tag-germany","12":"tag-nordrhein-westfalen","13":"tag-wdr"},"share_on_mastodon":{"url":"https:\/\/pubeurope.com\/@de\/114551960605496251","error":""},"_links":{"self":[{"href":"https:\/\/www.europesays.com\/de\/wp-json\/wp\/v2\/posts\/130914","targetHints":{"allow":["GET"]}}],"collection":[{"href":"https:\/\/www.europesays.com\/de\/wp-json\/wp\/v2\/posts"}],"about":[{"href":"https:\/\/www.europesays.com\/de\/wp-json\/wp\/v2\/types\/post"}],"author":[{"embeddable":true,"href":"https:\/\/www.europesays.com\/de\/wp-json\/wp\/v2\/users\/2"}],"replies":[{"embeddable":true,"href":"https:\/\/www.europesays.com\/de\/wp-json\/wp\/v2\/comments?post=130914"}],"version-history":[{"count":0,"href":"https:\/\/www.europesays.com\/de\/wp-json\/wp\/v2\/posts\/130914\/revisions"}],"wp:featuredmedia":[{"embeddable":true,"href":"https:\/\/www.europesays.com\/de\/wp-json\/wp\/v2\/media\/130915"}],"wp:attachment":[{"href":"https:\/\/www.europesays.com\/de\/wp-json\/wp\/v2\/media?parent=130914"}],"wp:term":[{"taxonomy":"category","embeddable":true,"href":"https:\/\/www.europesays.com\/de\/wp-json\/wp\/v2\/categories?post=130914"},{"taxonomy":"post_tag","embeddable":true,"href":"https:\/\/www.europesays.com\/de\/wp-json\/wp\/v2\/tags?post=130914"}],"curies":[{"name":"wp","href":"https:\/\/api.w.org\/{rel}","templated":true}]}}