{"id":130988,"date":"2025-05-22T15:08:23","date_gmt":"2025-05-22T15:08:23","guid":{"rendered":"https:\/\/www.europesays.com\/de\/130988\/"},"modified":"2025-05-22T15:08:23","modified_gmt":"2025-05-22T15:08:23","slug":"wdr-sport-1-fc-koeln-thomas-kessler-bleibt-sportdirektor","status":"publish","type":"post","link":"https:\/\/www.europesays.com\/de\/130988\/","title":{"rendered":"WDR-Sport: 1. FC K\u00f6ln: Thomas Kessler bleibt Sportdirektor"},"content":{"rendered":"<p class=\"metatextline\">Stand: 22.05.2025 16:17 Uhr<\/p>\n<p class=\"textabsatz columns twelve  m-ten  m-offset-one l-eight l-offset-two\">\n        <strong>Thomas Kessler wird dauerhaft die sportliche Verantwortung beim 1. FC K\u00f6ln \u00fcbernehmen. Das gab der Verein am Donnerstag bekannt.<\/strong>\n    <\/p>\n<p class=\"textabsatz m-ten m-offset-one l-eight l-offset-two columns twelve\">\nDemnach wird Kessler offiziell Sportdirektor. Sein Vertrag l\u00e4uft bis 2027. Nach der Entlassung von Gesch\u00e4ftsf\u00fchrer Sport Christian Keller hatte Kessler die Rolle bereits interimsweise ausgef\u00fcllt. Seine erste Amtshandlung war die Verpflichtung von Trainer Friedhelm Funkel, der den FC in den letzten beiden Saisonspielen zum Bundesliga-Aufstieg f\u00fchrte.<\/p>\n<p>    Pr\u00e4sident Wolf: &#8222;Kl\u00e4rung der Trainerfrage dringlichste Aufgabe&#8220;<\/p>\n<p class=\"textabsatz m-ten m-offset-one l-eight l-offset-two columns twelve\">\n&#8222;Wir sind der festen \u00dcberzeugung, dass Thomas Kessler der richtige Mann ist, um die sportliche Verantwortung f\u00fcr den 1. FC K\u00f6ln dauerhaft zu tragen&#8220;, sagte FC-Pr\u00e4sident Werner Wolf in einer Vereinsmitteilung. &#8222;Seine erste und dringlichste Aufgabe wird die Kl\u00e4rung der Trainerfrage sein, um parallel mit Hochdruck die Kaderplanung f\u00fcr eine wettbewerbsf\u00e4hige Bundesliga-Saison voranzutreiben. Hierbei wird er eng mit der Gesch\u00e4ftsf\u00fchrung zusammenarbeiten.&#8220;<\/p>\n<p class=\"textabsatz m-ten m-offset-one l-eight l-offset-two columns twelve\">\nKessler freute sich \u00fcber das ihm entgegengebrachte Vertrauen: &#8222;Ich bin \u00fcberzeugt, dass wir gemeinsam erfolgreich sein werden \u2013 und freue mich darauf, Verantwortung zu \u00fcbernehmen und die sportliche Entwicklung aktiv mitzugestalten.&#8220;<\/p>\n<p class=\"textabsatz m-ten m-offset-one l-eight l-offset-two columns twelve\">\nUnsere Quellen:<\/p>\n<ul class=\"bulletpoint-list \">\n<li>Pressemitteilung 1. FC K\u00f6ln<\/li>\n<\/ul>\n<p>                                        <a class=\"backlink__link\" href=\"https:\/\/www1.wdr.de\/sport\/fussball\/zweite-bundesliga\/fc-koeln-thomas-kessler-sportdirektor-100.html\" rel=\"nofollow noopener\" target=\"_blank\"><\/p>\n<p>                                                <img loading=\"lazy\" decoding=\"async\" alt=\"Westdeutscher Rundfunk\" src=\"https:\/\/www.europesays.com\/de\/wp-content\/uploads\/2025\/04\/1743744868_627_lra-wdr-logo-100.svg.svg+xml\" height=\"40\" width=\"40\"\/><\/p>\n<p>                                        <\/a><\/p>\n","protected":false},"excerpt":{"rendered":"Stand: 22.05.2025 16:17 Uhr Thomas Kessler wird dauerhaft die sportliche Verantwortung beim 1. FC K\u00f6ln \u00fcbernehmen. Das gab&hellip;\n","protected":false},"author":2,"featured_media":130989,"comment_status":"","ping_status":"","sticky":false,"template":"","format":"standard","meta":{"footnotes":""},"categories":[1828],"tags":[623,621,29,347,30,1420,1209,225],"class_list":{"0":"post-130988","1":"post","2":"type-post","3":"status-publish","4":"format-standard","5":"has-post-thumbnail","7":"category-koeln","8":"tag-1-fc-koeln","9":"tag-2-bundesliga","10":"tag-deutschland","11":"tag-fussball","12":"tag-germany","13":"tag-koeln","14":"tag-nordrhein-westfalen","15":"tag-wdr"},"share_on_mastodon":{"url":"https:\/\/pubeurope.com\/@de\/114552118220002739","error":""},"_links":{"self":[{"href":"https:\/\/www.europesays.com\/de\/wp-json\/wp\/v2\/posts\/130988","targetHints":{"allow":["GET"]}}],"collection":[{"href":"https:\/\/www.europesays.com\/de\/wp-json\/wp\/v2\/posts"}],"about":[{"href":"https:\/\/www.europesays.com\/de\/wp-json\/wp\/v2\/types\/post"}],"author":[{"embeddable":true,"href":"https:\/\/www.europesays.com\/de\/wp-json\/wp\/v2\/users\/2"}],"replies":[{"embeddable":true,"href":"https:\/\/www.europesays.com\/de\/wp-json\/wp\/v2\/comments?post=130988"}],"version-history":[{"count":0,"href":"https:\/\/www.europesays.com\/de\/wp-json\/wp\/v2\/posts\/130988\/revisions"}],"wp:featuredmedia":[{"embeddable":true,"href":"https:\/\/www.europesays.com\/de\/wp-json\/wp\/v2\/media\/130989"}],"wp:attachment":[{"href":"https:\/\/www.europesays.com\/de\/wp-json\/wp\/v2\/media?parent=130988"}],"wp:term":[{"taxonomy":"category","embeddable":true,"href":"https:\/\/www.europesays.com\/de\/wp-json\/wp\/v2\/categories?post=130988"},{"taxonomy":"post_tag","embeddable":true,"href":"https:\/\/www.europesays.com\/de\/wp-json\/wp\/v2\/tags?post=130988"}],"curies":[{"name":"wp","href":"https:\/\/api.w.org\/{rel}","templated":true}]}}