{"id":130998,"date":"2025-05-22T15:13:09","date_gmt":"2025-05-22T15:13:09","guid":{"rendered":"https:\/\/www.europesays.com\/de\/130998\/"},"modified":"2025-05-22T15:13:09","modified_gmt":"2025-05-22T15:13:09","slug":"berlin-brandenburg-kommission-zur-verfassungsschutz-kontrolle-neu-gewaehlt","status":"publish","type":"post","link":"https:\/\/www.europesays.com\/de\/130998\/","title":{"rendered":"Berlin &#038; Brandenburg: Kommission zur Verfassungsschutz-Kontrolle neu gew\u00e4hlt"},"content":{"rendered":"<p>                    Berlin &amp; Brandenburg<br \/>\n                Kommission zur Verfassungsschutz-Kontrolle neu gew\u00e4hlt<\/p>\n<p>\t\t\t\t              22.05.2025, 16:53 Uhr<\/p>\n<p><strong>Vertraulich und brisant: Brandenburgs neue Kommission zur Kontrolle des Verfassungsschutzes steht &#8211; ohne AfD-Kandidaten und mit einem D\u00e4mpfer f\u00fcr die SPD im Landtag.<\/strong><\/p>\n<p>Potsdam (dpa\/bb) &#8211; Der Landtag hat die Parlamentarische Kontrollkommission (PKK) neu gew\u00e4hlt. Die Arbeit des dreik\u00f6pfigen Gremiums, das die T\u00e4tigkeiten des Verfassungsschutzes kontrolliert, unterliegt der Geheimhaltung.\u00a0<\/p>\n<p>Der SPD-Abgeordnete Uwe Adler wurde erst im zweiten Wahlgang in die Kommission gew\u00e4hlt &#8211; sp\u00e4ter aber auch zum Vorsitzenden. Die AfD ging leer aus.\u00a0<\/p>\n<p>Stellvertretender Vorsitzender ist der CDU-Parlamentarier Rainer Genilke. Vom B\u00fcndnis Sahra Wagenknecht (BSW), das mit der SPD regiert, wurde Andr\u00e9 von Ossowski als Mitglied in die Kontrollkommission gew\u00e4hlt.\u00a0<\/p>\n<p>Bei der geheimen Wahl am Nachmittag fiel der Kandidat der AfD, der Abgeordnete Daniel M\u00fcnschke, durch. Er bekam mit 38 Stimmen nicht die n\u00f6tige Mehrheit, allerdings auch Stimmen aus anderen Reihen. Denn die AfD hat im Landtag 30 Sitze.\u00a0<\/p>\n<p>Die Landes-AfD wurde vom Verfassungsschutz im April als gesichert rechtsextremistische Bestrebung eingestuft. \u00dcber den Umgang mit dem Nachrichtendienst war nach der Entlassung des Verfassungschutzchefs durch die fr\u00fchere Innenministerin Katrin Lange (SPD) zudem Streit entbrannt.\u00a0<\/p>\n<p>Die Mehrheit des Landtags hatte im Februar auf Antrag der Koalitionsfraktionen SPD und BSW beschlossen, die Gr\u00f6\u00dfe des Gremiums auf drei Mitglieder zu halbieren \u2013 zwei von der Koalition, einer von der Opposition.\u00a0<\/p>\n<p>Die AfD-Fraktion hatte damals bereits beklagt, dass sie au\u00dfen vor bleiben soll. &#8222;Nach wie vor bestehen wir darauf, dass endlich auch die AfD als kritische Stimme im Kontrollgremium vertreten ist&#8220;, sagte der AfD-Landesvorsitzende Ren\u00e9 Springer.<\/p>\n<p>Die Landesregierung muss die PKK umfassend \u00fcber die allgemeine T\u00e4tigkeit der Verfassungsschutzbeh\u00f6rde, das Lagebild und Vorg\u00e4nge von besonderer Bedeutung unterrichten.<\/p>\n","protected":false},"excerpt":{"rendered":"Berlin &amp; Brandenburg Kommission zur Verfassungsschutz-Kontrolle neu gew\u00e4hlt 22.05.2025, 16:53 Uhr Vertraulich und brisant: Brandenburgs neue Kommission zur&hellip;\n","protected":false},"author":2,"featured_media":130999,"comment_status":"","ping_status":"","sticky":false,"template":"","format":"standard","meta":{"footnotes":""},"categories":[1816],"tags":[1960,1958,1959,1957,296,1956,1890,29,30,6422,48654],"class_list":{"0":"post-130998","1":"post","2":"type-post","3":"status-publish","4":"format-standard","5":"has-post-thumbnail","7":"category-brandenburg","8":"tag-aktuelle-nachrichten-aus-berlin-und-brandenburg","9":"tag-aktuelle-nachrichten-aus-brandenburg","10":"tag-aktuelle-news-aus-berlin-und-brandenburg","11":"tag-aktuelle-news-aus-brandenburg","12":"tag-berlin","13":"tag-berlin-und-brandenburg","14":"tag-brandenburg","15":"tag-deutschland","16":"tag-germany","17":"tag-kommission","18":"tag-verfassungsschutz-kontrolle"},"share_on_mastodon":{"url":"https:\/\/pubeurope.com\/@de\/114552137694980621","error":""},"_links":{"self":[{"href":"https:\/\/www.europesays.com\/de\/wp-json\/wp\/v2\/posts\/130998","targetHints":{"allow":["GET"]}}],"collection":[{"href":"https:\/\/www.europesays.com\/de\/wp-json\/wp\/v2\/posts"}],"about":[{"href":"https:\/\/www.europesays.com\/de\/wp-json\/wp\/v2\/types\/post"}],"author":[{"embeddable":true,"href":"https:\/\/www.europesays.com\/de\/wp-json\/wp\/v2\/users\/2"}],"replies":[{"embeddable":true,"href":"https:\/\/www.europesays.com\/de\/wp-json\/wp\/v2\/comments?post=130998"}],"version-history":[{"count":0,"href":"https:\/\/www.europesays.com\/de\/wp-json\/wp\/v2\/posts\/130998\/revisions"}],"wp:featuredmedia":[{"embeddable":true,"href":"https:\/\/www.europesays.com\/de\/wp-json\/wp\/v2\/media\/130999"}],"wp:attachment":[{"href":"https:\/\/www.europesays.com\/de\/wp-json\/wp\/v2\/media?parent=130998"}],"wp:term":[{"taxonomy":"category","embeddable":true,"href":"https:\/\/www.europesays.com\/de\/wp-json\/wp\/v2\/categories?post=130998"},{"taxonomy":"post_tag","embeddable":true,"href":"https:\/\/www.europesays.com\/de\/wp-json\/wp\/v2\/tags?post=130998"}],"curies":[{"name":"wp","href":"https:\/\/api.w.org\/{rel}","templated":true}]}}