{"id":131021,"date":"2025-05-22T15:26:08","date_gmt":"2025-05-22T15:26:08","guid":{"rendered":"https:\/\/www.europesays.com\/de\/131021\/"},"modified":"2025-05-22T15:26:08","modified_gmt":"2025-05-22T15:26:08","slug":"dfb-team-bischof-woltemade-erstmals-dabei-sextett-um-fuellkrug-zurueck","status":"publish","type":"post","link":"https:\/\/www.europesays.com\/de\/131021\/","title":{"rendered":"DFB-Team: Bischof &#038; Woltemade erstmals dabei \u2013 Sextett um F\u00fcllkrug zur\u00fcck"},"content":{"rendered":"<p><b>Zitat von <a href=\"https:\/\/www.transfermarkt.de\/noahhd\/index\/profil\/684462\" rel=\"nofollow noopener\" target=\"_blank\">NoahHD<\/a><\/b> <br \/>\n<b>Zitat von <a href=\"https:\/\/www.transfermarkt.de\/europakreisel\/index\/profil\/619971\" rel=\"nofollow noopener\" target=\"_blank\">Europakreisel<\/a><\/b> <b>Zitat von <a href=\"https:\/\/www.transfermarkt.de\/thedarkmanu1\/index\/profil\/695144\" rel=\"nofollow noopener\" target=\"_blank\">thedarkmanu1<\/a><\/b> <\/p>\n<p>Verstehe nat\u00fcrlich warum viele Burkhardt vermissen. Aber man muss bei ihm immer bedenken, er ist enorm anf\u00e4llig f\u00fcr Verletzungen und sein Einsatz bei Mainz war mehrere Male sehr fraglich bis kurz vorm Spiel. Dass er ne Nominierung verdient h\u00e4tte, steht au\u00dfer Frage, aber aus Mainz Fan Sicht w\u00e4re ich eher froh, dass das Risiko nicht besteht, dass er sich verletzt. Zumal er ja auch ein begehrter Spieler ist. Stellt euch vor er verletzt sich bei der Nationalmannschaft. Dann w\u00e4re das Geschrei auch gro\u00df und Mainz k\u00f6nnte die (eingeplanten) Einnahmen vergessen. Insofern verstehe ich die Nichtnominierung schon etwas und m\u00f6glicherweise war das ja auch abgesprochen.<\/p>\n<p>Dann sollte niemand mehr nominiert werden. Burkardt ist kein Sportinvalide und hat auch keine Glasknochen, der Junge ist topfit. Nach der Logik d\u00fcrfte man Pavlovic und vor allem F\u00fcllkrug auch nicht nominieren. <br \/>Das ist so ein Jogi L\u00f6w Move, nach Sympathie gegangen. Da haben einige nichts zu suchen! Nick Woltemade h\u00e4tte ruhig erst mal die u21 EM spielen k\u00f6nnen, Undav und F\u00fcllkr\u00fcg m\u00fcssten nach dem Leistungsprinzip hinter Jonny stehen, ebenso Baumann hinter Dahmen, Atubolu und Zentner. <br \/>Pavlovic und Bischof h\u00e4tte man auch nicht unbedingt nominieren m\u00fcssen f\u00fcr die Final Four, die ja angeblich so wichtig sein sollen.<\/p>\n<p>Woltemade: H\u00e4tte, genauso kann man aber den mindestens zweitformst\u00e4rksten St\u00fcrmer Deutschlands, nachdem (zumindest von der K\u00f6rpergr\u00f6\u00dfe) direkte Konkurrent Kleindienst ausf\u00e4llt Nominieren, da es sich perfekt vom Zeitplan am Ende ausgeht. <\/p>\n<p>Undav: Die letzten 5 Wochen in Top Form, in den letzten beiden Eins\u00e4tzen 4 Scorer f\u00fcr Deutschland erzielt. <br \/>Wird von Nagelsmann klar als 10er gesehen, also nie zeitgleich mit Leuten wie Burkardt und F\u00fcllkrug vergleichen. <br \/>&#8222;Konkurrenz&#8220; sind Musiala, Wirtz und vielleicht Amiri\/Havertz\/Bischof. 2 davon sind verletzt. <\/p>\n<p>F\u00fcllkrug: Haben schon 20 Leute geschrieben, dass jeder versteht, wenn man sich hier zwecks Burkardt streitet. <\/p>\n<p>Baumann: Die Eins\u00e4tze f\u00fcr Deutschland waren Top, hat es sich daher verdient. Torh\u00fcter k\u00f6nnen vor allem am wenigsten, wenn ein Verein schlecht in der Liga abschneidet. <\/p>\n<p>Pavlovic: Potenzieller Stamm 6\/8er f\u00fcr die WM. Muss mit und Erfahrung sammeln. <\/p>\n<p>Bischof: Soll reinschnuppern, trotzdem starkes Jahr und verdienter Top-Wechsel. <br \/>Ist nur dabei, weil er bei der U21 nicht mitspielen darf.<\/p>\n<p>Mag sein, dass Undav eher 10er ist, dann h\u00e4tte ich aber eher Paul Nebel mitgenommen, \u00e4hnlich gelagerter Fall wie Woltemade w\u00e4re das. Paul Nebel ist seit Monaten eigentlich durchgehend in Top-Form, noch mehr als Nick Woltemade. Und vor allem ein Spielertyp, der eigentlich alles vereint, was man sich in den 2010er Jahren von einem modernen deutschen Offensivspieler ertr\u00e4umt hat: technische Klasse und Spielst\u00e4rke kombiniert mit Giftigkeit mit und gegen den Ball sowie \u00fcberdurchschnittlicher Zweikampfst\u00e4rke. Ein krasser Kontrast zu Sch\u00f6nwetterspielern wie Gnabry und Sane. Nebel k\u00f6nnte wie Pavlovic auch f\u00fcr die WM ein richtig geiler Spieler werden, zumindest von der Bank als Giftzwerg, der die Gegner noch mal ein bisschen pressured. Ihn k\u00f6nnte man dahingehend aufbauen, zumal er eine Rookie-of-the-season-season gespielt hat. <br \/>Es w\u00e4re meiner Meinung nach kein Weltuntergang gewesen, Undav jetzt daheimzulassen. Er h\u00e4tte weiterhin alle Chancen auf die WM. Ich muss ehrlich sagen, \u00fcber die Saison fand ich Undav entt\u00e4uschend, in einer nie wirklich in Fahrt kommenden Mannschaft war er jemand, der in den Hintergrund ger\u00fcckt ist, kein gutes Zeichen in meinen Augen, vor allem in seinem Alter. <\/p>\n<p>Ich verstehe allerdings nat\u00fcrlich den Ansatz von Nagelsmann, er will das Mini-Turnier gewinnen und nicht rumtesten gegen Portugal. Undav ist bew\u00e4hrt , vereint Spiel- und Abschlussst\u00e4rke und erg\u00e4nzt die Offensive perfekt im Vergleich zu Burkardt, der mehr Mittelst\u00fcrmer ist und ich denke, das letzte Argument war auch, dass er sich in den letzten 3 Spielen gefangen hat.<\/p>\n","protected":false},"excerpt":{"rendered":"Zitat von NoahHD Zitat von Europakreisel Zitat von thedarkmanu1 Verstehe nat\u00fcrlich warum viele Burkhardt vermissen. Aber man muss&hellip;\n","protected":false},"author":2,"featured_media":131022,"comment_status":"","ping_status":"","sticky":false,"template":"","format":"standard","meta":{"footnotes":""},"categories":[136],"tags":[48657,7093,29,30,35856,48658,4912,1770,48655,2601,17141,265,8842,38102,48656],"class_list":{"0":"post-131021","1":"post","2":"type-post","3":"status-publish","4":"format-standard","5":"has-post-thumbnail","7":"category-sport","8":"tag-aleksandar-pavlovic","9":"tag-antonio-ruediger","10":"tag-deutschland","11":"tag-germany","12":"tag-jamal-musiala","13":"tag-kai-havertz","14":"tag-marc-andre-ter-stegen","15":"tag-nick-woltemade","16":"tag-niclas-fuellkrug","17":"tag-robin-gosens","18":"tag-serge-gnabry","19":"tag-sport","20":"tag-tom-bischof","21":"tag-uefa-nations-league-finals","22":"tag-waldemar-anton"},"share_on_mastodon":{"url":"https:\/\/pubeurope.com\/@de\/114552188613795732","error":""},"_links":{"self":[{"href":"https:\/\/www.europesays.com\/de\/wp-json\/wp\/v2\/posts\/131021","targetHints":{"allow":["GET"]}}],"collection":[{"href":"https:\/\/www.europesays.com\/de\/wp-json\/wp\/v2\/posts"}],"about":[{"href":"https:\/\/www.europesays.com\/de\/wp-json\/wp\/v2\/types\/post"}],"author":[{"embeddable":true,"href":"https:\/\/www.europesays.com\/de\/wp-json\/wp\/v2\/users\/2"}],"replies":[{"embeddable":true,"href":"https:\/\/www.europesays.com\/de\/wp-json\/wp\/v2\/comments?post=131021"}],"version-history":[{"count":0,"href":"https:\/\/www.europesays.com\/de\/wp-json\/wp\/v2\/posts\/131021\/revisions"}],"wp:featuredmedia":[{"embeddable":true,"href":"https:\/\/www.europesays.com\/de\/wp-json\/wp\/v2\/media\/131022"}],"wp:attachment":[{"href":"https:\/\/www.europesays.com\/de\/wp-json\/wp\/v2\/media?parent=131021"}],"wp:term":[{"taxonomy":"category","embeddable":true,"href":"https:\/\/www.europesays.com\/de\/wp-json\/wp\/v2\/categories?post=131021"},{"taxonomy":"post_tag","embeddable":true,"href":"https:\/\/www.europesays.com\/de\/wp-json\/wp\/v2\/tags?post=131021"}],"curies":[{"name":"wp","href":"https:\/\/api.w.org\/{rel}","templated":true}]}}