{"id":131062,"date":"2025-05-22T15:48:13","date_gmt":"2025-05-22T15:48:13","guid":{"rendered":"https:\/\/www.europesays.com\/de\/131062\/"},"modified":"2025-05-22T15:48:13","modified_gmt":"2025-05-22T15:48:13","slug":"arminia-bielefeld-final-held-einfach-cool-kniat-nimmt-fans-per-anhalter-mit-sport","status":"publish","type":"post","link":"https:\/\/www.europesays.com\/de\/131062\/","title":{"rendered":"Arminia Bielefeld: Final-Held einfach cool: Kniat nimmt Fans per Anhalter mit | Sport"},"content":{"rendered":"<p><b>Wie entspannt ist er denn?<\/b><\/p>\n<p>Bielefeld-Trainer Mitch Kniat (39) schreibt mit Arminia gerade eine unfassbare Geschichte. Vor nicht allzu langer Zeit forderten Fans noch seinen Rauswurf, jetzt steht er Samstag (20 Uhr\/ZDF &amp; Sky) im Pokal-Finale gegen Stuttgart\u00a0\u2013\u00a0der gr\u00f6\u00dfte Erfolg der Vereinsgeschichte.<\/p>\n<p>Im BILD-Interview gibt sich der Erfolgs-Coach maximal offen, erkl\u00e4rt seinen Mitch-Matchplan f\u00fcr die Sensation. Dazu verr\u00e4t Kniat, wof\u00fcr er hohe Strafen verh\u00e4ngt und dass er Bielefeld-Fans auch gerne mal durch die Stadt kutschiert.<\/p>\n<p>Bielefeld-Trainer Mitch Kniat im BILD-Interiview<\/p>\n<p><b>BILD: Noch im Februar skandierten viele Bielefeld-Fans \u201eKniat raus\u201c. Jetzt sind Sie Drittliga-Meister, Trainer des Jahres und stehen im DFB-Pokal-Finale. Fu\u00dfball ist verr\u00fcckt, oder?<\/b><\/p>\n<p><b>Kniat:<\/b> \u201eAbsolut. Gegenwind l\u00e4sst mich nicht aufgeben. Auch die pers\u00f6nliche Kritik hat mich gest\u00e4rkt, weil ich dadurch gelernt habe, dass sie mir nichts ausmacht. Mein Bruder auf der Trib\u00fcne hat sogar mehr darunter gelitten. Ich musste ihn tr\u00f6sten, nicht andersrum. Netterweise kommen bis heute Fans zu mir und entschuldigen sich daf\u00fcr. Das ist nicht selbstverst\u00e4ndlich.\u201c<\/p>\n<p><b>Woher nehmen Sie die Kraft?<\/b><\/p>\n<p>Kniat: \u201eIch war und bin von uns \u00fcberzeugt. Schon vor der Saison habe ich jedem Einzelnen gesagt: \u201aWir steigen auf!\u2018 Ich wusste es einfach, auch wenn manche sicher gedacht haben, dass ich spinne. Das war kein Zweckoptimismus. Den h\u00e4tten mir die Jungs auch nicht abgekauft, die sind nicht bl\u00f6d.\u201c<\/p>\n<p><img decoding=\"async\" width=\"992\" height=\"558\" alt=\"Meister, Finale, Trainer des Jahres \u2013\u00a0Mitch Kniat hat derzeit maximal viel Erfolg\" src=\"https:\/\/www.europesays.com\/de\/wp-content\/uploads\/2025\/05\/f0d7ab2a57e75efec3677e9c9a14c024,33b4241d\"   class=\"landscape\" loading=\"lazy\"\/><\/p>\n<p class=\"fig__caption__text\">Meister, Finale, Trainer des Jahres \u2013\u00a0Mitch Kniat hat derzeit maximal viel Erfolg<\/p>\n<p>Foto: Friso Gentsch\/dpa<\/p>\n<p><b>Dabei sind Sie vor einem Jahr mit Bielefeld fast in die Regionalliga abgestiegen\u2026<\/b><\/p>\n<p><b>Kniat:<\/b> \u201eAls ich hier 2023 anfing, war quasi nichts vorhanden. Der Kader bestand nur aus Fabian Klos. Wir mussten alles neu aufbauen, Spieler holen, eine Idee entwickeln. Das haben Michael Mutzel und ich geschafft, auch wenn es Zeit brauchte. Ich finde: In guten Phasen kann jeder eine Mannschaft trainieren. Doch das wahre Gesicht eines Trainers zeigt sich, wenn\u2019s ruckelt.\u201c<\/p>\n<p>Auch interessant<\/p>\n<p>Anzeige<\/p>\n<p>Auch interessant<\/p>\n<p>Anzeige<\/p>\n<p><b>Welches Gesicht wird die Hauptstadt am Samstag zeigen \u2013 wird sie zu Berlinefeld?<\/b><\/p>\n<p><b>Kniat: <\/b>\u201eIch glaube wirklich, dass die ganze Stadt mit Bielefeldern gepflastert sein wird. Ich habe von vielen geh\u00f6rt, die daraus nicht nur ein Party-Wochenende, sondern eine ganze Woche machen. Das haben sie sich nach harten Jahren verdient.\u201c<\/p>\n<p><b>Wie ist Ihr Mitch-Matchplan?<\/b><\/p>\n<p><b>Kniat:<\/b> \u201eWir wissen, dass Stuttgart die bessere Mannschaft ist. Es wird zwei, drei Momente geben, die m\u00fcssen wir in unsere Richtung kippen. Wir werden nat\u00fcrlich wieder hochintensiv pressen, mutig sein, den Gegner stressen. Auch offensiv.\u201c<\/p>\n<p><b>Ist es Ihr Faustpfand, dass fast alle gesund sind?<\/b><\/p>\n<p><b>Kniat: <\/b>\u201eDefinitiv. Meine Devise ist: So wie man trainiert, spielt man auch. Deswegen sind die Einheiten immer hochintensiv. Die Jungs gehen wirklich hart zur Sache. Das h\u00f6rt sich vielleicht doof an, aber ich pfeife keine Fouls und Aus gibt\u2019s auch nicht. Ich lasse alles weiterlaufen.\u201c<\/p>\n<p><b>Bielefeld gilt zudem als fitteste Mannschaft der 3. Liga.<\/b><\/p>\n<p><b>Kniat: <\/b>\u201eDas erwarte ich. Die Spieler d\u00fcrfen nur Profis sein, weil der liebe Gott ihnen Talent geschenkt hat. Aus dem Privileg m\u00fcssen sie etwas machen. Deswegen gibt es auch Geldstrafen, wenn der K\u00f6rperfettanteil zu hoch ist. Wir messen einmal im Monat. Zu Beginn sind noch sechs, sieben Spieler im roten Bereich, nach sp\u00e4testens zwei Monaten keiner mehr. Es muss fast nie einer bezahlen.\u201c<\/p>\n<p><b>Nennen Sie einen Profi mit guter Entwicklung?<\/b><\/p>\n<p><b>Kniat:<\/b> \u201eGrunds\u00e4tzlich haben diejenigen Nachholbedarf, die neu dazukommen. Marius W\u00f6rl hat etwa vier Kilogramm Muskelmasse aufgebaut, dadurch seine Zweikampfwerte verbessert.\u201c<\/p>\n<p><img decoding=\"async\" width=\"992\" height=\"558\" alt=\"Prost! Darf Arminia auch in Berlin feiern?\" src=\"https:\/\/www.europesays.com\/de\/wp-content\/uploads\/2025\/05\/c038c55c19304553816f21127d54b8ba,e81fca16\"   class=\"landscape\" loading=\"lazy\"\/><\/p>\n<p class=\"fig__caption__text\">Prost! Darf Arminia auch in Berlin feiern?<\/p>\n<p>Foto: IMAGO\/Noah Wedel<\/p>\n<p><b>Souver\u00e4ne Siege gegen Union, Freiburg, Bremen und Leverkusen \u2013 hat dieses Bielefeld Erstliga-Niveau?<\/b><\/p>\n<p><b>Kniat:<\/b> \u201eDa ist die Qualit\u00e4t schon noch h\u00f6her als bei uns. Aber unsere mannschaftliche Geschlossenheit ist mindestens auf Bundesliga-Level. Wir sind individuell auch nicht die beste Mannschaft der 3. Liga, aber als Team funktionieren wir am besten. Das ist der entscheidende Faktor.\u201c<\/p>\n<p><b>Hat Rekordspieler Fabian Klos als Kapit\u00e4n der Vorsaison mitbewirkt, dass da etwas zusammenw\u00e4chst?<\/b><\/p>\n<p><b>Kniat:<\/b> \u201eHundertprozentig. Fabi hat uns Trainern und den Spielern klargemacht, dass der Verein nun einmal verr\u00fcckt sei und es auch ganz normal w\u00e4re, dass mal schlechte Stimmung herrscht. Dazu hat er bei den Fans f\u00fcr das Trainer-Team geworben und uns damit gesch\u00fctzt.\u201c<\/p>\n<p><img decoding=\"async\" width=\"992\" height=\"558\" alt=\"Mitch Kniat und die Arminia haben aktuell gut Grund zum Lachen\" src=\"https:\/\/www.europesays.com\/de\/wp-content\/uploads\/2025\/05\/fcbec3209003ab66706c1d9a46d015eb,4779614b\"   class=\"landscape\" loading=\"lazy\"\/><\/p>\n<p class=\"fig__caption__text\">Mitch Kniat und die Arminia kommen aktuell nicht aus dem Lachen <\/p>\n<p>Foto: picture alliance\/dpa<\/p>\n<p><b>Gef\u00fchlt feiert Bielefeld schon seit Wochen. Erlauben Sie Ihrer Mannschaft Party, obwohl das Pokal-Finale noch ansteht?<\/b><\/p>\n<p><b>Kniat:<\/b> \u201eIch muss da gar nichts anordnen, das ist das Coole an der Mannschaft. Sie wissen, wann sie zwei, drei Bierchen trinken k\u00f6nnen \u2013 und wann gro\u00df gefeiert werden darf. Nach den vergangenen drei Pokal-Siegen und dem Aufstieg zum Beispiel. Dann aber mit alle Mann, ohne Ausnahme. Und zwei Tage sp\u00e4ter konzentriert sich wieder alles auf das n\u00e4chste Spiel.\u201c<\/p>\n<p><b>Fabian Klos lobt Ihre Akribie. Sind Sie pingelig?<\/b><\/p>\n<p><b>Kniat:<\/b> \u201eIch nehme es genau. In der Spielvorbereitung schaue ich mir alle Gegner live an \u2013 ob VfB Stuttgart oder den SC Peckeloh f\u00fcr den Westfalenpokal. Dann stehe ich halt auf Kunstrasen oder Ascheplatz. Mir ist auch egal, wenn ich mal nach einem Stuttgart-Spiel, das ich sehen wollte, um drei Uhr nachts heimkehre und dann direkt wieder Training ist. Ich brauche meine Vorbereitung \u2013 unabh\u00e4ngig davon, ob\u2019s gerade gut l\u00e4uft.\u201c<\/p>\n<p><b>Bleiben Ihre Abl\u00e4ufe auch vorm Finale gleich?<\/b><\/p>\n<p><b>Kniat:<\/b> \u201eJa, wir planen etwa auch durch Berlin einen Spaziergang. Das tun wir immer. Ist doch sch\u00f6n, wenn wir Kontakt mit den Fans haben.\u201c<\/p>\n<p>Gaga-Aktion vor Pokal-Finale: Bielefeld-Denkmal tr\u00e4gt riesiges Trikot<a href=\"https:\/\/www.bild.de\/sport\/gaga-aktion-vor-pokal-finale-bielefeld-denkmal-traegt-riesiges-trikot-6825e72e6ebf7d29dc928cfb\" class=\"anchor\" target=\"_blank\" rel=\"noopener\"><img decoding=\"async\" width=\"992\" height=\"558\" alt=\"Teaser-Bild\" src=\"https:\/\/www.europesays.com\/de\/wp-content\/uploads\/2025\/05\/d55c3dcd025aaf4a65c1ca2de92ad31b,5548b1fa\"   class=\"landscape teaser__image\" loading=\"lazy\"\/><\/a><\/p>\n<p>Quelle: BILD15.05.2025<\/p>\n<p><b>Wenden Sie im Finale den zuletzt vieldiskutierten Verletzungs-Trick mit Torh\u00fcter Jonas Kersken an, der Ihnen eine Team-Besprechung erm\u00f6glicht?<\/b><\/p>\n<p><b>Kniat:<\/b> \u201eDas kann ich definitiv ausschlie\u00dfen. Aus der ganzen Nummer wurde ein zu gro\u00dfer Hype gemacht. Ab jetzt werden wir ganz klassisch auf Zettel-Botschaften setzen\u2026\u201c<\/p>\n<p><b>Zu Ihnen. Sie haben zu Beginn Ihrer Trainer-Karriere zus\u00e4tzlich als Zeitarbeiter gearbeitet. Wieso?<\/b><\/p>\n<p><b>Kniat: <\/b>\u201eAlle wollen Trainer werden, aber dann bitte nur im Umkreis von zehn Kilometern und f\u00fcr 50.000 Euro. Ich aber w\u00fcrde wirklich alles daf\u00fcr tun. Deshalb habe ich in der Oberliga auf Minijob-Basis angefangen, um im Gegenzug daf\u00fcr meine Trainer-Kurse bezahlt zu bekommen. Deswegen habe ich parallel so viele T\u00e4tigkeiten ausge\u00fcbt. Ich habe erst investiert, weil ich unbedingt als Fu\u00dfballcoach arbeiten wollte. Auch heute noch w\u00fcrde ich bei Arminia f\u00fcr ein Gehalt von 0 Euro arbeiten, weil ich meinen Job so liebe und es wirklich meine gro\u00dfe Leidenschaft ist.\u201c<\/p>\n<p><b>Auch auf Schalke kursierte bereits Ihr Name. Ehrt Sie das?<\/b><\/p>\n<p><b>Kniat:<\/b> \u201eJa, definitiv. Aber es interessiert mich nicht. Ich bin absolut gl\u00fccklich bei Arminia und kann mir vorstellen, hier noch sehr lange zu bleiben. Vorausgesetzt, beide Seiten haben noch Spa\u00df aneinander.\u201c<\/p>\n<p><img decoding=\"async\" width=\"992\" height=\"558\" alt=\"Ganz Arminia ist im Final-Modus \u2013\u00a0auch das Herm\" src=\"https:\/\/www.europesays.com\/de\/wp-content\/uploads\/2025\/05\/37096334b20af1d0f38145681a523ef9,3e07a26b\"   class=\"landscape\" loading=\"lazy\"\/><\/p>\n<p class=\"fig__caption__text\">Ganz Arminia ist im Final-Modus \u2013\u00a0auch das Hermannsdenkmal in Detmold<\/p>\n<p>Foto: IMAGO\/Noah Wedel<\/p>\n<p><b>Welches Ziel mit Arminia ist gr\u00f6\u00dfer \u2013 Europa League oder Bundesliga?<\/b><\/p>\n<p><b>Kniat:<\/b> \u201eAuf jeden Fall Europa League, da bin ich ganz ehrlich. Das hat der Verein noch nicht geschafft, das kennt hier keiner. Einmal als Trainer international spielen, w\u00e4re schon geil!\u201c<\/p>\n<p><b>W\u00fcrden Sie dann Anzug tragen?<\/b><\/p>\n<p><b>Kniat:<\/b> \u201eDas wird\u2019s wohl nie geben. Den habe ich, glaube ich, zuletzt bei der Kommunion angehabt.\u201c<\/p>\n<p><b>In Bielefeld kursieren Geschichten, dass Sie Fans \u00f6fter per Anhalter zum Bahnhof mitnehmen. Stimmt das?<\/b><\/p>\n<p><b>Kniat:<\/b> \u201eJa, weil es selbstverst\u00e4ndlich ist. F\u00fcr mich ist das so, als wenn eine \u00e4ltere Dame in den Bus oder die Bahn einsteigt \u2013 da stehe ich auch auf.  Oder wenn f\u00fcnf Leute an einem Tisch sitzen, reiche ich nicht nur dem die Hand, den ich kenne, sondern allen. Nur weil ich Trainer von Arminia Bielefeld bin, bin ich nicht der Herrgott.\u201c<\/p>\n<p><img decoding=\"async\" width=\"992\" height=\"649\" alt=\"Kann sich nicht am R\u00fccken kratzen, weil der Bizeps zu gro\u00df ist: Mitch Kniat\" src=\"https:\/\/www.europesays.com\/de\/wp-content\/uploads\/2025\/05\/554f2e57d410eb51e8f2db59fe48a0a7,f6f961f8\"   class=\"dynamic\" loading=\"lazy\"\/><\/p>\n<p class=\"fig__caption__text\">Kann sich nicht am R\u00fccken kratzen, weil der Bizeps zu gro\u00df ist: Mitch Kniat<\/p>\n<p>Foto: picture alliance \/ foto2press<\/p>\n<p><b>Privat ist \u00fcber Sie wenig bekannt. Nicht verstecken k\u00f6nnen Sie, dass Sie regelm\u00e4\u00dfig ins Fitnessstudio gehen. Wie h\u00e4ufig?<\/b><\/p>\n<p><b>Kniat:<\/b> \u201eF\u00fcnfmal die Woche, dabei komme ich runter. Meistens starte ich meinen Tag von sechs bis sieben Uhr beim Sport, danach fahre ich ganz entspannt zum Platz und bin topfit.\u201c<\/p>\n<p><b>Was ist denn st\u00e4rker \u2013 Arminias Zusammenhalt oder Mitch Kniats Oberarm?<\/b><\/p>\n<p><b>Kniat (lacht):<\/b> \u201eAuf jeden Fall der Zusammenhalt der Truppe. Der ist wirklich mega!\u201c<\/p>\n<p><b>Sie sagten einst, Sie w\u00fcrden sich ein Arminia-Tattoo stechen lassen, wenn etwas Besonderes geschieht. Wie w\u00e4r\u2019s mit \u201eKniat raus\u201c beim Pokalsieg?<\/b><\/p>\n<p><b>Kniat: <\/b>\u201eDa muss noch ein bisschen mehr passieren. Zumal ich schon recht voll bin mit Tattoos. Aber es ist ja eh viel geiler, wenn man Arminia sogar im Herzen hat und nicht nur auf der Haut.\u201c<\/p>\n","protected":false},"excerpt":{"rendered":"Wie entspannt ist er denn? Bielefeld-Trainer Mitch Kniat (39) schreibt mit Arminia gerade eine unfassbare Geschichte. Vor nicht&hellip;\n","protected":false},"author":2,"featured_media":131063,"comment_status":"","ping_status":"","sticky":false,"template":"","format":"standard","meta":{"footnotes":""},"categories":[1841],"tags":[17899,1605,3477,3364,29,996,5624,347,30,8107,1209,819,45],"class_list":{"0":"post-131062","1":"post","2":"type-post","3":"status-publish","4":"format-standard","5":"has-post-thumbnail","7":"category-bielefeld","8":"tag-backhaus-max","9":"tag-bielefeld","10":"tag-bild","11":"tag-de","12":"tag-deutschland","13":"tag-dritte-liga","14":"tag-dsc-arminia-bielefeld","15":"tag-fussball","16":"tag-germany","17":"tag-klos-fabian","18":"tag-nordrhein-westfalen","19":"tag-sport-leuchtturm-essen","20":"tag-texttospeech"},"share_on_mastodon":{"url":"https:\/\/pubeurope.com\/@de\/114552275315865177","error":""},"_links":{"self":[{"href":"https:\/\/www.europesays.com\/de\/wp-json\/wp\/v2\/posts\/131062","targetHints":{"allow":["GET"]}}],"collection":[{"href":"https:\/\/www.europesays.com\/de\/wp-json\/wp\/v2\/posts"}],"about":[{"href":"https:\/\/www.europesays.com\/de\/wp-json\/wp\/v2\/types\/post"}],"author":[{"embeddable":true,"href":"https:\/\/www.europesays.com\/de\/wp-json\/wp\/v2\/users\/2"}],"replies":[{"embeddable":true,"href":"https:\/\/www.europesays.com\/de\/wp-json\/wp\/v2\/comments?post=131062"}],"version-history":[{"count":0,"href":"https:\/\/www.europesays.com\/de\/wp-json\/wp\/v2\/posts\/131062\/revisions"}],"wp:featuredmedia":[{"embeddable":true,"href":"https:\/\/www.europesays.com\/de\/wp-json\/wp\/v2\/media\/131063"}],"wp:attachment":[{"href":"https:\/\/www.europesays.com\/de\/wp-json\/wp\/v2\/media?parent=131062"}],"wp:term":[{"taxonomy":"category","embeddable":true,"href":"https:\/\/www.europesays.com\/de\/wp-json\/wp\/v2\/categories?post=131062"},{"taxonomy":"post_tag","embeddable":true,"href":"https:\/\/www.europesays.com\/de\/wp-json\/wp\/v2\/tags?post=131062"}],"curies":[{"name":"wp","href":"https:\/\/api.w.org\/{rel}","templated":true}]}}