{"id":131103,"date":"2025-05-22T16:11:11","date_gmt":"2025-05-22T16:11:11","guid":{"rendered":"https:\/\/www.europesays.com\/de\/131103\/"},"modified":"2025-05-22T16:11:11","modified_gmt":"2025-05-22T16:11:11","slug":"globalfoundries-will-chipfabrik-in-dresden-ausbauen","status":"publish","type":"post","link":"https:\/\/www.europesays.com\/de\/131103\/","title":{"rendered":"Globalfoundries will Chipfabrik in Dresden ausbauen"},"content":{"rendered":"<p>\t\t<a href=\"https:\/\/www.europesays.com\/de\/wp-content\/uploads\/2025\/05\/at54233.jpg\"><img fetchpriority=\"high\" decoding=\"async\" aria-describedby=\"caption-attachment-167546\" data-attachment-id=\"167546\" data-permalink=\"https:\/\/oiger.de\/2018\/04\/09\/globalfoundries-dresden-steigt-in-autochip-produktion-ein\/167540\/globalfoundries-dresden-2\" data-orig-file=\"https:\/\/www.europesays.com\/de\/wp-content\/uploads\/2025\/05\/at54233.jpg\" data-orig-size=\"1000,667\" data-comments-opened=\"1\" data-image-meta=\"{&quot;aperture&quot;:&quot;8&quot;,&quot;credit&quot;:&quot;Globalfoundries Dresden&quot;,&quot;camera&quot;:&quot;Canon EOS-1D X&quot;,&quot;caption&quot;:&quot;GF-Mitarbeiter passieren Reinraum-Br\\u00fccke. Foto: Globalfoundries Dresden&quot;,&quot;created_timestamp&quot;:&quot;1428477330&quot;,&quot;copyright&quot;:&quot;Globalfoundries Dresden&quot;,&quot;focal_length&quot;:&quot;24&quot;,&quot;iso&quot;:&quot;250&quot;,&quot;shutter_speed&quot;:&quot;0.1&quot;,&quot;title&quot;:&quot;Globalfoundries Dresden&quot;,&quot;orientation&quot;:&quot;1&quot;}\" data-image-title=\"Globalfoundries Dresden\" data-image-description=\"&lt;p&gt;GF-Mitarbeiter passieren Reinraum-Br\u00fccke. Foto: Globalfoundries Dresden&lt;\/p&gt;&#10;\" data-image-caption=\"&lt;p&gt;GF-Mitarbeiter passieren Reinraum-Br\u00fccke. Foto: Globalfoundries Dresden&lt;\/p&gt;&#10;\" data-medium-file=\"https:\/\/oiger.de\/wp-content\/uploads\/at54233-300x200.jpg\" data-large-file=\"https:\/\/oiger.de\/wp-content\/uploads\/at54233-600x400.jpg\" class=\"size-full wp-image-167546\" src=\"https:\/\/www.europesays.com\/de\/wp-content\/uploads\/2025\/05\/at54233.jpg\" alt=\"GF-Mitarbeiter passieren Reinraum-Br\u00fccke. Foto: Globalfoundries Dresden\" width=\"1000\" height=\"667\"  \/><\/a><\/p>\n<p id=\"caption-attachment-167546\" class=\"wp-caption-text\">GF-Mitarbeiter passieren Reinraum-Br\u00fccke. Foto: Globalfoundries Dresden<\/p>\n<p>Halbleiterkonzern hofft auf Chipgesetz-Subventionen<\/p>\n<p><strong>Dresden<\/strong>, 22. Mai 2025. Der US-Halbleiterkonzern \u201eGlobalfoundries\u201c (GF) will seine Dresdner Chipfabrik deutlich ausbauen \u2013 m\u00f6chte daf\u00fcr allerdings auch Chipgesetz-Subventionen von Bund und Land haben. Die Verhandlungen dar\u00fcber schleppen sich allerdings bereits seit geraumer Zeit ohne konkrete Zusagen hin. \u201eEs ist kein Geheimnis, dass wir mit der Bundesregierung und dem Freistaat Sachsen \u00fcber ein ,European Chips Act\u2019-Projekt reden\u201c, erkl\u00e4rte Kommunikationsdirektor Jens Drews, der bei Globalfoundries in Europa f\u00fcr die Beziehungen zu Regierungen und der EU-Kommission zust\u00e4ndig ist. \u201eMehr ist im Moment dazu nichts zu sagen.\u201c<\/p>\n<p>Zuvor hatte bereits der s\u00e4chsische <a href=\"https:\/\/oiger.de\/2025\/05\/21\/panter-liebaeugelt-mit-zukunftsstiftung-fuer-sachsens-wirtschaft\/194413\" rel=\"nofollow noopener\" target=\"_blank\">Wirtschaftsminister Dirk Panter in seiner Fachminister-Erkl\u00e4rung<\/a> auf die Erweiterungspl\u00e4ne bei Globalfoundries hingewiesen. Angaben zum aktuellen Verhandlungs- und Planungsstand wollte sein Ministerium allerdings auf Anfrage nicht machen. Auch der Bund, der bei einer Zusage den gr\u00f6\u00dften Teil der Beihilfen finanzieren m\u00fcsste, h\u00e4lt sich mit Informationen zur\u00fcck.<\/p>\n<p>Auftragsfertiger will Kapazit\u00e4t auf 1,5 Millionen Waferstarts verdoppeln<\/p>\n<p>Offensichtlich geht es dabei um keine kleinen Summen, sondern um neue Milliardeninvestitionen in Dresden \u2013 von denen Bund und Land bei einer Chipgesetz-Zusage \u00fcblicherweise 20 bis 50 Prozent subventionieren. Worum es bei Globalfoundries konkret geht, hatte Standortchef Manfred Horstmann bereits vor einiger Zeit umrissen: Das Unternehmen will das Dresdner Werk bis 2030 auf eine Fertigungskapazit\u00e4t von rund 1,5 Millionen Siliziumscheiben (Wafer) pro Jahr verdoppeln. Dabei d\u00fcrfte es sich um eine mehrere Milliarden Euro teure Investition handeln. Hintergrund sei die Nachfrage vor allem aus der europ\u00e4ischen Industrie f\u00fcr die besonders stromsparende Chiptechnologie von GF Dresden, unter anderem im Automobilsektor.<\/p>\n<p>GF war in erster Chipgesetz-Runde leer ausgegangen<\/p>\n<p>Hintergrund: Mit dem \u201eEurop\u00e4ischen Chipgesetz\u201c (ECA) hatte die EU-Kommission den Mitgliedsstaaten bei Mikroelektronik-Ansiedlungen weit h\u00f6herer Zusch\u00fcsse erlaubt, als sie normalerweise vom EU-Wettbewerbsrecht gedeckt sind. Gef\u00f6rdert werden in diesem Zuge vor allem gro\u00dfe Chipfabriken und Mikroelektronik-Forschungslinien, wenn sie innovative Technologien oder neue Fertigungsm\u00f6glichkeiten in Europa hervorbringen. In diesem Rahmen finanziert beispielsweise in Deutschland der Steuerzahler das Chipwerk Nummer 4 von Infineon Dresden etwa zu einem F\u00fcnftel, bei TSMC-Fab ist es etwa die H\u00e4lfte der Gesamtsumme. Andere Chipgesetz-Gro\u00dfprojekte wie die Ansiedlung von Intel in Magdeburg oder Wolfspeed im Saarland wurden dagegen in eine ungewisse Zukunft verschoben beziehungsweise gelten de facto als gescheitert.<\/p>\n<p>Der Chip-Auftragsfertiger Globalfoundries, der bei dieser ersten Chipgesetz-Verteilrunde leer ausgegangen war, hofft nun auf Beihilfen durch ein \u201eChipgesetz 2.0\u201c, f\u00fcr das sich auch der s\u00e4chsische Hochtechnologie-Verband \u201eSilicon Saxony\u201c stark macht. International hat sich der Wind im Chipfabrik-Ansiedlungswettbewerb zuletzt allerdings ein St\u00fcck weit gedreht: Seit US-Pr\u00e4sident Donald Trump das US-Chipgesetz seines Vorg\u00e4ngers Joe Biden samt bereits zugesagten Beihilfen de facto beerdigt und TSMC dennoch Milliarden-Investitionen in den USA versprochen hatte, werden die Stimmen, die sich gegen globale Subventionsrennen aussprechen, wieder lauter.<\/p>\n<p>Autor: Heiko Weckbrodt<\/p>\n<p>Quellen: GF, SMWA, Oiger-Archiv<\/p>\n<p><img loading=\"lazy\" decoding=\"async\" width=\"285\" height=\"284\" data-attachment-id=\"80160\" data-permalink=\"https:\/\/oiger.de\/uber-uns\/oiger-001\" data-orig-file=\"https:\/\/www.europesays.com\/de\/wp-content\/uploads\/2025\/04\/Oiger-001.jpg\" data-orig-size=\"285,284\" data-comments-opened=\"0\" data-image-meta=\"{&quot;aperture&quot;:&quot;0&quot;,&quot;credit&quot;:&quot;&quot;,&quot;camera&quot;:&quot;&quot;,&quot;caption&quot;:&quot;&quot;,&quot;created_timestamp&quot;:&quot;0&quot;,&quot;copyright&quot;:&quot;&quot;,&quot;focal_length&quot;:&quot;0&quot;,&quot;iso&quot;:&quot;0&quot;,&quot;shutter_speed&quot;:&quot;0&quot;,&quot;title&quot;:&quot;&quot;,&quot;orientation&quot;:&quot;0&quot;}\" data-image-title=\"Oiger 001\" data-image-description=\"&lt;p&gt;Repro: Oiger, Original: Madeleine Arndt&lt;\/p&gt;&#10;\" data-image-caption=\"&lt;p&gt;Repro: Oiger, Original: Madeleine Arndt&lt;\/p&gt;&#10;\" data-medium-file=\"https:\/\/www.europesays.com\/de\/wp-content\/uploads\/2025\/04\/Oiger-001.jpg\" data-large-file=\"https:\/\/www.europesays.com\/de\/wp-content\/uploads\/2025\/04\/Oiger-001.jpg\" src=\"https:\/\/www.europesays.com\/de\/wp-content\/uploads\/2025\/04\/Oiger-001.jpg\" alt=\"Repro: Oiger, Original: Madeleine Arndt\" class=\"wp-image-80160\" style=\"width:130px;height:auto\"  \/><\/p>\n<p class=\"has-text-color has-link-color has-medium-font-size wp-elements-e7a7d44989b57757e168b6fff7193e32\" style=\"color:#185c84\"><strong>Ihre Unterst\u00fctzung f\u00fcr Oiger.de!<\/strong><\/p>\n<p class=\"has-text-color has-link-color wp-elements-918b69199ff2c1183b359612d6a15f37\" style=\"color:#154966\"><strong>Ohne hinreichende Finanzierung ist unabh\u00e4ngiger Journalismus nach professionellen Ma\u00dfst\u00e4ben nicht dauerhaft m\u00f6glich. Bitte unterst\u00fctzen Sie daher unsere Arbeit! Wenn Sie helfen wollen, Oiger.de aufrecht zu erhalten, senden Sie Ihren Beitrag mit dem Betreff \u201efreiwilliges Honorar\u201c via Paypal an:<\/strong><\/p>\n<p class=\"has-text-color has-link-color has-medium-font-size wp-elements-1d68a8c795acd498910475590afcb004\" style=\"color:#094d71\"><a href=\"http:\/\/paypal.me\/oigerDD\" rel=\"nofollow noopener\" target=\"_blank\"><strong>paypal.me\/oigerDD<\/strong><\/a><\/p>\n<p class=\"has-text-color has-link-color wp-elements-ff79d8b8ab8d3bdb7eb856fa4ab11715\" style=\"color:#104366\"><strong>Vielen Dank!<\/strong><\/p>\n<p>\n\t\u00c4hnliche Beitr\u00e4ge\n<\/p>\n<p>\n\t\u00c4hnliche Beitr\u00e4ge<\/p>\n","protected":false},"excerpt":{"rendered":"GF-Mitarbeiter passieren Reinraum-Br\u00fccke. Foto: Globalfoundries Dresden Halbleiterkonzern hofft auf Chipgesetz-Subventionen Dresden, 22. Mai 2025. Der US-Halbleiterkonzern \u201eGlobalfoundries\u201c (GF)&hellip;\n","protected":false},"author":2,"featured_media":131104,"comment_status":"","ping_status":"","sticky":false,"template":"","format":"standard","meta":{"footnotes":""},"categories":[1835],"tags":[38451,3364,29,2386,48680,30,14509,14108,859],"class_list":{"0":"post-131103","1":"post","2":"type-post","3":"status-publish","4":"format-standard","5":"has-post-thumbnail","7":"category-dresden","8":"tag-chipfabrik","9":"tag-de","10":"tag-deutschland","11":"tag-dresden","12":"tag-eca2","13":"tag-germany","14":"tag-halbleiter","15":"tag-mikroelektronik","16":"tag-sachsen"},"share_on_mastodon":{"url":"https:\/\/pubeurope.com\/@de\/114552365606735616","error":""},"_links":{"self":[{"href":"https:\/\/www.europesays.com\/de\/wp-json\/wp\/v2\/posts\/131103","targetHints":{"allow":["GET"]}}],"collection":[{"href":"https:\/\/www.europesays.com\/de\/wp-json\/wp\/v2\/posts"}],"about":[{"href":"https:\/\/www.europesays.com\/de\/wp-json\/wp\/v2\/types\/post"}],"author":[{"embeddable":true,"href":"https:\/\/www.europesays.com\/de\/wp-json\/wp\/v2\/users\/2"}],"replies":[{"embeddable":true,"href":"https:\/\/www.europesays.com\/de\/wp-json\/wp\/v2\/comments?post=131103"}],"version-history":[{"count":0,"href":"https:\/\/www.europesays.com\/de\/wp-json\/wp\/v2\/posts\/131103\/revisions"}],"wp:featuredmedia":[{"embeddable":true,"href":"https:\/\/www.europesays.com\/de\/wp-json\/wp\/v2\/media\/131104"}],"wp:attachment":[{"href":"https:\/\/www.europesays.com\/de\/wp-json\/wp\/v2\/media?parent=131103"}],"wp:term":[{"taxonomy":"category","embeddable":true,"href":"https:\/\/www.europesays.com\/de\/wp-json\/wp\/v2\/categories?post=131103"},{"taxonomy":"post_tag","embeddable":true,"href":"https:\/\/www.europesays.com\/de\/wp-json\/wp\/v2\/tags?post=131103"}],"curies":[{"name":"wp","href":"https:\/\/api.w.org\/{rel}","templated":true}]}}