{"id":131119,"date":"2025-05-22T16:19:11","date_gmt":"2025-05-22T16:19:11","guid":{"rendered":"https:\/\/www.europesays.com\/de\/131119\/"},"modified":"2025-05-22T16:19:11","modified_gmt":"2025-05-22T16:19:11","slug":"fahndungsaufruf-nach-brutalem-ueberfall-und-merkel-kritisiert-grenzkontrollen-%c2%b7-leipziger-zeitung","status":"publish","type":"post","link":"https:\/\/www.europesays.com\/de\/131119\/","title":{"rendered":"Fahndungsaufruf nach brutalem \u00dcberfall und Merkel kritisiert Grenzkontrollen \u00b7 Leipziger Zeitung"},"content":{"rendered":"<p>Nach einem brutalen \u00dcberfall, bei dem ein 13-J\u00e4hriger in einen W\u00fcrgegriff genommen wurde, sucht die Leipziger Polizei nach den T\u00e4tern und bittet um Hinweise. Und: Die Altbundeskanzlerin macht keinen Hehl daraus, dass sie von versch\u00e4rften Grenzkontrollen nicht viel h\u00e4lt, wie heute in den Medien berichtet wird. Die LZ fasst zusammen, was am Donnerstag, dem 22. Mai 2025, in Leipzig, Sachsen und dar\u00fcber hinaus wichtig war.<\/p>\n<p>\u00dcberfall: 13-J\u00e4hriger im W\u00fcrgegriff und Geld erpresst<\/p>\n<p>Die Leipziger Polizei sucht mit einem heute ver\u00f6ffentlichten Fahndungsaufruf nach zwei mutma\u00dflichen R\u00e4ubern. Wie Polizeisprecherin Susanne L\u00fcbcke berichtet, ereignete sich der fragliche Vorfall erst gestern fr\u00fch in der Altlindenauer Gemeindeamtsstra\u00dfe.<img decoding=\"async\" src=\"https:\/\/www.europesays.com\/de\/wp-content\/uploads\/2025\/05\/b0030ebaee55476585b46a29c0299d3b.gif\" width=\"https:\/\/www.l-iz.de\/der-tag\/2025\/05\/1\" height=\"https:\/\/www.l-iz.de\/der-tag\/2025\/05\/1\" alt=\"\"\/><\/p>\n<p>Dort wurden ein 13-J\u00e4hriger und dessen zwei Jahre \u00e4lterer Begleiter durch Unbekannte angesprochen und der J\u00fcngere aufgefordert, seine Umh\u00e4ngetasche zu \u00f6ffnen. Als er dies ablehnte, h\u00e4tten die T\u00e4ter dem Jungen zun\u00e4chst Gewalt angedroht, anschlie\u00dfend sei das Opfer in einen W\u00fcrgegriff genommen worden. Daraufhin habe der 15-j\u00e4hrige Teenager zur Entsch\u00e4rfung der Situation einen niedrigen Geldbetrag ausgeh\u00e4ndigt.<\/p>\n<p>Die Verd\u00e4chtigen konnten anschlie\u00dfend in Richtung L\u00fctzner Stra\u00dfe entkommen, der 13-J\u00e4hrige und sein Begleiter blieben unverletzt. Das Kommissariat der Kripo ermittelt wegen r\u00e4uberischer Erpressung und <a href=\"https:\/\/www.polizei.sachsen.de\/de\/MI_2025_113961.htm\" target=\"_blank\" rel=\"noopener\">sucht mit T\u00e4terbeschreibungen nach m\u00f6glichen Zeugen<\/a>.<\/p>\n<p>Gegen deutsche Grenzkontroll-Versch\u00e4rfung: Merkel kritisiert ihren alten Widersacher Merz<\/p>\n<p>Altkanzlerin Angela Merkel (CDU) hat deutliche Kritik an den versch\u00e4rften Grenzkontrollen ge\u00fcbt. Dar\u00fcber berichtet heute <a href=\"https:\/\/www.spiegel.de\/politik\/deutschland\/angela-merkel-kritisiert-verschaerfung-der-grenzkontrollen-a-cd2ed7dd-feae-42a7-9802-eb219b38a70a\" target=\"_blank\" rel=\"noopener\">unter anderem der Spiegel<\/a>.<\/p>\n<p>Sie habe stets auf eine europ\u00e4ische L\u00f6sung gesetzt, zweifele dagegen, dass es gelinge, die irregul\u00e4re Migration an den deutschen Grenzen entscheidend zur\u00fcckzudr\u00e4ngen, so die 70-J\u00e4hrige gestern bei einer Veranstaltung in Neu-Ulm. Stattdessen rate sie zu st\u00e4rkeren Ma\u00dfnahmen an Europas Au\u00dfengrenzen. Hingegen sollten Freiz\u00fcgigkeit und offener Grenzverkehr auf dem europ\u00e4ischen Kontinent nicht durch einen nationalen Alleingang riskiert werden, kritisierte Merkel.<\/p>\n<p>Wohl ein deutlicher Hieb auf die neue Bundesregierung unter Kanzler Friedrich Merz (69, CDU), die mit einer umstrittenen Anordnung das Abweisen auch von Personen vorsieht, die an der deutschen Grenze ein Asylgesuch stellen. Ausnahmen sollten f\u00fcr Gruppen wie beispielsweise Minderj\u00e4hrige ohne Begleitung, kranke oder schwangere Personen gelten.<\/p>\n<p>Angela Merkel stand von November 2005 bis Dezember 2021 als erste Frau in der Geschichte der BRD an der Spitze der Bundesregierung. Das Verh\u00e4ltnis zu ihrem Parteifreund und Nach-Nachfolger Merz gilt seit einem internen Streit um den Fraktionsvorsitz vor mehr als 20 Jahren als belastet.<\/p>\n<p><strong>Wor\u00fcber die LZ heute berichtet hat:<\/strong><\/p>\n<p><a class=\"post-link\" href=\"https:\/\/www.l-iz.de\/sport\/weitere\/2025\/05\/german-football-league-2-zwei-rueckschlaege-zum-saisonauftakt-leipzig-lions-bleiben-dennoch-optimistisch-625024\" target=\"_blank\" rel=\"noopener\">German Football League 2: Zwei R\u00fcckschl\u00e4ge zum Saisonauftakt, Leipzig Lions bleiben dennoch optimistisch<\/a><\/p>\n<p><a class=\"post-link\" href=\"https:\/\/www.l-iz.de\/politik\/leipzig\/2025\/05\/der-stadtrat-tagte-gibt-es-bald-lunchpakete-in-weiterfuehrenden-schulen-625025\" target=\"_blank\" rel=\"noopener\">Der Stadtrat tagte: Gibt es bald Lunchpakete in weiterf\u00fchrenden Schulen?<\/a><\/p>\n<p><a class=\"post-link\" href=\"https:\/\/www.l-iz.de\/bildung\/forschung\/2025\/05\/neugrundung-institut-fur-translatologie-gesprach-maryam-foradi-oliver-czulo-624798\" target=\"_blank\" rel=\"noopener\">Neugr\u00fcndung Institut f\u00fcr Translatologie: Gespr\u00e4ch mit Maryam Foradi und Oliver Czulo<\/a><\/p>\n<p><a class=\"post-link\" href=\"https:\/\/www.l-iz.de\/sport\/fussball\/2025\/05\/sachsenpokal-finale-lok-leipzig-kuendigt-erzgebirge-aue-einen-heissen-kampf-an-spiel-fast-ausverkauft-624993\" target=\"_blank\" rel=\"noopener\">Sachsenpokal-Finale: Lok Leipzig k\u00fcndigt Erzgebirge Aue \u201eeinen hei\u00dfen Kampf\u201c an, Spiel fast ausverkauft<\/a><\/p>\n<p><a class=\"post-link\" href=\"https:\/\/www.l-iz.de\/leben\/gesellschaft\/2025\/05\/sind-die-deutschen-faul-und-mussen-mehr-arbeiten-vehemenz-argument-kommentar-624940\" target=\"_blank\" rel=\"noopener\">Sind die Deutschen faul und m\u00fcssen mehr arbeiten? Wenn Vehemenz zum Argument wird \u2013 ein Kommentar<\/a><\/p>\n<p><a class=\"post-link\" href=\"https:\/\/www.l-iz.de\/wirtschaft\/metropolregion\/2025\/05\/ihk-konjunkturumfrage-im-fruhjahr-2025-sachsische-wirtschaft-schwieriges-fahrwasser-624806\" target=\"_blank\" rel=\"noopener\">IHK-Konjunkturumfrage im Fr\u00fchjahr 2025: S\u00e4chsische Wirtschaft in schwierigem Fahrwasser<\/a><\/p>\n<p><a class=\"post-link\" href=\"https:\/\/www.l-iz.de\/leben\/faelle-unfaelle\/2025\/05\/verleumdung-eines-staatsanwalts-bei-tag-x-demo-auf-twitter-ex-stadtrat-juergen-kasek-vor-gericht-624947\" target=\"_blank\" rel=\"noopener\">Verleumdung eines Staatsanwalts bei Tag X-Demo auf Twitter? Ex-Stadtrat J\u00fcrgen Kasek vor Gericht<\/a><\/p>\n<p><a class=\"post-link\" href=\"https:\/\/www.l-iz.de\/wirtschaft\/verbraucher\/2025\/05\/strompreise-in-deutschland-teil-2-netzentgelte-kosten-ausbau-stromnetze-624783\" target=\"_blank\" rel=\"noopener\">Strompreise in Deutschland \u2013 Teil 2: Netzentgelte \u2013 die Kosten des Ausbaus der Stromnetze<\/a><\/p>\n<p><a class=\"post-link\" href=\"https:\/\/www.l-iz.de\/kultur\/lebensart\/2025\/05\/pfingsten-steht-vor-der-tuer-wgt-baby-624780\" target=\"_blank\" rel=\"noopener\">Pfingsten steht vor der T\u00fcr: WGT Baby!<\/a><\/p>\n<p><a class=\"post-link\" href=\"https:\/\/www.l-iz.de\/bildung\/buecher\/2025\/05\/das-russland-netzwerk-russische-staatsmedien-deutschland-propaganda-624797\" target=\"_blank\" rel=\"noopener\">Das Russland Netzwerk: Wie russische Staatsmedien direkt in Deutschland Propaganda machen<\/a><\/p>\n<p><strong>Was sonst noch wichtig war:<\/strong><\/p>\n<p>Die Immunit\u00e4t von Sachsens Kultusminister <a href=\"https:\/\/www.mdr.de\/nachrichten\/sachsen\/politik\/landtag-immunitaet-aufgehoben-kultusminister-clemens-100.html\" target=\"_blank\" rel=\"noopener\">wurde aufgehoben<\/a>, Hintergrund ist sein mutma\u00dflicher Verkehrsversto\u00df.<\/p>\n<p>Nach der Zerschlagung einer mutma\u00dflichen Rechtsterror-Zelle sind <a href=\"https:\/\/www.deutschlandfunk.de\/rechtsextreme-terrorzelle-aus-jugendlichen-jetzt-alle-festgenommenen-in-untersuchungshaft-100.html\" target=\"_blank\" rel=\"noopener\">alle f\u00fcnf Verd\u00e4chtigen, keiner \u00e4lter als 18, in Haft<\/a>.<\/p>\n<p>Bundeskanzler Friedrich Merz <a href=\"https:\/\/www.tagesschau.de\/ausland\/europa\/merz-brigade-litauen-100.html\" target=\"_blank\" rel=\"noopener\">reiste nach Litauen<\/a>.<\/p>\n<p>In Gaza <a href=\"https:\/\/www.tagesschau.de\/ausland\/asien\/gaza-hilfslieferungen-116.html\" target=\"_blank\" rel=\"noopener\">warten weiter viele Menschen<\/a> auf dringend ben\u00f6tigte Hilfslieferungen.<\/p>\n","protected":false},"excerpt":{"rendered":"Nach einem brutalen \u00dcberfall, bei dem ein 13-J\u00e4hriger in einen W\u00fcrgegriff genommen wurde, sucht die Leipziger Polizei nach&hellip;\n","protected":false},"author":2,"featured_media":131120,"comment_status":"","ping_status":"","sticky":false,"template":"","format":"standard","meta":{"footnotes":""},"categories":[1832],"tags":[7015,3364,2409,29,30,10569,71,16740,121,4576,23661,859],"class_list":{"0":"post-131119","1":"post","2":"type-post","3":"status-publish","4":"format-standard","5":"has-post-thumbnail","7":"category-leipzig","8":"tag-angela-merkel","9":"tag-de","10":"tag-der-tag","11":"tag-deutschland","12":"tag-germany","13":"tag-grenzkontrollen","14":"tag-leipzig","15":"tag-lindenau","16":"tag-polizei","17":"tag-raub","18":"tag-raeuberische-erpressung","19":"tag-sachsen"},"share_on_mastodon":{"url":"https:\/\/pubeurope.com\/@de\/114552397262079450","error":""},"_links":{"self":[{"href":"https:\/\/www.europesays.com\/de\/wp-json\/wp\/v2\/posts\/131119","targetHints":{"allow":["GET"]}}],"collection":[{"href":"https:\/\/www.europesays.com\/de\/wp-json\/wp\/v2\/posts"}],"about":[{"href":"https:\/\/www.europesays.com\/de\/wp-json\/wp\/v2\/types\/post"}],"author":[{"embeddable":true,"href":"https:\/\/www.europesays.com\/de\/wp-json\/wp\/v2\/users\/2"}],"replies":[{"embeddable":true,"href":"https:\/\/www.europesays.com\/de\/wp-json\/wp\/v2\/comments?post=131119"}],"version-history":[{"count":0,"href":"https:\/\/www.europesays.com\/de\/wp-json\/wp\/v2\/posts\/131119\/revisions"}],"wp:featuredmedia":[{"embeddable":true,"href":"https:\/\/www.europesays.com\/de\/wp-json\/wp\/v2\/media\/131120"}],"wp:attachment":[{"href":"https:\/\/www.europesays.com\/de\/wp-json\/wp\/v2\/media?parent=131119"}],"wp:term":[{"taxonomy":"category","embeddable":true,"href":"https:\/\/www.europesays.com\/de\/wp-json\/wp\/v2\/categories?post=131119"},{"taxonomy":"post_tag","embeddable":true,"href":"https:\/\/www.europesays.com\/de\/wp-json\/wp\/v2\/tags?post=131119"}],"curies":[{"name":"wp","href":"https:\/\/api.w.org\/{rel}","templated":true}]}}