{"id":131157,"date":"2025-05-22T16:39:10","date_gmt":"2025-05-22T16:39:10","guid":{"rendered":"https:\/\/www.europesays.com\/de\/131157\/"},"modified":"2025-05-22T16:39:10","modified_gmt":"2025-05-22T16:39:10","slug":"miley-cyrus-nun-muss-sie-durch-ihre-party-vergangenheit-zurueckstecken","status":"publish","type":"post","link":"https:\/\/www.europesays.com\/de\/131157\/","title":{"rendered":"Miley Cyrus: Nun muss sie durch ihre Party-Vergangenheit zur\u00fcckstecken"},"content":{"rendered":"<p>Miley Cyrus<br \/>\nParty-Vergangenheit r\u00e4cht sich \u2013 jetzt muss die S\u00e4ngerin zur\u00fcckstecken<\/p>\n<p><img class=\"image image-element__image\"   src=\"https:\/\/www.europesays.com\/de\/wp-content\/uploads\/2025\/05\/1747931950_629_miley-cyrus.jpg\" alt=\"Miley Cyrus\" decoding=\"async\" fetchpriority=\"high\" loading=\"eager\"\/><br \/>\n<a href=\"https:\/\/image.gala.de\/24379754\/t\/7m\/v3\/w2048\/r1.5\/-\/miley-cyrus.jpg#Kevin%20Mazur%20%2F%20Getty%20Images\" class=\"image__magnifier\" aria-label=\"Vergr\u00f6\u00dfern\" rel=\"nofollow noopener\" target=\"_blank\"><\/p>\n<p>\u00a9 Kevin Mazur \/ Getty Images<\/p>\n<p>\nMiley Cyrus&#8216; Vergangenheit ist von so einigen Skandalen gepr\u00e4gt. Jetzt packt sie im Interview mit Zane Lowe \u00fcber die Konsequenzen ihres damaligen Lebensstils aus.\n<\/p>\n<p class=\"text-element u-richtext u-typo u-typo--article-text article__text-element text-element--context-article\"> <a class=\"link--person\" data-target-type=\"article\" href=\"https:\/\/www.gala.de\/stars\/starportraets\/miley-cyrus-20488698.html\" rel=\"nofollow noopener\" target=\"_blank\">Miley Cyrus<\/a>, 32, ist nicht nur durch ihr Gesangstalent bekannt \u2013 in der Vergangenheit machte sie durch so einige Schlagzeilen auf sich aufmerksam. In einem Interview reflektierte sie jetzt ihr damaliges Verhalten und dessen Folgen.<\/p>\n<p>Miley Cyrus: Diagnose mit Folgen<\/p>\n<p class=\"text-element u-richtext u-typo u-typo--article-text article__text-element text-element--context-article\"> Im Interview mit <a class=\"\" data-target-type=\"article\" href=\"https:\/\/www.gala.de\/stars\/themen\/zane-lowe-20967480.html\" rel=\"nofollow noopener\" target=\"_blank\">Zane Lowe<\/a>, 51, offenbarte die S\u00e4ngerin den Grund ihrer rauchigen Stimme. Sie habe das Reinke-\u00d6dem diagnostiziert bekommen. Bei der Erkrankung handelt es sich um eine Verdickung der Stimmb\u00e4nder, die zu einer tieferen Stimme f\u00fchren kann. Miley Cyrus gab offen zu, dass sie mit 21 nach jeder Show feierte, rauchte und trank \u2013 Dinge, die nicht hilfreich sind, die Krankheit in den Griff zu bekommen. Trotzdem f\u00fcgte die Schauspielerin hinzu: &#8222;Aber in meinem Fall ist das nicht die Ursache. Meine Stimme klang schon immer so.&#8220;\u00a0<\/p>\n<p class=\"text-element u-richtext u-typo u-typo--article-text article__text-element text-element--context-article\"> Cyrus offenbarte, dass sie einen gro\u00dfen Polyp auf ihrem Stimmband habe, der ihr den Ton und die Textur ihrer Stimme gebe. Ihr sei bewusst, dass sie eine Einzigartigkeit mit hohem Wiedererkennungswert in ihrer Stimme hat. Deshalb kommt es f\u00fcr die 32-J\u00e4hrige noch nicht in Frage, sich einer Operation zu unterziehen. Das Risiko sei gro\u00df, dass ihre Stimme nach Entfernen des Polypen anders klingt und sie somit ihren besonderen Ton verlieren w\u00fcrde.<\/p>\n<p>Miley Cyrus offenbart den Grund f\u00fcr ihre Konzertpause<\/p>\n<p class=\"text-element u-richtext u-typo u-typo--article-text article__text-element text-element--context-article\"> Cyrus betonte, was f\u00fcr einem enormen Stress sie w\u00e4hrend eines Konzertes ausgesetzt ist. Seit Jahren ist die 32-J\u00e4hrige n\u00fcchtern \u2013 weder Alkohol noch Marihuana konsumiert sie. Darauf legt sie gro\u00dfen Wert, weshalb die S\u00e4ngerin diesen Zustand nicht durch den Konzert-Stress gef\u00e4hrden m\u00f6chte. Dazu betonte sie: &#8222;Das ist super wichtig f\u00fcr mich. Dazu geh\u00f6rt auch, dass ich mich geistig, k\u00f6rperlich, spirituell und emotional fit halte, und ich m\u00f6chte den k\u00f6rperlichen Aspekt betonen, weil eine Live-Performance k\u00f6rperlich sehr anstrengend ist.&#8220;<\/p>\n<p class=\"text-element u-richtext u-typo u-typo--article-text article__text-element text-element--context-article\"> Zu dem Stress kommt ihr gesundheitlicher Zustand hinzu. Mit dem Polyp zu performen, bringe den einstigen Disney-Star an seine Grenzen: &#8222;Es ist extrem schwierig, damit aufzutreten, weil es so ist, als w\u00fcrde man einen Marathon mit Gewichten am Fu\u00dfgelenk laufen.&#8220; Damit ist wohl eindeutig, dass Fans vorerst nicht mit einem Tournee-Comeback von Miley Cyrus rechnen k\u00f6nnen.<\/p>\n<p class=\"text-element u-richtext u-typo u-typo--article-text article__text-element text-element--context-article\"> Verwendete Quelle: justjared.com<\/p>\n<p>\nnsi<br \/>\nGala\n<\/p>\n<p>#Themen<\/p>\n","protected":false},"excerpt":{"rendered":"Miley Cyrus Party-Vergangenheit r\u00e4cht sich \u2013 jetzt muss die S\u00e4ngerin zur\u00fcckstecken \u00a9 Kevin Mazur \/ Getty Images Miley&hellip;\n","protected":false},"author":2,"featured_media":131158,"comment_status":"","ping_status":"","sticky":false,"template":"","format":"standard","meta":{"footnotes":""},"categories":[1776],"tags":[1801,29,214,30,1802,215],"class_list":{"0":"post-131157","1":"post","2":"type-post","3":"status-publish","4":"format-standard","5":"has-post-thumbnail","7":"category-prominente","8":"tag-celebrities","9":"tag-deutschland","10":"tag-entertainment","11":"tag-germany","12":"tag-prominente","13":"tag-unterhaltung"},"share_on_mastodon":{"url":"https:\/\/pubeurope.com\/@de\/114552475759455402","error":""},"_links":{"self":[{"href":"https:\/\/www.europesays.com\/de\/wp-json\/wp\/v2\/posts\/131157","targetHints":{"allow":["GET"]}}],"collection":[{"href":"https:\/\/www.europesays.com\/de\/wp-json\/wp\/v2\/posts"}],"about":[{"href":"https:\/\/www.europesays.com\/de\/wp-json\/wp\/v2\/types\/post"}],"author":[{"embeddable":true,"href":"https:\/\/www.europesays.com\/de\/wp-json\/wp\/v2\/users\/2"}],"replies":[{"embeddable":true,"href":"https:\/\/www.europesays.com\/de\/wp-json\/wp\/v2\/comments?post=131157"}],"version-history":[{"count":0,"href":"https:\/\/www.europesays.com\/de\/wp-json\/wp\/v2\/posts\/131157\/revisions"}],"wp:featuredmedia":[{"embeddable":true,"href":"https:\/\/www.europesays.com\/de\/wp-json\/wp\/v2\/media\/131158"}],"wp:attachment":[{"href":"https:\/\/www.europesays.com\/de\/wp-json\/wp\/v2\/media?parent=131157"}],"wp:term":[{"taxonomy":"category","embeddable":true,"href":"https:\/\/www.europesays.com\/de\/wp-json\/wp\/v2\/categories?post=131157"},{"taxonomy":"post_tag","embeddable":true,"href":"https:\/\/www.europesays.com\/de\/wp-json\/wp\/v2\/tags?post=131157"}],"curies":[{"name":"wp","href":"https:\/\/api.w.org\/{rel}","templated":true}]}}