{"id":131170,"date":"2025-05-22T16:47:08","date_gmt":"2025-05-22T16:47:08","guid":{"rendered":"https:\/\/www.europesays.com\/de\/131170\/"},"modified":"2025-05-22T16:47:08","modified_gmt":"2025-05-22T16:47:08","slug":"texas-patti-mein-leben-am-hoehepunkt-bei-rtraets","status":"publish","type":"post","link":"https:\/\/www.europesays.com\/de\/131170\/","title":{"rendered":"&#8218;Texas Patti &#8211; Mein Leben am H\u00f6hepunkt&#8216; bei&#8230;rtr\u00e4ts"},"content":{"rendered":"<p>Wann und wo Sie heute, am 22.05.2025, das Portr\u00e4t &#8222;Texas Patti &#8211; Mein Leben am H\u00f6hepunkt&#8220; im TV sehen k\u00f6nnen, lesen Sie hier. Au\u00dferdem verraten wir Ihnen alle Infos zum Live-Stream online und zu der Wiederholung in der Mediathek sowie die n\u00e4chsten TV-Termine von &#8222;Texas Patti &#8211; Mein Leben am H\u00f6hepunkt&#8220;. F\u00fcr alle, die lieber im Netz fernsehen: <a href=\"https:\/\/www.tvnow.de\/rtl2\/live-tv\" rel=\"nofollow noopener\" target=\"_blank\">RTL2 bietet online auch einen Live-Stream an<\/a>.<\/p>\n<p>Wann wird &#8222;Texas Patti &#8211; Mein Leben am H\u00f6hepunkt&#8220; vom 22.05.2025 wiederholt? TV-Termin und RTL2-Mediathek RTL Zwei<\/p>\n<p>Sie werden &#8222;Texas Patti &#8211; Mein Leben am H\u00f6hepunkt&#8220; heute um 21:15 Uhr nicht sehen k\u00f6nnen? Hier k\u00f6nnte die RTL2-Mediathek hilfreich sein. <a href=\"https:\/\/www.tvnow.de\/sendung-verpasst\" target=\"_blank\" rel=\"noopener\">Dort finden Sie zahlreiche TV-Beitr\u00e4ge nach der Ausstrahlung online als Video on Demand zum streamen<\/a>. Eine Wiederholung im TV bei RTL2 wird es vorerst nicht geben. In der Regel finden Sie die Sendung nach der TV-Ausstrahlung online vor. Doch leider gilt das nicht f\u00fcr alle Sendungen.<\/p>\n<p>Alle Infos zu &#8222;Texas Patti &#8211; Mein Leben am H\u00f6hepunkt&#8220; im TV<\/p>\n<p><strong>Datum<\/strong>: 22.05.2025 (Erstausstrahlung)<\/p>\n<p><strong>Bei<\/strong>: RTL2<\/p>\n<p><strong>Folge<\/strong>: 2 (&#8222;Texas Patti &#8211; Mein Leben am H\u00f6hepunkt (2)&#8220;)<\/p>\n<p><strong>Thema<\/strong>: &#8222;Portr\u00e4t&#8220;<\/p>\n<p><strong>Produktionsjahr<\/strong>: 2025<\/p>\n<p><strong>L\u00e4nge<\/strong>: 60 Minuten (Von 21:15 bis 22:15 Uhr)<\/p>\n<p>Weitere Folgen von &#8222;Texas Patti &#8211; Mein Leben am H\u00f6hepunkt&#8220; im TV<\/p>\n<p>Wann und wo sie weitere Folgen von &#8222;Texas Patti &#8211; Mein Leben am H\u00f6hepunkt&#8220; im Fernsehen sehen k\u00f6nnen, erfahren Sie hier:<\/p>\n<p>Die Angaben zur Staffel und der Folgennummer werden von den jeweiligen Sendern vergeben und k\u00f6nnen von der Nomenklatur in den offiziellen Episodenguides abweichen.<\/p>\n","protected":false},"excerpt":{"rendered":"Wann und wo Sie heute, am 22.05.2025, das Portr\u00e4t &#8222;Texas Patti &#8211; Mein Leben am H\u00f6hepunkt&#8220; im TV&hellip;\n","protected":false},"author":2,"featured_media":131171,"comment_status":"","ping_status":"","sticky":false,"template":"","format":"standard","meta":{"footnotes":""},"categories":[155],"tags":[48,29,214,24331,30,48687,19899,797,48686,48688,215,4910],"class_list":{"0":"post-131170","1":"post","2":"type-post","3":"status-publish","4":"format-standard","5":"has-post-thumbnail","7":"category-unterhaltung","8":"tag-48","9":"tag-deutschland","10":"tag-entertainment","11":"tag-folge","12":"tag-germany","13":"tag-patti","14":"tag-rtl-zwei","15":"tag-texas","16":"tag-texas-patti","17":"tag-texas-patti-mein","18":"tag-unterhaltung","19":"tag-zwei"},"share_on_mastodon":{"url":"https:\/\/pubeurope.com\/@de\/114552507781145328","error":""},"_links":{"self":[{"href":"https:\/\/www.europesays.com\/de\/wp-json\/wp\/v2\/posts\/131170","targetHints":{"allow":["GET"]}}],"collection":[{"href":"https:\/\/www.europesays.com\/de\/wp-json\/wp\/v2\/posts"}],"about":[{"href":"https:\/\/www.europesays.com\/de\/wp-json\/wp\/v2\/types\/post"}],"author":[{"embeddable":true,"href":"https:\/\/www.europesays.com\/de\/wp-json\/wp\/v2\/users\/2"}],"replies":[{"embeddable":true,"href":"https:\/\/www.europesays.com\/de\/wp-json\/wp\/v2\/comments?post=131170"}],"version-history":[{"count":0,"href":"https:\/\/www.europesays.com\/de\/wp-json\/wp\/v2\/posts\/131170\/revisions"}],"wp:featuredmedia":[{"embeddable":true,"href":"https:\/\/www.europesays.com\/de\/wp-json\/wp\/v2\/media\/131171"}],"wp:attachment":[{"href":"https:\/\/www.europesays.com\/de\/wp-json\/wp\/v2\/media?parent=131170"}],"wp:term":[{"taxonomy":"category","embeddable":true,"href":"https:\/\/www.europesays.com\/de\/wp-json\/wp\/v2\/categories?post=131170"},{"taxonomy":"post_tag","embeddable":true,"href":"https:\/\/www.europesays.com\/de\/wp-json\/wp\/v2\/tags?post=131170"}],"curies":[{"name":"wp","href":"https:\/\/api.w.org\/{rel}","templated":true}]}}