{"id":131178,"date":"2025-05-22T16:51:08","date_gmt":"2025-05-22T16:51:08","guid":{"rendered":"https:\/\/www.europesays.com\/de\/131178\/"},"modified":"2025-05-22T16:51:08","modified_gmt":"2025-05-22T16:51:08","slug":"junge-an-spandauer-grundschule-mit-messer-verletzt-13-jaehriger-mitschueler-unter-tatverdacht","status":"publish","type":"post","link":"https:\/\/www.europesays.com\/de\/131178\/","title":{"rendered":"Junge an Spandauer Grundschule mit Messer verletzt \u2013 13-j\u00e4hriger Mitsch\u00fcler unter Tatverdacht"},"content":{"rendered":"<p class=\"tspB0lt tspB0lu\">An einer Grundschule in Berlin-Spandau ist ein Zw\u00f6lfj\u00e4hriger nach Tagesspiegel-Informationen mit einem Messer verletzt worden. Tatverd\u00e4chtig ist ein 13-j\u00e4hriger Mitsch\u00fcler, der auf der Flucht ist. Zuvor soll es zu einem Streit gekommen sein. Nach Polizeiangaben verletzte der Angreifer das Opfer auf dem Schulgel\u00e4nde mit einer Stichwaffe am Oberk\u00f6rper.<\/p>\n<p><a href=\"https:\/\/abo.tagesspiegel.de\/tagesspiegel-app?icid=single-topic_13737778___\" data-gtm-class=\"article-mzt-link\" class=\"tspB7mh\" target=\"_blank\" rel=\"noopener\">Die Tagesspiegel-App Aktuelle Nachrichten, Hintergr\u00fcnde und Analysen direkt auf Ihr Smartphone. Dazu die digitale Zeitung. Hier gratis herunterladen.  <\/a><\/p>\n<p class=\"tspB0lt\">Rettungskr\u00e4fte brachten den verletzten Jungen ins Krankenhaus, wo er operiert wurde. Der Zustand des Jungen sei stabil, hie\u00df es am Donnerstag von der Polizei. Er sei nicht in Lebensgefahr.<\/p>\n<p class=\"tspB0lt\">\u201eDerzeit l\u00e4uft die Fahndung nach dem Tatverd\u00e4chtigen, unter anderem mithilfe eines Polizeihubschraubers und von Sp\u00fcrhunden\u201c, teilte die Polizei am Abend mit. Wenn der Junge gefasst sei, werde er in eine Betreuungseinrichtung gebracht.<\/p>\n<p class=\"tspB0lt\">Wie die Beh\u00f6rde mitteilte, gehen der fl\u00fcchtige 13-J\u00e4hrige und das Opfer in die sechste Klasse. Seine Eltern w\u00fcrden die polizeilichen Ma\u00dfnahmen unterst\u00fctzen. Die Polizei korrigierte zudem vorherige Angaben, wonach es sich bei dem Opfer um einen elfj\u00e4hrigen F\u00fcnftkl\u00e4ssler handele. Die Tatwaffe sei eine Stichwaffe, hie\u00df es.<\/p>\n<p class=\"tspTel\">Empfohlener redaktioneller Inhalt<\/p>\n<p> An dieser Stelle finden Sie einen von unseren Redakteuren ausgew\u00e4hlten, externen Inhalt, der den Artikel f\u00fcr Sie mit zus\u00e4tzlichen Informationen anreichert. Sie k\u00f6nnen sich hier den externen Inhalt mit einem Klick anzeigen lassen oder wieder ausblenden. <\/p>\n<p> Externen Inhalt anzeigen <\/p>\n<p class=\"tspTer\"> Ich bin damit einverstanden, dass mir der externe Inhalt angezeigt wird. Damit k\u00f6nnen personenbezogene Daten an Drittplattformen \u00fcbermittelt werden.  Mehr Informationen dazu erhalten Sie in den Datenschutz-Einstellungen. Diese finden Sie ganz unten auf unserer Seite im Footer, sodass Sie Ihre Einstellungen jederzeit verwalten oder widerrufen k\u00f6nnen. <\/p>\n<p><img decoding=\"async\" src=\"https:\/\/www.europesays.com\/de\/wp-content\/uploads\/2025\/05\/grundschule-am-weinmeisterhorn-in-spandau.jpeg\"   alt=\"\" aria-labelledby=\"caption-13739548\" width=\"440\" height=\"330\" loading=\"lazy\" class=\"tspAShz\"\/> Polizeieinsatz an der Grundschule am Weinmeisterhorn. Eine Mordkommission hat die Ermittlungen \u00fcbernommen. <\/p>\n<p class=\"tspACfq\"> \u00a9 Nick Wilcke <\/p>\n<p class=\"tspB0lt\">Polizei und Feuerwehr wurden am Donnerstagvormittag zu der Grundschule am Weinmeisterhorn in der Daberkowstra\u00dfe alarmiert. Auch Seelsorger waren vor Ort. Der mutma\u00dfliche T\u00e4ter und das Opfer sind nach Tagesspiegel-Informationen beide von der Schule. Eine Mordkommission r\u00fcckte am Nachmittag ebenfalls an und \u00fcbernahm die Ermittlungen vor Ort. <\/p>\n<p> Mitsch\u00fcler fanden verletzten Zw\u00f6lfj\u00e4hrigen <\/p>\n<p class=\"tspB0lt\">Zuerst berichtete <a href=\"https:\/\/www.bild.de\/regional\/berlin\/berlin-spandau-messer-attacke-auf-kind-in-berliner-grundschule-682f133511c54108e4fe5f79\" target=\"_blank\" rel=\"noopener\" class=\"link link--external\" data-gtm-class=\"article-text-link\" data-gtm-val=\"external\" aria-describedby=\"message-target-blank\">die \u201eBild\u201c<\/a> \u00fcber den Angriff. Die Polizei teilte auf Anfrage mit, man sei gegen 11.30 Uhr zu einem verletzten Jungen gerufen worden. Mitsch\u00fcler hatten den Zw\u00f6lfj\u00e4hrigen auf dem Schulhof gefunden, die Lehrer alarmierten die Polizei und Feuerwehr. <\/p>\n<p class=\"tspB0lt\">Die Kriminalpolizei befrage Sch\u00fcler und Lehrer als Zeugen, hie\u00df es von der Polizei. Alle anderen Sch\u00fcler wurden nach Hause geschickt. Die Grundschule am Weinmeisterhorn hat mehr als 400 Sch\u00fcler und liegt in einer ruhigen Einfamilienhausgegend im s\u00fcdlichen Wilhelmstadt. <\/p>\n<p><a href=\"https:\/\/www.tagesspiegel.de\/berlin\/schule\/wenn-schuler-zuschlagen-berliner-schulen-registrieren-mehr-gewalt-seit-corona-lockdowns-11279389.html?icid=single-topic_13737778___\" data-gtm-class=\"article-mzt-link\" class=\"tspB7mh\" target=\"_blank\" rel=\"noopener\">Wenn Sch\u00fcler zuschlagen Berliner Schulen registrieren mehr Gewalt seit Corona-Lockdowns <\/a><\/p>\n<p class=\"tspB0lt\">Die Bildungsverwaltung zeigte sich tief betroffen von dem Vorfall. Die Schule habe schnell und verantwortungsvoll nach dem Notfallplan gehandelt, betonte die Beh\u00f6rde. Die Schulleitung stehe im engen Austausch mit den zust\u00e4ndigen Stellen. \u201eDas schulische Krisenteam sowie das Schulpsychologische und Inklusionsp\u00e4dagogische Beratungs- und Unterst\u00fctzungszentrum (SIBUZ) sind eingebunden und stehen zur Unterst\u00fctzung zur Verf\u00fcgung\u201c, hie\u00df es.\u00a0Die Bildungsverwaltung begleite den Prozess eng und stehe im kontinuierlichen Kontakt mit der Schule. \u201eSenatorin Katharina G\u00fcnther-W\u00fcnsch wird umgehend das pers\u00f6nliche Gespr\u00e4ch mit der Schulleitung suchen.\u201c<\/p>\n<p class=\"tspB0lt\">Die Gewerkschaft der Polizei (GdP) reagierte ebenfalls auf den Vorfall: \u201eWir m\u00fcssen in unserer Gesellschaft grunds\u00e4tzlich st\u00e4rker \u00fcber die wachsende Gewalt, Gr\u00fcnde und Ma\u00dfnahmen debattieren\u201c, teilte GdP-Landeschef Stephan Weh mit. \u201eEs ist seit Jahren zu erkennen, dass die Auseinandersetzungen auf Schulh\u00f6fen auch mit dem Einsatz von Waffen mehr werden, der Einfluss von Social Media steigt, Kompromissf\u00e4higkeit sinkt, wir aber weder das Thema Medienkompetenz fest im Lehrplan verankert noch ein generelles Messerverbot in der \u00d6ffentlichkeit haben.\u201c Weh sagte: \u201eWir m\u00fcssen uns dann auch mal fragen, was wir als Gesellschaft unseren Kindern eigentlich vorleben.\u201c<\/p>\n<p> Aktuelles aus Berlin <a href=\"https:\/\/www.tagesspiegel.de\/berlin\/statt-zwei-minuten-brauche-ich-jetzt-40-anwohner-entsetzt-uber-verkehrschaos-wegen-brucken-abriss-an-berliner-wuhlheide-13725844.html?icid=topic-list_13737778___\" data-gtm-class=\"article-mzt-link\" class=\"tspB7mh\" target=\"_blank\" rel=\"noopener\">\u201eStatt zwei Minuten brauche ich jetzt 40\u201c Anwohner entsetzt \u00fcber Verkehrschaos wegen Br\u00fccken-Abriss an Berliner Wuhlheide <\/a><a href=\"https:\/\/www.tagesspiegel.de\/berlin\/nach-wanderung-auf-korsika-dreifacher-familienvater-aus-berlin-seit-drei-wochen-vermisst-13736308.html?icid=topic-list_13737778___\" data-gtm-class=\"article-mzt-link\" class=\"tspB7mh\" target=\"_blank\" rel=\"noopener\">Familie will Suchaktion fortsetzen Dreifacher Vater aus Berlin nach Wanderung auf Korsika vermisst <\/a><a href=\"https:\/\/www.tagesspiegel.de\/berlin\/schuler-sollen-lehrer-in-berlin-gemobbt-haben-queerfeindlichkeit-an-schulen-laut-expertin-verbreitet-13737661.html?icid=topic-list_13737778___\" data-gtm-class=\"article-mzt-link\" class=\"tspB7mh\" target=\"_blank\" rel=\"noopener\">Sch\u00fcler sollen Lehrer in Berlin gemobbt haben Queerfeindlichkeit an Schulen laut Expertin verbreitet <\/a><\/p>\n<p class=\"tspB0lt\">Im vergangenen Jahr hatte es auch an anderen Berliner Schulen Messerangriffe unter Jugendlichen gegeben. An einem Februarabend wurde ein Zehntkl\u00e4ssler vor der Fritz-Karsen-Schule in Neuk\u00f6lln <a href=\"https:\/\/www.tagesspiegel.de\/berlin\/schule\/elf-stichverletzungen-in-berlin-britz-zehntklassler-der-fritz-karsen-schule-von-mitschulern-angegriffen-11272765.html?icid=in-text-link_13737778\" class=\"link link--internal\" data-gtm-class=\"article-text-link\" data-gtm-val=\"internal\" target=\"_blank\" rel=\"noopener\">von drei Mitsch\u00fclern aus der neunten Klasse verpr\u00fcgelt,<\/a> dabei erlitt er au\u00dferdem elf oberfl\u00e4chliche Messerstichverletzungen. <\/p>\n<p class=\"tspB0lt\">Im Juni gingen ein 16-J\u00e4hriger und ein 18-J\u00e4hriger <a href=\"https:\/\/www.tagesspiegel.de\/berlin\/messerattacke-an-berliner-schule-streit-unter-jugendlichen-in-lichtenberg-eskaliert-11763665.html?icid=in-text-link_13737778\" class=\"link link--internal\" data-gtm-class=\"article-text-link\" data-gtm-val=\"internal\" target=\"_blank\" rel=\"noopener\">auf dem Gr\u00fcnen Campus Malchow in Lichtenberg nach einem Streit gewaltsam aufeinander los.<\/a> Dabei verletzte der J\u00fcngere den \u00c4lteren mit einem Messer am Kopf und Arm. <\/p>\n","protected":false},"excerpt":{"rendered":"An einer Grundschule in Berlin-Spandau ist ein Zw\u00f6lfj\u00e4hriger nach Tagesspiegel-Informationen mit einem Messer verletzt worden. Tatverd\u00e4chtig ist ein&hellip;\n","protected":false},"author":2,"featured_media":131179,"comment_status":"","ping_status":"","sticky":false,"template":"","format":"standard","meta":{"footnotes":""},"categories":[2],"tags":[29,30,13,14,15,4908,12,529,10,8,9,11],"class_list":{"0":"post-131178","1":"post","2":"type-post","3":"status-publish","4":"format-standard","5":"has-post-thumbnail","7":"category-deutschland","8":"tag-deutschland","9":"tag-germany","10":"tag-headlines","11":"tag-nachrichten","12":"tag-news","13":"tag-polizeieinsatz","14":"tag-schlagzeilen","15":"tag-spandau","16":"tag-top-news","17":"tag-top-meldungen","18":"tag-topmeldungen","19":"tag-topnews"},"share_on_mastodon":{"url":"","error":""},"_links":{"self":[{"href":"https:\/\/www.europesays.com\/de\/wp-json\/wp\/v2\/posts\/131178","targetHints":{"allow":["GET"]}}],"collection":[{"href":"https:\/\/www.europesays.com\/de\/wp-json\/wp\/v2\/posts"}],"about":[{"href":"https:\/\/www.europesays.com\/de\/wp-json\/wp\/v2\/types\/post"}],"author":[{"embeddable":true,"href":"https:\/\/www.europesays.com\/de\/wp-json\/wp\/v2\/users\/2"}],"replies":[{"embeddable":true,"href":"https:\/\/www.europesays.com\/de\/wp-json\/wp\/v2\/comments?post=131178"}],"version-history":[{"count":0,"href":"https:\/\/www.europesays.com\/de\/wp-json\/wp\/v2\/posts\/131178\/revisions"}],"wp:featuredmedia":[{"embeddable":true,"href":"https:\/\/www.europesays.com\/de\/wp-json\/wp\/v2\/media\/131179"}],"wp:attachment":[{"href":"https:\/\/www.europesays.com\/de\/wp-json\/wp\/v2\/media?parent=131178"}],"wp:term":[{"taxonomy":"category","embeddable":true,"href":"https:\/\/www.europesays.com\/de\/wp-json\/wp\/v2\/categories?post=131178"},{"taxonomy":"post_tag","embeddable":true,"href":"https:\/\/www.europesays.com\/de\/wp-json\/wp\/v2\/tags?post=131178"}],"curies":[{"name":"wp","href":"https:\/\/api.w.org\/{rel}","templated":true}]}}