{"id":131242,"date":"2025-05-22T17:25:42","date_gmt":"2025-05-22T17:25:42","guid":{"rendered":"https:\/\/www.europesays.com\/de\/131242\/"},"modified":"2025-05-22T17:25:42","modified_gmt":"2025-05-22T17:25:42","slug":"wandelkonzert-der-philharmoniker-in-der-kueppersmuehle","status":"publish","type":"post","link":"https:\/\/www.europesays.com\/de\/131242\/","title":{"rendered":"Wandelkonzert der Philharmoniker in der K\u00fcppersm\u00fchle"},"content":{"rendered":"<p class=\"text_ohne_einzug richtext text-em-55 !leading-serif mx-6 desktop:mx-0\"> Das Wandelkonzert fand zum neunten Mal \u00fcberhaupt sowie zum dritten und somit letzten Mal f\u00fcr die aktuelle Saison statt. (die RP berichtet regelm\u00e4\u00dfig). Der bew\u00e4hrte Kurator und Regisseur Ludger Engels hatte wieder eine knappe Stunde in die offenen Ausstellungsr\u00e4ume im Erdgeschoss gepackt, diesmal unter dem Titel \u201eAlltagsmysterien&#8220; in die laufende Schau \u201eMaler, Diebe und Gesindel&#8220; mit farbstarken und gro\u00dfformatigen Gem\u00e4lden von Dieter Krieg (1937-2005, die RP berichtete).<\/p>\n","protected":false},"excerpt":{"rendered":"Das Wandelkonzert fand zum neunten Mal \u00fcberhaupt sowie zum dritten und somit letzten Mal f\u00fcr die aktuelle Saison&hellip;\n","protected":false},"author":2,"featured_media":131243,"comment_status":"","ping_status":"","sticky":false,"template":"","format":"standard","meta":{"footnotes":""},"categories":[1838],"tags":[48707,3364,29,7801,3715,40017,48710,30,48706,1209,48709,35512,11671,48705,48708,48704],"class_list":{"0":"post-131242","1":"post","2":"type-post","3":"status-publish","4":"format-standard","5":"has-post-thumbnail","7":"category-duisburg","8":"tag-begeisterung","9":"tag-de","10":"tag-deutschland","11":"tag-dieter-krieg","12":"tag-duisburg","13":"tag-geige","14":"tag-geigenden","15":"tag-germany","16":"tag-hinsicht","17":"tag-nordrhein-westfalen","18":"tag-schwenker","19":"tag-sorgte","20":"tag-violine","21":"tag-virtuose","22":"tag-wanat","23":"tag-wandelkonzert"},"share_on_mastodon":{"url":"https:\/\/pubeurope.com\/@de\/114552656725278645","error":""},"_links":{"self":[{"href":"https:\/\/www.europesays.com\/de\/wp-json\/wp\/v2\/posts\/131242","targetHints":{"allow":["GET"]}}],"collection":[{"href":"https:\/\/www.europesays.com\/de\/wp-json\/wp\/v2\/posts"}],"about":[{"href":"https:\/\/www.europesays.com\/de\/wp-json\/wp\/v2\/types\/post"}],"author":[{"embeddable":true,"href":"https:\/\/www.europesays.com\/de\/wp-json\/wp\/v2\/users\/2"}],"replies":[{"embeddable":true,"href":"https:\/\/www.europesays.com\/de\/wp-json\/wp\/v2\/comments?post=131242"}],"version-history":[{"count":0,"href":"https:\/\/www.europesays.com\/de\/wp-json\/wp\/v2\/posts\/131242\/revisions"}],"wp:featuredmedia":[{"embeddable":true,"href":"https:\/\/www.europesays.com\/de\/wp-json\/wp\/v2\/media\/131243"}],"wp:attachment":[{"href":"https:\/\/www.europesays.com\/de\/wp-json\/wp\/v2\/media?parent=131242"}],"wp:term":[{"taxonomy":"category","embeddable":true,"href":"https:\/\/www.europesays.com\/de\/wp-json\/wp\/v2\/categories?post=131242"},{"taxonomy":"post_tag","embeddable":true,"href":"https:\/\/www.europesays.com\/de\/wp-json\/wp\/v2\/tags?post=131242"}],"curies":[{"name":"wp","href":"https:\/\/api.w.org\/{rel}","templated":true}]}}