{"id":131294,"date":"2025-05-22T17:53:08","date_gmt":"2025-05-22T17:53:08","guid":{"rendered":"https:\/\/www.europesays.com\/de\/131294\/"},"modified":"2025-05-22T17:53:08","modified_gmt":"2025-05-22T17:53:08","slug":"berlin-brandenburg-extra-foerdergelder-fuer-berliner-forschung","status":"publish","type":"post","link":"https:\/\/www.europesays.com\/de\/131294\/","title":{"rendered":"Berlin &#038; Brandenburg: Extra-F\u00f6rdergelder f\u00fcr Berliner Forschung"},"content":{"rendered":"<p>                    Berlin &amp; Brandenburg<br \/>\n                Extra-F\u00f6rdergelder f\u00fcr Berliner Forschung<\/p>\n<p>\t\t\t\t              22.05.2025, 18:38 Uhr<\/p>\n<p><strong>In Bonn wird \u00fcber die Vergabe begehrter Forschungsgelder in Milliardenh\u00f6he entschieden. Dutzende Universit\u00e4ten k\u00f6nnen sich \u00fcber zus\u00e4tzliche Mittel freuen &#8211; auch die Berliner Forschung ist dabei.<\/strong><\/p>\n<p>Bonn\/Berlin (dpa\/bb) &#8211; \u00a0 F\u00fcnf Berliner Forschungsprojekte k\u00f6nnen f\u00fcr die kommenden sieben Jahre mit beachtlichen zus\u00e4tzlichen F\u00f6rdergeldern planen. Dabei geht es um die sogenannte Exzellenzstrategie. Dabei wurden bundesweit Projekte an 43 Universit\u00e4ten in 13 L\u00e4ndern f\u00fcr die Extra-F\u00f6rderung ausgew\u00e4hlt, wie die Gemeinsame Wissenschaftskonferenz von Bund und L\u00e4ndern und Bundesforschungsministerin Dorothee B\u00e4r (CSU) in Bonn bekanntgaben.\u00a0Von zehn eingereichten Vorhaben aus Berlin waren f\u00fcnf mit ihren Antr\u00e4gen erfolgreich, wie die Senatsverwaltung f\u00fcr Wissenschaft mitteilte. Wissenschaftssenatorin Ina Czyborra (SPD) betonte, mit dieser Entscheidung sei und bleibe Berlin ein Standort der Spitzenforschung, an dem die herausragenden Universit\u00e4ten internationale Strahlkraft entfalteten. Sie freue sich \u00fcber den Erfolg der Freien Universit\u00e4t Berlin, der Humboldt-Universit\u00e4t zu Berlin, der Technischen Universit\u00e4t Berlin und der Charit\u00e9-Universit\u00e4tsmedizin.Die Projekte reichen von der Mathematik, chronischen Erkrankungen \u00fcber K\u00fcnstliche Intelligenz bis hin zum politischen Thema &#8222;Anfechtungen der liberalen Ordnung&#8220;. Die Forschungsvorhaben bekommen ab Januar 2026 f\u00fcr sieben Jahre jeweils j\u00e4hrlich etwa sieben Millionen Euro.\u00a0Die Berliner Exzellenzcluster hei\u00dfen beispielsweise NeuroCure, MATH+ oder SCRIPTS. Neu eingerichtet wurden das Exzellenzcluster ImmunoPreCept an der Charit\u00e9 mit Beteiligung der Freien Universit\u00e4t Berlin sowie das Exzellenzcluster aus der Physik, Center for Chiral Electronics, getragen von der Freien Universit\u00e4t Berlin mit Partnern aus Halle und Regensburg.\u00a0Gestartet wurden die Exzellenzwettbewerbe vor einigen Jahren, unter anderem, um den internationalen Ruf und das Image der deutschen Universit\u00e4ten aufzupolieren.<\/p>\n","protected":false},"excerpt":{"rendered":"Berlin &amp; Brandenburg Extra-F\u00f6rdergelder f\u00fcr Berliner Forschung 22.05.2025, 18:38 Uhr In Bonn wird \u00fcber die Vergabe begehrter Forschungsgelder&hellip;\n","protected":false},"author":2,"featured_media":131295,"comment_status":"","ping_status":"","sticky":false,"template":"","format":"standard","meta":{"footnotes":""},"categories":[1816],"tags":[1960,1958,1959,1957,296,1956,8436,1890,29,48716,597,30],"class_list":{"0":"post-131294","1":"post","2":"type-post","3":"status-publish","4":"format-standard","5":"has-post-thumbnail","7":"category-brandenburg","8":"tag-aktuelle-nachrichten-aus-berlin-und-brandenburg","9":"tag-aktuelle-nachrichten-aus-brandenburg","10":"tag-aktuelle-news-aus-berlin-und-brandenburg","11":"tag-aktuelle-news-aus-brandenburg","12":"tag-berlin","13":"tag-berlin-und-brandenburg","14":"tag-berliner","15":"tag-brandenburg","16":"tag-deutschland","17":"tag-extra-foerdergelder","18":"tag-forschung","19":"tag-germany"},"share_on_mastodon":{"url":"https:\/\/pubeurope.com\/@de\/114552766736020334","error":""},"_links":{"self":[{"href":"https:\/\/www.europesays.com\/de\/wp-json\/wp\/v2\/posts\/131294","targetHints":{"allow":["GET"]}}],"collection":[{"href":"https:\/\/www.europesays.com\/de\/wp-json\/wp\/v2\/posts"}],"about":[{"href":"https:\/\/www.europesays.com\/de\/wp-json\/wp\/v2\/types\/post"}],"author":[{"embeddable":true,"href":"https:\/\/www.europesays.com\/de\/wp-json\/wp\/v2\/users\/2"}],"replies":[{"embeddable":true,"href":"https:\/\/www.europesays.com\/de\/wp-json\/wp\/v2\/comments?post=131294"}],"version-history":[{"count":0,"href":"https:\/\/www.europesays.com\/de\/wp-json\/wp\/v2\/posts\/131294\/revisions"}],"wp:featuredmedia":[{"embeddable":true,"href":"https:\/\/www.europesays.com\/de\/wp-json\/wp\/v2\/media\/131295"}],"wp:attachment":[{"href":"https:\/\/www.europesays.com\/de\/wp-json\/wp\/v2\/media?parent=131294"}],"wp:term":[{"taxonomy":"category","embeddable":true,"href":"https:\/\/www.europesays.com\/de\/wp-json\/wp\/v2\/categories?post=131294"},{"taxonomy":"post_tag","embeddable":true,"href":"https:\/\/www.europesays.com\/de\/wp-json\/wp\/v2\/tags?post=131294"}],"curies":[{"name":"wp","href":"https:\/\/api.w.org\/{rel}","templated":true}]}}