{"id":131321,"date":"2025-05-22T18:07:12","date_gmt":"2025-05-22T18:07:12","guid":{"rendered":"https:\/\/www.europesays.com\/de\/131321\/"},"modified":"2025-05-22T18:07:12","modified_gmt":"2025-05-22T18:07:12","slug":"tom-cruise-gegen-die-killer-ki-darum-ist-mission-impossible-8-so-bedrohlich-unterhaltung","status":"publish","type":"post","link":"https:\/\/www.europesays.com\/de\/131321\/","title":{"rendered":"Tom Cruise gegen die Killer-KI: Darum ist \u201eMission: Impossible 8\u201c so bedrohlich | Unterhaltung"},"content":{"rendered":"<p><b>Er muss die Welt vor einem unsichtbaren Feind retten, der gr\u00f6\u00dfer und gef\u00e4hrlicher ist als alles, was die Menschheit bisher kannte: Seit Mittwoch ist Tom Cruise als Agent Ethan Hunt mit \u201eMission: Impossible \u2013 The Final Reckoning\u201c zur\u00fcck im Kino. <\/b><\/p>\n<p>Schon jetzt deutet vieles auf einen rekordverd\u00e4chtigen Start hin. Der achte Teil der Reihe soll zugleich ihr Abschluss sein. <\/p>\n<p><b>Mit einem Kampf, der nur allzu bald Realit\u00e4t werden k\u00f6nnte: Mensch gegen Maschine.<\/b><\/p>\n<p><img decoding=\"async\" width=\"992\" height=\"658\" alt=\"Tom Cruise als Agent Ethan Hunt. Im neuen Film treten er und sein Team gegen die b\u00f6se K\u00fcnstliche Intelligenz \u201eDie Entit\u00e4t\u201c an. Ihr Weg f\u00fchrt sie sogar in die Tiefsee\" src=\"https:\/\/www.europesays.com\/de\/wp-content\/uploads\/2025\/05\/84f2e2448b8427930360c705de098bae,b412cd1d\"   class=\"dynamic\" loading=\"lazy\"\/><\/p>\n<p class=\"fig__caption__text\">Tom Cruise reist mit seinem Film \u201eMission: Impossible \u2013 The Final Reckoning\u201c derzeit um die Welt. Seit Mittwoch ist er auch in Deutschland in den Kinos zu sehen<\/p>\n<p>Foto: Getty Images for Paramount Pictures<\/p>\n<p>\u201eWas w\u00fcrde eine K\u00fcnstliche Intelligenz wohl \u00fcber uns denken?\u201c<\/p>\n<p><a href=\"https:\/\/www.bild.de\/unterhaltung\/film-kino\/mission-impossible-8-dreh-so-gefaehrlich-waren-die-dreharbeiten-von-tom-cruise-682ca3ba34a51449e8a53381\" class=\"text-link\" target=\"_blank\" rel=\"noopener\">Tom Cruise<\/a> gelingt es in seinem Opus Magnum, dem bisher spektakul\u00e4rsten \u201eMission: Impossible\u201c-Film, au\u00dfergew\u00f6hnliche Action mit einer sehr realen Angst zu verbinden. Denn das, was wir sehen, k\u00f6nnte schon sehr bald nicht nur Kino sein, sondern Realit\u00e4t.<\/p>\n<p><b>Simon Pegg ist seit dem dritten Teil der Reihe zu sehen. Wie denkt er dar\u00fcber, wie real die Bedrohung durch eine k\u00fcnstliche Intelligenz ist, wie <\/b><a href=\"https:\/\/www.bild.de\/unterhaltung\/stars-und-leute\/mission-impossible-8-so-krass-ist-der-neue-tom-cruise-kracher-68245a8079aebb551c660d0c\" class=\"text-link\" target=\"_blank\" rel=\"noopener\"><b>\u201eMission: Impossible \u2013 The Final Reckoning\u201c<\/b><\/a><b> sie auf der Leinwand zeigt? <\/b><\/p>\n<p><img decoding=\"async\" width=\"992\" height=\"1319\" alt=\"Simon Pegg (55) ist ein \u201eMission: Impossible\u201c-Urgestein. Er spielt seit dem dritten Film den Techniker Benji Dunn\" src=\"https:\/\/www.europesays.com\/de\/wp-content\/uploads\/2025\/05\/aa94a97642a9fad1d11c85cc3c6aedfa,a2b288f\"   class=\"dynamic\" loading=\"lazy\"\/><\/p>\n<p class=\"fig__caption__text\">Simon Pegg (55) ist ein \u201eMission: Impossible\u201c-Urgestein. Er spielt seit dem dritten Film den Techniker Benji Dunn<\/p>\n<p>Foto: Lorenzo Agius<\/p>\n<p>Pegg zu BILD: \u201eK\u00fcnstliche Intelligenz war in unserem Bewusstsein, als wir mit dem Film anfingen. Anfangs war es ein wenig Science Fiction, jetzt ist das Thema in der Gesellschaft angekommen.\u201c<\/p>\n<p>Eine Frage besch\u00e4ftigt Pegg besonders: \u201eWas w\u00fcrde eine K\u00fcnstliche Intelligenz wohl \u00fcber uns denken? Ich denke, sie w\u00e4re nicht sonderlich beeindruckt und w\u00fcrde sagen: ,Diese Typen leisten nicht wirklich eine gute Arbeit auf dem Planeten \u2013 vielleicht sollten wir sie einfach loswerden.\u201c<\/p>\n<p><img decoding=\"async\" width=\"992\" height=\"1317\" alt=\"Hayley Atwell (43) spielt im Film die gewiefte Diebin Grace, wie schon im siebten Teil der Reihe \u201eMission Impossible: Dead Reckoning\u201c\" src=\"https:\/\/www.europesays.com\/de\/wp-content\/uploads\/2025\/05\/1fcce0404af997a6aea37e40f41582de,d3ccf25d\"   class=\"dynamic\" loading=\"lazy\"\/><\/p>\n<p class=\"fig__caption__text\">Hayley Atwell (43) spielt im Film die gewiefte Diebin Grace, wie schon in \u201eMission Impossible: Dead Reckoning\u201c<\/p>\n<p>Foto: Lorenzo Agius<\/p>\n<p>Hayley Atwell spielt in \u201eThe Final Reckoning\u201c die weibliche Hauptrolle. Hat sie Angst vor einer k\u00fcnstlichen Intelligenz? Sie sagt zu BILD: \u201eIch habe vor nichts Angst, das ich nicht kontrollieren kann. Also verschwende ich weder Zeit noch meine Energie darauf, dar\u00fcber nachzudenken, was sein k\u00f6nnte.\u201c <\/p>\n<p><b>Und weiter: \u201eDer Film zeigt, dass es eher darauf ankommt, wie wir Menschen die Macht nutzen, die wir haben \u2013 und nicht auf die Macht an sich.\u201c <\/b><\/p>\n<p>Lesen Sie auch<\/p>\n<p>Ihre Kollegin Angela Bassett spielt im Film die Pr\u00e4sidentin der Vereinigen Staaten. Fans der Reihe kennen sie schon aus \u201eMission: Impossible \u2013 Fallout\u201c (2018). Damals spielte sie die Direktorin der CIA.<\/p>\n<p>Der Trailer zu \u201eMission: Impossible 8\u201c: \u201eEin allerletztes Mal\u201c<a href=\"https:\/\/www.bild.de\/unterhaltung\/film-kino\/tom-cruise-kehrt-zurueck-mission-impossible-finale-68249bfc5e132935c897ac64\" class=\"anchor\" target=\"_blank\" rel=\"noopener\"><img decoding=\"async\" width=\"992\" height=\"558\" alt=\"Tom Cruise kehrt zur\u00fcck: Mission Impossible Finale\" src=\"https:\/\/www.europesays.com\/de\/wp-content\/uploads\/2025\/05\/4fc65be86a01b2403a5196f007813f57,eefe54d7\"   class=\"landscape teaser__image\" loading=\"lazy\"\/><\/a><\/p>\n<p>Quelle: Paramount Pictures Germany15.05.2025<\/p>\n<p><b>Was ist die Botschaft von \u201eMission: Impossible?\u201c Sie sagt BILD: \u201eMit Menschlichkeit und Entschlossenheit k\u00f6nnen wir es schaffen.\u201c Ist der achte Film wirklich das Ende? \u201eMit Tom ist nichts unm\u00f6glich \u2026\u201c <\/b><\/p>\n<p><img decoding=\"async\" width=\"992\" height=\"1486\" alt=\"Angela Bassett (66) beim Special Screening von \u201eMission: Impossible \u2013 The Final Reckoning\u201c am Mittwoch in Atlanta\" src=\"https:\/\/www.europesays.com\/de\/wp-content\/uploads\/2025\/05\/fe8e12c37c766584d4e42aec90c84e42,3caed292\"   class=\"dynamic\" loading=\"lazy\"\/><\/p>\n<p class=\"fig__caption__text\">Angela Bassett (66) beim Special Screening von \u201eMission: Impossible \u2013 The Final Reckoning\u201c am Mittwoch in Atlanta<\/p>\n<p>Foto: Getty Images for Paramount Pictures<\/p>\n","protected":false},"excerpt":{"rendered":"Er muss die Welt vor einem unsichtbaren Feind retten, der gr\u00f6\u00dfer und gef\u00e4hrlicher ist als alles, was die&hellip;\n","protected":false},"author":2,"featured_media":131322,"comment_status":"","ping_status":"","sticky":false,"template":"","format":"standard","meta":{"footnotes":""},"categories":[155],"tags":[22816,30295,29,22817,214,30,95,15288,45,215],"class_list":{"0":"post-131321","1":"post","2":"type-post","3":"status-publish","4":"format-standard","5":"has-post-thumbnail","7":"category-unterhaltung","8":"tag-action-film","9":"tag-cruise-tom","10":"tag-deutschland","11":"tag-dreharbeiten","12":"tag-entertainment","13":"tag-germany","14":"tag-kino","15":"tag-kinofilme","16":"tag-texttospeech","17":"tag-unterhaltung"},"share_on_mastodon":{"url":"https:\/\/pubeurope.com\/@de\/114552822929609950","error":""},"_links":{"self":[{"href":"https:\/\/www.europesays.com\/de\/wp-json\/wp\/v2\/posts\/131321","targetHints":{"allow":["GET"]}}],"collection":[{"href":"https:\/\/www.europesays.com\/de\/wp-json\/wp\/v2\/posts"}],"about":[{"href":"https:\/\/www.europesays.com\/de\/wp-json\/wp\/v2\/types\/post"}],"author":[{"embeddable":true,"href":"https:\/\/www.europesays.com\/de\/wp-json\/wp\/v2\/users\/2"}],"replies":[{"embeddable":true,"href":"https:\/\/www.europesays.com\/de\/wp-json\/wp\/v2\/comments?post=131321"}],"version-history":[{"count":0,"href":"https:\/\/www.europesays.com\/de\/wp-json\/wp\/v2\/posts\/131321\/revisions"}],"wp:featuredmedia":[{"embeddable":true,"href":"https:\/\/www.europesays.com\/de\/wp-json\/wp\/v2\/media\/131322"}],"wp:attachment":[{"href":"https:\/\/www.europesays.com\/de\/wp-json\/wp\/v2\/media?parent=131321"}],"wp:term":[{"taxonomy":"category","embeddable":true,"href":"https:\/\/www.europesays.com\/de\/wp-json\/wp\/v2\/categories?post=131321"},{"taxonomy":"post_tag","embeddable":true,"href":"https:\/\/www.europesays.com\/de\/wp-json\/wp\/v2\/tags?post=131321"}],"curies":[{"name":"wp","href":"https:\/\/api.w.org\/{rel}","templated":true}]}}