{"id":131361,"date":"2025-05-22T18:28:09","date_gmt":"2025-05-22T18:28:09","guid":{"rendered":"https:\/\/www.europesays.com\/de\/131361\/"},"modified":"2025-05-22T18:28:09","modified_gmt":"2025-05-22T18:28:09","slug":"sv-werl-aspe-verliert-gegen-fc-tuerk-sport-bielefeld","status":"publish","type":"post","link":"https:\/\/www.europesays.com\/de\/131361\/","title":{"rendered":"SV Werl-Aspe verliert gegen FC T\u00fcrk Sport Bielefeld"},"content":{"rendered":"<p>                                Spielinfos:<br \/>\nDatum &amp; Uhrzeit: 18.05.2025 12.30 Uhr<br \/>Austragungsort: Bad Salzuflen<br \/>Wettbewerb: Bezirksliga Staffel 2<br \/>Spieltag: 28<\/p>\n<p>Spielbericht: SV Werl-Aspe gegen FC T\u00fcrk Sport Bielefeld 1:3 (0:1)<\/p>\n<p id=\"absatz2\" class=\"em_text\">Bad Salzuflen. Dieses Duell d\u00fcrfte Werl-Trainer Carsten Voelzke nicht begeistern: Im Spiel gegen Bielefeld muss seine Mannschaft sich vor 80 Zuschauern im eigenen Stadion 1:3 geschlagen geben.<\/p>\n<p id=\"absatz4\" class=\"em_text\">Keines der beiden Teams kann die erste H\u00e4lfte der Halbzeit effektiv nutzen. 25 Minuten nach dem Ansto\u00df schafft Bielefeld dann den Vorsto\u00df: Batuhan Irmak versenkt den ersten Treffer und verschafft den G\u00e4sten die F\u00fchrung. Das zweite Tor folgt erst nach dem Seitenwechsel in der Mitte der zweiten H\u00e4lfte des Spiels: Diesmal setzt Axel Fiorello Kouadio den Ball ins Netz (68). Der Ballhagel will nicht enden. Ein schmerzhaftes Erlebnis f\u00fcr die Werler. Minute 70: Bielefeld trifft ein weiteres Mal. Diesmal locht Furkan Ars ein.<\/p>\n<p id=\"absatz5\" class=\"em_text\">Beide Teams wechseln in der verbleibenden Spielzeit nochmal aus. Frederik Karadeniz wird eingesetzt f\u00fcr Louis Vincent Wahl und Gidion-Gian Benkel f\u00fcr Yannick Maslo. Auf der Gastseite verl\u00e4sst Danylo Tsehelniy f\u00fcr Ecehan Demirayak den Platz.<\/p>\n<p id=\"absatz6\" class=\"em_text\">Der Werler Mannschaft gelingt es ganz knapp vor Ende der Partie, den Anschluss zu finden. Till Me\u00dfmann kann neun Minuten vor Abpfiff mit Erfolg abschlie\u00dfen und dem Verein so noch einen Treffer bescheren.<\/p>\n<p>Die Aufstellungen: SV Werl-Aspe &#8211; FC T\u00fcrk Sport Bielefeld<br \/>\nSV Werl-Aspe: Louis Vincent Wahl (7), Niklas Lindemann (16), Jonah Tappe (5), Melih Topuz (8), Finn Niklas Jordan (9), Alexander Bolschew (18), Yannick Maslo (19), Mikka Noel Hei\u00dfenberg (10), Till Me\u00dfmann (12), S\u00f6ren Krack (23), Luca Fabio Kopsieker (2)<br \/>FC T\u00fcrk Sport Bielefeld: Karim Yehia (15), Deniz Savas (13), Muhammet-Ali \u00d6zel (10), Danylo Tsehelniy (6), Aleksei Belov (5), Ugur Pehlivan (4), Emre Aydas (17), Sinan \u00d6zt\u00fcrk (7), Cem Kalkan (9), Furkan Ars (24), Batuhan Irmak (23)<br \/>Schiedsrichter: \u00dcnal Bozkurt (Steinheim)Assistent: G\u00f6khan Dogrul<\/p>\n<p id=\"absatz8\" class=\"em_text\" style=\"font-size: .8em;\">Die Inhalte dieses Berichts wurden automatisch auf der Basis von DFB-Daten zusammengestellt.<\/p>\n","protected":false},"excerpt":{"rendered":"Spielinfos: Datum &amp; Uhrzeit: 18.05.2025 12.30 UhrAustragungsort: Bad SalzuflenWettbewerb: Bezirksliga Staffel 2Spieltag: 28 Spielbericht: SV Werl-Aspe gegen FC&hellip;\n","protected":false},"author":2,"featured_media":121133,"comment_status":"","ping_status":"","sticky":false,"template":"","format":"standard","meta":{"footnotes":""},"categories":[1841],"tags":[7763,7520,16322,16320,1605,48745,3364,29,16321,5282,16324,30,27001,734,7774,1613,1209,16326,7773,301,7765,26999,7764,45908,8404,27002],"class_list":{"0":"post-131361","1":"post","2":"type-post","3":"status-publish","4":"format-standard","5":"has-post-thumbnail","7":"category-bielefeld","8":"tag-austragungsort","9":"tag-bad-salzuflen","10":"tag-batuhan-irmak","11":"tag-bezirksliga","12":"tag-bielefeld","13":"tag-carsten-voelzke","14":"tag-de","15":"tag-deutschland","16":"tag-fc-trk-sport-bielefeld","17":"tag-fuball","18":"tag-furkan-ars","19":"tag-germany","20":"tag-louis-vincent-wahl","21":"tag-meta_artikelklasse_nachricht","22":"tag-meta_themen_sport","23":"tag-meta_userneeds_informieremich","24":"tag-nordrhein-westfalen","25":"tag-serie_ligaid_210864","26":"tag-serie_ligaid_all","27":"tag-spielbericht","28":"tag-spielinfo","29":"tag-sv-werl-aspe","30":"tag-uhrzeit","31":"tag-werl","32":"tag-westfalen","33":"tag-yannick-maslo"},"share_on_mastodon":{"url":"https:\/\/pubeurope.com\/@de\/114552904347844755","error":""},"_links":{"self":[{"href":"https:\/\/www.europesays.com\/de\/wp-json\/wp\/v2\/posts\/131361","targetHints":{"allow":["GET"]}}],"collection":[{"href":"https:\/\/www.europesays.com\/de\/wp-json\/wp\/v2\/posts"}],"about":[{"href":"https:\/\/www.europesays.com\/de\/wp-json\/wp\/v2\/types\/post"}],"author":[{"embeddable":true,"href":"https:\/\/www.europesays.com\/de\/wp-json\/wp\/v2\/users\/2"}],"replies":[{"embeddable":true,"href":"https:\/\/www.europesays.com\/de\/wp-json\/wp\/v2\/comments?post=131361"}],"version-history":[{"count":0,"href":"https:\/\/www.europesays.com\/de\/wp-json\/wp\/v2\/posts\/131361\/revisions"}],"wp:featuredmedia":[{"embeddable":true,"href":"https:\/\/www.europesays.com\/de\/wp-json\/wp\/v2\/media\/121133"}],"wp:attachment":[{"href":"https:\/\/www.europesays.com\/de\/wp-json\/wp\/v2\/media?parent=131361"}],"wp:term":[{"taxonomy":"category","embeddable":true,"href":"https:\/\/www.europesays.com\/de\/wp-json\/wp\/v2\/categories?post=131361"},{"taxonomy":"post_tag","embeddable":true,"href":"https:\/\/www.europesays.com\/de\/wp-json\/wp\/v2\/tags?post=131361"}],"curies":[{"name":"wp","href":"https:\/\/api.w.org\/{rel}","templated":true}]}}