{"id":131425,"date":"2025-05-22T19:02:10","date_gmt":"2025-05-22T19:02:10","guid":{"rendered":"https:\/\/www.europesays.com\/de\/131425\/"},"modified":"2025-05-22T19:02:10","modified_gmt":"2025-05-22T19:02:10","slug":"faellt-der-japan-tag-ins-wasser-das-sind-die-aussichten","status":"publish","type":"post","link":"https:\/\/www.europesays.com\/de\/131425\/","title":{"rendered":"F\u00e4llt der Japan-Tag ins Wasser? Das sind die Aussichten!"},"content":{"rendered":"<p data-p-count=\"1\">Alles andere als gute Aussichten zum Wochenende: Bei wechselhaftem Wetter bleiben die Temperaturen in ganz <a href=\"https:\/\/www.tonight.de\/nrw\" data-internallinksmanager029f6b8e52c=\"49\" title=\"NRW\" target=\"_blank\" rel=\"noopener\">Nordrhein-Westfalen<\/a> in den kommenden Tagen unter der 20-Grad-Marke. Am heutigen Donnerstag schaffen es die Temperaturen auf h\u00f6chstens 13 bis 17 Grad. Auch in <a href=\"https:\/\/www.tonight.de\/duesseldorf\" data-internallinksmanager029f6b8e52c=\"44\" title=\"D\u00fcsseldorf News\" target=\"_blank\" rel=\"noopener\">D\u00fcsseldorf<\/a> solltet ihr euch besser eine d\u00fcnne Jacke einpacken \u2013 am Nachmittag kann es ganz sch\u00f6n windig werden, mit Windgeschwindigkeiten bis zu 55 km\/h.<\/p>\n<p data-p-count=\"2\">Am Freitag wird es dann sogar noch k\u00fchler: Laut Deutschem Wetterdienst (DWD) sind dann nur noch 12 bis 16 Grad drin. Beide Tage bringen eine Mischung aus grauen Wolken und etwas blauem Himmel. Einzelne Schauer gibt es den Meteorologen zufolge vor allem im Norden und Nordosten von NRW \u2013 D\u00fcsseldorf bleibt gr\u00f6\u00dftenteils trocken. Auch f\u00fcr den Freitag sind st\u00fcrmische B\u00f6en, und sogar einzelne Gewitter und Hagel f\u00fcr das Bundesland angek\u00fcndigt.<\/p>\n<p><strong>Eine Stadt im Ausnahmezustand:<\/strong> <a href=\"https:\/\/www.tonight.de\/events\/japan-tag-duesseldorf-datum-termin-feuerwerk-programm-partys-essen-infos_178401.html\" target=\"_blank\" rel=\"noopener\">Unser XXL-Guide zum Japan-Tag 2025 in D\u00fcsseldorf<\/a><\/p>\n<p> Japan-Tag in D\u00fcsseldorf: So wird das Wetter am Samstag! <\/p>\n<p data-p-count=\"3\">Aber wie wird das Wetter am Samstag in D\u00fcsseldorf? Die gute Nachricht zuerst: Der Start in den Tag bleibt laut <a href=\"https:\/\/www.wetter.com\/\" target=\"_blank\" rel=\"noopener\">wetter.com<\/a>-Daten trocken bei Temperaturen von 10 bis 15 Grad. Ab 10 Uhr, wenn die meisten Menschen sich auf nach D\u00fcsseldorf machen d\u00fcrften, versteckt sich die Sonne allerdings bereits hinter einem dichten Wolkenschleier \u2013 und soll dort auch den Rest des Tages versteckt bleiben!<\/p>\n<p data-p-count=\"4\">Ab 12 Uhr wird der Japan-Tag an der B\u00fchne am Burgplatz offiziell er\u00f6ffnet \u2013 bis 14 Uhr bleibt das Wetter zwar grau, aber stabil, bei sogar recht warmen 19 Grad Spitzentemperatur. Ab 15 Uhr geht es dann bergab: Der Wind frischt auf, einzelne B\u00f6en mit bis zu 46 km\/h stellen Cosplay-Frisuren am Nachmittag auf den Pr\u00fcfstand.<\/p>\n<p><strong>Weiterlesen:<\/strong> <a href=\"https:\/\/www.tonight.de\/events\/japan-tag-duesseldorf-programm-2025-cosplay-manga-wettbewerb-feuerwerk-eroeffnung-bands-partys_364303.html\" target=\"_blank\" rel=\"noopener\">Diese Programm-Highlights d\u00fcrft ihr am Japan-Tag nicht verpassen!<\/a><\/p>\n<p> Wetter zum Feuerwerk am Japan-Tag: Regen zieht auf! <a href=\"https:\/\/www.tonight.de\/fotogalerie\/japan-tag-in-duesseldorf-best-of-20-jahre\/attachment\/japan-tag-duesseldorf-best-of-aaa45\" target=\"_blank\" rel=\"noopener\"><img loading=\"lazy\" decoding=\"async\" aria-describedby=\"caption-attachment-262801\" class=\"wp-image-262801 size-large\" src=\"https:\/\/www.europesays.com\/de\/wp-content\/uploads\/2025\/05\/japan-tag-duesseldorf-best-of-aaa45-940x627.jpg\" alt=\"\" width=\"940\" height=\"627\"\/><\/a><\/p>\n<p id=\"caption-attachment-262801\" class=\"wp-caption-text\">Das Feuerwerk am Japan-Tag beeindruckt tausende Menschen in der Stadt.<br \/>Foto: Tonight<\/p>\n<p data-p-count=\"5\">Die wirklich schlechte Nachricht: F\u00fcr den Abend, bereits ab 18 Uhr, wird Regen erwartet. Und auch f\u00fcr das Feuerwerk ab 23 Uhr solltet ihr euch (Stand jetzt, Donnerstag, 8.45 Uhr) eine Regenjacke einpacken.<\/p>\n<p><strong>Japan-Tag sch\u00fcrt Reiselust in D\u00fcsseldorf:<\/strong> <a href=\"https:\/\/www.tonight.de\/freizeit\/duesseldorf-japan-tag-urlaub-tokyo-flughafen-reise-tipps-japanische-partnerstaedte-nrw_351276.html\" target=\"_blank\" rel=\"noopener\">So klappt der Traumurlaub!<\/a><\/p>\n<p data-p-count=\"6\">Noch besser: Ihr sucht euch besser ein passendes Regen-Cosplay aus. Bonuspunkte gibt es als Mei aus Totoro mit blauer Regenjacke, oder Satsuki mit rotem Regenschirm \u2013 oder Hina Amano aus Weathering With You.<\/p>\n<p class=\"post--source\">mit Material der dpa<\/p>\n","protected":false},"excerpt":{"rendered":"Alles andere als gute Aussichten zum Wochenende: Bei wechselhaftem Wetter bleiben die Temperaturen in ganz Nordrhein-Westfalen in den&hellip;\n","protected":false},"author":2,"featured_media":131426,"comment_status":"","ping_status":"","sticky":false,"template":"","format":"standard","meta":{"footnotes":""},"categories":[1831],"tags":[3364,29,3405,30,38832,1209,1481,1973],"class_list":{"0":"post-131425","1":"post","2":"type-post","3":"status-publish","4":"format-standard","5":"has-post-thumbnail","7":"category-duesseldorf","8":"tag-de","9":"tag-deutschland","10":"tag-duesseldorf","11":"tag-germany","12":"tag-japan-tag-duesseldorf","13":"tag-nordrhein-westfalen","14":"tag-service","15":"tag-wetter"},"share_on_mastodon":{"url":"https:\/\/pubeurope.com\/@de\/114553038046065861","error":""},"_links":{"self":[{"href":"https:\/\/www.europesays.com\/de\/wp-json\/wp\/v2\/posts\/131425","targetHints":{"allow":["GET"]}}],"collection":[{"href":"https:\/\/www.europesays.com\/de\/wp-json\/wp\/v2\/posts"}],"about":[{"href":"https:\/\/www.europesays.com\/de\/wp-json\/wp\/v2\/types\/post"}],"author":[{"embeddable":true,"href":"https:\/\/www.europesays.com\/de\/wp-json\/wp\/v2\/users\/2"}],"replies":[{"embeddable":true,"href":"https:\/\/www.europesays.com\/de\/wp-json\/wp\/v2\/comments?post=131425"}],"version-history":[{"count":0,"href":"https:\/\/www.europesays.com\/de\/wp-json\/wp\/v2\/posts\/131425\/revisions"}],"wp:featuredmedia":[{"embeddable":true,"href":"https:\/\/www.europesays.com\/de\/wp-json\/wp\/v2\/media\/131426"}],"wp:attachment":[{"href":"https:\/\/www.europesays.com\/de\/wp-json\/wp\/v2\/media?parent=131425"}],"wp:term":[{"taxonomy":"category","embeddable":true,"href":"https:\/\/www.europesays.com\/de\/wp-json\/wp\/v2\/categories?post=131425"},{"taxonomy":"post_tag","embeddable":true,"href":"https:\/\/www.europesays.com\/de\/wp-json\/wp\/v2\/tags?post=131425"}],"curies":[{"name":"wp","href":"https:\/\/api.w.org\/{rel}","templated":true}]}}