{"id":131427,"date":"2025-05-22T19:03:13","date_gmt":"2025-05-22T19:03:13","guid":{"rendered":"https:\/\/www.europesays.com\/de\/131427\/"},"modified":"2025-05-22T19:03:13","modified_gmt":"2025-05-22T19:03:13","slug":"neues-system-fuer-lehramtspruefung-in-arbeit","status":"publish","type":"post","link":"https:\/\/www.europesays.com\/de\/131427\/","title":{"rendered":"Neues System f\u00fcr Lehramtspr\u00fcfung in Arbeit"},"content":{"rendered":"<p><strong>Stuttgart.<\/strong> Stefan Fulst-Blei (SPD) wollte in der Fragestunde wissen, welche Kriterien es f\u00fcr die Verschickung von Pr\u00fcfungsunterlagen f\u00fcr Referendare an Schulen gibt. Denn einmal w\u00fcrden sie per Mail, das andere Mal per Post verschickt.<\/p>\n<p>Staatssekret\u00e4rin Sandra Boser (Gr\u00fcne) r\u00e4umte ein, dass es momentan noch unterschiedliche Verfahren gibt. Es werde jedoch an einem einheitlichen Verfahren gearbeitet, betonte Boser. Sie r\u00e4umte ein, dass es im Bereich der Sekundarstufe I zwei unterschiedliche Digitalisierungsgrade gibt. Deshalb werde aktuell f\u00fcr den Gesamtbereich der Lehramtspr\u00fcfung ein neues System auf den Weg gebracht, das so genannte Lapl\u00e4nd, wobei Lap f\u00fcr Lehramtspr\u00fcfung steht, damit am Ende alle Pr\u00fcfungsbeteiligten, die \u00fcber eigene Benutzerkonten verf\u00fcgen, im digitalen Lap-Portal ihre Unterlagen erhalten. Dabei w\u00fcrden besonders die Anliegen des Datenschutzes beachtet.<\/p>\n","protected":false},"excerpt":{"rendered":"Stuttgart. Stefan Fulst-Blei (SPD) wollte in der Fragestunde wissen, welche Kriterien es f\u00fcr die Verschickung von Pr\u00fcfungsunterlagen f\u00fcr&hellip;\n","protected":false},"author":2,"featured_media":131428,"comment_status":"","ping_status":"","sticky":false,"template":"","format":"standard","meta":{"footnotes":""},"categories":[1830],"tags":[1634,3364,29,30,44656,48767,48768,48769,1441],"class_list":{"0":"post-131427","1":"post","2":"type-post","3":"status-publish","4":"format-standard","5":"has-post-thumbnail","7":"category-stuttgart","8":"tag-baden-wuerttemberg","9":"tag-de","10":"tag-deutschland","11":"tag-germany","12":"tag-kultusministerium","13":"tag-landtag-baden-wuerttemberg","14":"tag-lehramtspruefung","15":"tag-sandra-boser","16":"tag-stuttgart"},"share_on_mastodon":{"url":"https:\/\/pubeurope.com\/@de\/114553041937338456","error":""},"_links":{"self":[{"href":"https:\/\/www.europesays.com\/de\/wp-json\/wp\/v2\/posts\/131427","targetHints":{"allow":["GET"]}}],"collection":[{"href":"https:\/\/www.europesays.com\/de\/wp-json\/wp\/v2\/posts"}],"about":[{"href":"https:\/\/www.europesays.com\/de\/wp-json\/wp\/v2\/types\/post"}],"author":[{"embeddable":true,"href":"https:\/\/www.europesays.com\/de\/wp-json\/wp\/v2\/users\/2"}],"replies":[{"embeddable":true,"href":"https:\/\/www.europesays.com\/de\/wp-json\/wp\/v2\/comments?post=131427"}],"version-history":[{"count":0,"href":"https:\/\/www.europesays.com\/de\/wp-json\/wp\/v2\/posts\/131427\/revisions"}],"wp:featuredmedia":[{"embeddable":true,"href":"https:\/\/www.europesays.com\/de\/wp-json\/wp\/v2\/media\/131428"}],"wp:attachment":[{"href":"https:\/\/www.europesays.com\/de\/wp-json\/wp\/v2\/media?parent=131427"}],"wp:term":[{"taxonomy":"category","embeddable":true,"href":"https:\/\/www.europesays.com\/de\/wp-json\/wp\/v2\/categories?post=131427"},{"taxonomy":"post_tag","embeddable":true,"href":"https:\/\/www.europesays.com\/de\/wp-json\/wp\/v2\/tags?post=131427"}],"curies":[{"name":"wp","href":"https:\/\/api.w.org\/{rel}","templated":true}]}}