{"id":131477,"date":"2025-05-22T19:30:08","date_gmt":"2025-05-22T19:30:08","guid":{"rendered":"https:\/\/www.europesays.com\/de\/131477\/"},"modified":"2025-05-22T19:30:08","modified_gmt":"2025-05-22T19:30:08","slug":"us-regierung-harvard-darf-keine-auslaendischen-studenten-mehr-aufnehmen","status":"publish","type":"post","link":"https:\/\/www.europesays.com\/de\/131477\/","title":{"rendered":"US-Regierung: Harvard darf keine ausl\u00e4ndischen Studenten mehr aufnehmen"},"content":{"rendered":"<p class=\"metatextline\">Stand: 22.05.2025 21:23 Uhr<\/p>\n<p class=\"textabsatz columns twelve  m-ten  m-offset-one l-eight l-offset-two\">\n        <strong>Die Trump-Regierung hat der Elite-Universit\u00e4t Harvard die Berechtigung entzogen, ausl\u00e4ndische Studierende aufzunehmen. Bereits eingeschriebene Studierende m\u00fcssen die Universit\u00e4t verlassen.<\/strong>\n    <\/p>\n<p class=\"textabsatz m-ten m-offset-one l-eight l-offset-two columns twelve\">\nAusl\u00e4ndische Studierende an der Elite-Universit\u00e4t Harvard sollen nach dem Willen der Trump-Regierung bald der Vergangenheit angeh\u00f6ren.<\/p>\n<p class=\"textabsatz m-ten m-offset-one l-eight l-offset-two columns twelve\">\nUS-Heimatschutzministerin Kristi Noem begr\u00fcndete den Entzug der Erlaubnis, ausl\u00e4ndische Studierende aufzunehmen, unter anderem mit der &#8222;Weigerung&#8220; Harvards, ein sicheres Umfeld f\u00fcr j\u00fcdische Studenten zu schaffen und mit den Gleichstellungsrichtlinien der Hochschule.<\/p>\n<p class=\"textabsatz m-ten m-offset-one l-eight l-offset-two columns twelve\">\nDie Universit\u00e4t habe &#8222;antiamerikanischen, pro-terroristischen Agitatoren&#8220; erlaubt, j\u00fcdische Studierende auf dem Campus anzugreifen. Ohne Beweise vorzulegen, warf das Heimatschutzministerium Harvard zudem Zusammenarbeit mit der Kommunistischen Partei Chinas vor.<\/p>\n<p>    Harvard kann Erlaubnis wiedererlangen<\/p>\n<p class=\"textabsatz m-ten m-offset-one l-eight l-offset-two columns twelve\">\nMan habe den Schritt unternommen, nachdem die Universit\u00e4t es verweigert habe, Informationen \u00fcber bestimmte ausl\u00e4ndische Studierende zu geben, hie\u00df es. In einem Schreiben an Harvard erkl\u00e4rte Noem, die Sanktion sei &#8222;das bedauerliche Ergebnis der mangelnden Einhaltung einfacher Meldepflichten durch Harvard&#8220;.<\/p>\n<p class=\"textabsatz m-ten m-offset-one l-eight l-offset-two columns twelve\">\nDie Ministerin erkl\u00e4rte, Harvard k\u00f6nne seine Zulassung zur Aufnahme ausl\u00e4ndischer Studierender wiedererlangen, wenn es innerhalb von 72 Stunden eine F\u00fclle von Unterlagen \u00fcber ausl\u00e4ndische Studierende vorlege. Ihre aktualisierte Anfrage verlange s\u00e4mtliche Aufzeichnungen, einschlie\u00dflich Audio- und Videoaufnahmen, von ausl\u00e4ndischen Studierenden, die an Protesten oder gef\u00e4hrlichen Aktivit\u00e4ten auf dem Campus teilnehmen.<\/p>\n<p>    Eingeschriebene ausl\u00e4ndische Studenten m\u00fcssen Uni verlassen<\/p>\n<p class=\"textabsatz m-ten m-offset-one l-eight l-offset-two columns twelve\">\nIn Harvard sind fast 6.800 ausl\u00e4ndische Studierende immatrikuliert. Das entspricht mehr als einem Viertel der Studierendenschaft. Bereits eingeschriebene Studierende m\u00fcssten die Universit\u00e4t wechseln oder sie verl\u00f6ren ihren Aufenthaltsstatus, so die Beh\u00f6rde.<\/p>\n<p class=\"textabsatz m-ten m-offset-one l-eight l-offset-two columns twelve\">\n&#8222;Das Vorgehen der Regierung ist rechtswidrig&#8220;, teilte die Universit\u00e4t mit. &#8222;Wir setzen uns voll und ganz daf\u00fcr ein, Harvards F\u00e4higkeit aufrechtzuerhalten, internationale Studierende und Wissenschaftler aufzunehmen, die aus mehr als 140 L\u00e4ndern stammen und die Universit\u00e4t &#8211; und dieses Land &#8211; unermesslich bereichern.&#8220; Die Hochschule nannte den Schritt eine &#8222;Vergeltungsma\u00dfnahme&#8220;. Sie drohe, der Universit\u00e4t ernsthaften Schaden zuzuf\u00fcgen und untergrabe Harvards akademische und Forschungsmission.<\/p>\n<p class=\"textabsatz m-ten m-offset-one l-eight l-offset-two columns twelve\">\nDie Trump-Regierung hat es bereits seit L\u00e4ngerem <a href=\"https:\/\/www.tagesschau.de\/ausland\/amerika\/foerderung-harvard-100.html\" title=\"US-Regierung will Harvard-Uni alle neuen Zusch\u00fcsse verwehren\" rel=\"nofollow noopener\" target=\"_blank\">auf die Harvard-Universit\u00e4t abgesehen<\/a>. Die Hochschule solle keine weiteren Bundeszusch\u00fcsse erhalten, solange sie keine &#8222;verantwortungsvolle F\u00fchrung&#8220; nachweise, so das Bildungsministerium. Die US-Regierung geht nicht nur gegen Harvard vor, sondern gegen insgesamt 60 Universit\u00e4ten und Hochschulen, denen sie eine linksliberale Ausrichtung unterstellt.<\/p>\n","protected":false},"excerpt":{"rendered":"Stand: 22.05.2025 21:23 Uhr Die Trump-Regierung hat der Elite-Universit\u00e4t Harvard die Berechtigung entzogen, ausl\u00e4ndische Studierende aufzunehmen. Bereits eingeschriebene&hellip;\n","protected":false},"author":2,"featured_media":131478,"comment_status":"","ping_status":"","sticky":false,"template":"","format":"standard","meta":{"footnotes":""},"categories":[3],"tags":[1764,17423,13,14,15,12,10,8,9,11,113,64,103,104],"class_list":{"0":"post-131477","1":"post","2":"type-post","3":"status-publish","4":"format-standard","5":"has-post-thumbnail","7":"category-welt","8":"tag-eilmeldung","9":"tag-harvard","10":"tag-headlines","11":"tag-nachrichten","12":"tag-news","13":"tag-schlagzeilen","14":"tag-top-news","15":"tag-top-meldungen","16":"tag-topmeldungen","17":"tag-topnews","18":"tag-trump","19":"tag-usa","20":"tag-welt","21":"tag-world"},"share_on_mastodon":{"url":"https:\/\/pubeurope.com\/@de\/114553148216952642","error":""},"_links":{"self":[{"href":"https:\/\/www.europesays.com\/de\/wp-json\/wp\/v2\/posts\/131477","targetHints":{"allow":["GET"]}}],"collection":[{"href":"https:\/\/www.europesays.com\/de\/wp-json\/wp\/v2\/posts"}],"about":[{"href":"https:\/\/www.europesays.com\/de\/wp-json\/wp\/v2\/types\/post"}],"author":[{"embeddable":true,"href":"https:\/\/www.europesays.com\/de\/wp-json\/wp\/v2\/users\/2"}],"replies":[{"embeddable":true,"href":"https:\/\/www.europesays.com\/de\/wp-json\/wp\/v2\/comments?post=131477"}],"version-history":[{"count":0,"href":"https:\/\/www.europesays.com\/de\/wp-json\/wp\/v2\/posts\/131477\/revisions"}],"wp:featuredmedia":[{"embeddable":true,"href":"https:\/\/www.europesays.com\/de\/wp-json\/wp\/v2\/media\/131478"}],"wp:attachment":[{"href":"https:\/\/www.europesays.com\/de\/wp-json\/wp\/v2\/media?parent=131477"}],"wp:term":[{"taxonomy":"category","embeddable":true,"href":"https:\/\/www.europesays.com\/de\/wp-json\/wp\/v2\/categories?post=131477"},{"taxonomy":"post_tag","embeddable":true,"href":"https:\/\/www.europesays.com\/de\/wp-json\/wp\/v2\/tags?post=131477"}],"curies":[{"name":"wp","href":"https:\/\/api.w.org\/{rel}","templated":true}]}}