{"id":131915,"date":"2025-05-22T23:31:09","date_gmt":"2025-05-22T23:31:09","guid":{"rendered":"https:\/\/www.europesays.com\/de\/131915\/"},"modified":"2025-05-22T23:31:09","modified_gmt":"2025-05-22T23:31:09","slug":"schuesse-im-kreis-herford-mann-verletzt-taeter-offenbar-fluechtig-nw-de","status":"publish","type":"post","link":"https:\/\/www.europesays.com\/de\/131915\/","title":{"rendered":"Sch\u00fcsse im Kreis Herford: Mann verletzt, T\u00e4ter offenbar fl\u00fcchtig &#8211; nw.de"},"content":{"rendered":"<ol>\n<li><a href=\"https:\/\/news.google.com\/rss\/articles\/CBMiwgFBVV95cUxPNkFZX1Nyb20weHluTWJoZjBJbHEtOFozeFB6TU5tSlR1UThIY2NXNDU0MFdLajRiQ0VKNk9iMzdleVNCeHp1VzdtVHpRZ1dnOWRjTWlzTTZHeTFWNHZlNEZ1OERKbG9xRGF5Y2xUOE1BaURhckp1N1dRSGhKY3pjcWVHNWg5M2FtNnZkZlBUMTB4em5Xak0tZk9yTWZVcEhoZGJSa2h1MGd5YmtZTWV2bzkwNDc5QlFxcDY0ZVdJdXRuQQ?oc=5\" target=\"_blank\" rel=\"nofollow noopener\">Sch\u00fcsse im Kreis Herford: Mann verletzt, T\u00e4ter offenbar fl\u00fcchtig<\/a>&nbsp;&nbsp;nw.de<\/li>\n<li><a href=\"https:\/\/news.google.com\/rss\/articles\/CBMixgFBVV95cUxPcGRNcmJWZmxGdkJKd1RzNDNMTVVJN2psRFF4TmFPLXlsQ2t6cVVTM3BNWF80dTFLNjd6VlpKUzVaWGJhRGZ5ZU8zMmdqMzJaQVFab0ZEUW9nV0YwSk9fRTQ0cjBtYm5KdDdtaFFIQVRjWUVxYmloYzRLbHhZdDFvRkhmdTZrVzl3Q2tNSjQ0Z1NMbVN4R25QRU5rQXpVaUZMcUQ3X2FMRHRJX1FsenozaGwxTmplcTczY3piTVloRU5ON2xlZHc?oc=5\" target=\"_blank\" rel=\"nofollow noopener\">Sch\u00fcsse im Kreis Herford: Mann (23) verletzt, T\u00e4ter offenbar fl\u00fcchtig<\/a>&nbsp;&nbsp;nw.de<\/li>\n<li><a href=\"https:\/\/news.google.com\/rss\/articles\/CBMixAFBVV95cUxNbUx4anB4emY3cFBJN20ySTNKMVcwSncyczR6MTE0ZkQtVnhPeHNEV0xaWDcxY2JZUjJlU0U0NDRBSGM1bklZYkEtM2QtNmQ2OGVFT21LclpObW5YTWtfdkFIM0E2VE13NVV5djFRMEhMQ3QtdGFpRG5wY25SekYxSFZjV2RfZ3VtZUdkVlk4VThGdmhPZjlhdUM1WU1vbDZxOGNSUkowQXlaT3puWmlrVHliQmJtSC1HNWhHNnFuUjFadnBr?oc=5\" target=\"_blank\" rel=\"nofollow noopener\">Mann in B\u00fcnde durch Sch\u00fcsse schwer verletzt \u2013 Fahnung nach dem T\u00e4ter<\/a>&nbsp;&nbsp;STERN.de<\/li>\n<li><a href=\"https:\/\/news.google.com\/rss\/articles\/CBMirgFBVV95cUxNUHFhQlhGYXQ5N0JyWWFlQ1dTY0VGQU5Gckt0TGl1X1g1MlFIajhOWUI4dkJibjVTS2dEUVFGT3ROOHF1OWpjOHN4ekk1VnpoSEE2Wm5qUXRLb3hvVGFnc2ZvLXJyeXVubDUxd3NvSUQ4RVZpZXRmWldEWUhCVG5lQ3lfT3A4NVBMU283VHNJRzVtQUFxVkY5a2RDcmtUXzVmTmV1S0ZSblFIVkFtenc?oc=5\" target=\"_blank\" rel=\"nofollow noopener\">Mann nach Sch\u00fcssen in B\u00fcnde in Lebensgefahr<\/a>&nbsp;&nbsp;Westfalen-Blatt<\/li>\n<li><a href=\"https:\/\/news.google.com\/rss\/articles\/CBMi0wFBVV95cUxON24xa01yOTlzUDZiOEpmdnlfMWxLWm53djZBY0lMMnpnZ0Naem5ZenRQaWo1Z0JvS3d0S0dYRVMxaVA1bC1yUFZSclBPQk42R0xaYTRIaGJVZS1IYlp3Y1dybXBLTTRFZHhGMGZLczlfcGpsaHk5Njk0T3ZCaXVuTWhjOVliaS15UndobWQzMUhoQlA2QWxlN1FrSWk3YlUzREx3b04tMEhja1JpLXRUa3FMV1J0Q1M2Mzd6UHVmZ1BkTjcyUm5RX3hMeTM4YWd2R0tZ?oc=5\" target=\"_blank\" rel=\"nofollow noopener\">Gro\u00dfeinsatz in B\u00fcnde (NRW): Sch\u00fcsse! Mann schwer verletzt<\/a>&nbsp;&nbsp;BILD<\/li>\n<\/ol>\n","protected":false},"excerpt":{"rendered":"Sch\u00fcsse im Kreis Herford: Mann verletzt, T\u00e4ter offenbar fl\u00fcchtig&nbsp;&nbsp;nw.de Sch\u00fcsse im Kreis Herford: Mann (23) verletzt, T\u00e4ter offenbar&hellip;\n","protected":false},"author":2,"featured_media":131916,"comment_status":"","ping_status":"","sticky":false,"template":"","format":"standard","meta":{"footnotes":""},"categories":[2],"tags":[29,30,13,26267,16392,731,1611,1607,2379,9310,1608,734,736,16384,1613,14,15,121,9804,12,10123,10,8,9,11],"class_list":{"0":"post-131915","1":"post","2":"type-post","3":"status-publish","4":"format-standard","5":"has-post-thumbnail","7":"category-deutschland","8":"tag-deutschland","9":"tag-germany","10":"tag-headlines","11":"tag-kreis-herford","12":"tag-label_blaulicht","13":"tag-label_cm-ok","14":"tag-label_informiere-mich","15":"tag-label_knaller","16":"tag-label_push","17":"tag-label_social","18":"tag-label_top-news","19":"tag-meta_artikelklasse_nachricht","20":"tag-meta_copyrights_nw","21":"tag-meta_themen_blaulicht_sicherheit","22":"tag-meta_userneeds_informieremich","23":"tag-nachrichten","24":"tag-news","25":"tag-polizei","26":"tag-polizeihubschrauber","27":"tag-schlagzeilen","28":"tag-serie_nlmittagsnotiz","29":"tag-top-news","30":"tag-top-meldungen","31":"tag-topmeldungen","32":"tag-topnews"},"share_on_mastodon":{"url":"https:\/\/pubeurope.com\/@de\/114554095768786601","error":""},"_links":{"self":[{"href":"https:\/\/www.europesays.com\/de\/wp-json\/wp\/v2\/posts\/131915","targetHints":{"allow":["GET"]}}],"collection":[{"href":"https:\/\/www.europesays.com\/de\/wp-json\/wp\/v2\/posts"}],"about":[{"href":"https:\/\/www.europesays.com\/de\/wp-json\/wp\/v2\/types\/post"}],"author":[{"embeddable":true,"href":"https:\/\/www.europesays.com\/de\/wp-json\/wp\/v2\/users\/2"}],"replies":[{"embeddable":true,"href":"https:\/\/www.europesays.com\/de\/wp-json\/wp\/v2\/comments?post=131915"}],"version-history":[{"count":0,"href":"https:\/\/www.europesays.com\/de\/wp-json\/wp\/v2\/posts\/131915\/revisions"}],"wp:featuredmedia":[{"embeddable":true,"href":"https:\/\/www.europesays.com\/de\/wp-json\/wp\/v2\/media\/131916"}],"wp:attachment":[{"href":"https:\/\/www.europesays.com\/de\/wp-json\/wp\/v2\/media?parent=131915"}],"wp:term":[{"taxonomy":"category","embeddable":true,"href":"https:\/\/www.europesays.com\/de\/wp-json\/wp\/v2\/categories?post=131915"},{"taxonomy":"post_tag","embeddable":true,"href":"https:\/\/www.europesays.com\/de\/wp-json\/wp\/v2\/tags?post=131915"}],"curies":[{"name":"wp","href":"https:\/\/api.w.org\/{rel}","templated":true}]}}