{"id":132051,"date":"2025-05-23T00:54:09","date_gmt":"2025-05-23T00:54:09","guid":{"rendered":"https:\/\/www.europesays.com\/de\/132051\/"},"modified":"2025-05-23T00:54:09","modified_gmt":"2025-05-23T00:54:09","slug":"arbeitsplatzabbau-beschlossen-jeder-vierte-bootsbauer-bei-hanseyachts-in-greifswald-muss-gehen","status":"publish","type":"post","link":"https:\/\/www.europesays.com\/de\/132051\/","title":{"rendered":"Arbeitsplatzabbau beschlossen: Jeder vierte Bootsbauer bei Hanseyachts in Greifswald muss gehen"},"content":{"rendered":"<p>                    Arbeitsplatzabbau beschlossen<br \/>\n                Jeder vierte Bootsbauer bei Hanseyachts in Greifswald muss gehen<\/p>\n<p>\t\t\t\t              22.05.2025, 21:30 Uhr<\/p>\n<p>\t\t\t\t\t       Artikel anh\u00f6ren<\/p>\n<p>\t\t\t\t\t\t\tDiese Audioversion wurde k\u00fcnstlich generiert. <a href=\"https:\/\/www.n-tv.de\/23249898\" target=\"_blank\" rel=\"noopener\">Mehr Infos<\/a><\/p>\n<p><strong>Am Monatsende erhalten 200 Besch\u00e4ftigte von Hanseyachts ihre Entlassung. Darauf einigen sich Gesch\u00e4ftsf\u00fchrung und Arbeitnehmervertreter in Greifswald. Angesichts der wirtschaftlichen Herausforderungen vollzieht der Hersteller von Segel- und Motorjachten auch einen Besitzerwechsel.<\/strong><\/p>\n<p>Gesch\u00e4ftsf\u00fchrung und Betriebsrat der Hanseyachts AG haben sich nach intensiven Verhandlungen auf die Modalit\u00e4ten f\u00fcr einen Arbeitsplatzabbau verst\u00e4ndigt. Wie ein Sprecher der IG Metall mitteilte, wurde die Belegschaft am Nachmittag dar\u00fcber informiert, dass 200 der knapp 740 Besch\u00e4ftigten in Greifswald ihren Job verlieren. Dies habe trotz j\u00fcngster Anzeichen f\u00fcr einen bevorstehenden Personalabbau f\u00fcr Betroffenheit gesorgt.<\/p>\n<p>Die Entlassungen w\u00fcrden zum Monatsende verschickt. Ein Sozialplan sei vereinbart worden, der den Betroffenen Abfindungen zusichere. Die Summe sei abh\u00e4ngig von der Zeitdauer der Betriebszugeh\u00f6rigkeit und falle deutlich h\u00f6her aus, als von Unternehmerseite zun\u00e4chst angeboten, sagte der IG Metall-Sprecher. Der Sozialplan werde wirksam, sobald auch das Land, das f\u00fcr die Werft B\u00fcrgschaften \u00fcbernommen habe, zustimme.<\/p>\n<p>  <a title=\"HANSEYACHTS AG INHABER-AKTIEN O.N.\" href=\"https:\/\/www.n-tv.de\/boersenkurse\/aktien\/hanseyachts on-DE000A0KF6M8\" target=\"_blank\" rel=\"noopener\">  <img decoding=\"async\" src=\"https:\/\/www.europesays.com\/de\/wp-content\/uploads\/2025\/05\/1747961649_687_chartNG.gfn\" alt=\"HanseYachts\" class=\"space__strech lazyload\"\/>    <strong>HanseYachts<\/strong>  1,30  <\/a>  <\/p>\n<p>Hanseyachts geh\u00f6rt nach eigenen Angaben zu den gr\u00f6\u00dften Herstellern hochseetauglicher Segel- und Motorjachten aus Serienproduktion sowie Katamaranen. Insbesondere die schwache Konjunktur in Kernm\u00e4rkten wie den USA und Deutschland habe den Absatz schrumpfen lassen, nannte die Gesch\u00e4ftsf\u00fchrung als Grund f\u00fcr die Entlassungen. Bis Ende Juni werde zun\u00e4chst noch unter Vollauslastung produziert, um das Saisongesch\u00e4ft zu bedienen. Danach werde die Produktion der sinkenden Nachfrage angepasst, &#8222;um die wirtschaftliche Stabilit\u00e4t des Unternehmens zu sichern&#8220;, hie\u00df es.<\/p>\n<p>&#8222;Strategischer Neubeginn&#8220; beschlossen<\/p>\n<p>Mit einem Besitzerwechsel strebt die Hanseyachts AG nach eigenen Angaben einen &#8222;strategischen Neubeginn&#8220; an. Wie aus einer Mitteilung hervorging, zieht sich das weltweit t\u00e4tige Investmentunternehmen Aurelius als langj\u00e4hriger Mehrheitsaktion\u00e4r aus dem Gesch\u00e4ft zur\u00fcck. Dessen Anteile w\u00fcrden vom Familienunternehmer Andreas M\u00fcller mit Sitz in \u00d6sterreich sowie Hanseyachts-Vorstandschef Hanjo Runde \u00fcbernommen. <\/p>\n<p>Die Finalisierung der Aktientransaktion stehe allerdings unter dem Vorbehalt weiterer Vereinbarungen, insbesondere einer Einigung mit der Landesregierung Mecklenburg-Vorpommern und den finanzierenden Banken. Das seit 2007 an der B\u00f6rse gehandelte Unternehmen hat Standorte in Greifswald, im polnischen Goleniow und im franz\u00f6sischen Les Sables d\u2019Olonne und besch\u00e4ftigte bislang insgesamt etwa 1500 Mitarbeiter.<\/p>\n","protected":false},"excerpt":{"rendered":"Arbeitsplatzabbau beschlossen Jeder vierte Bootsbauer bei Hanseyachts in Greifswald muss gehen 22.05.2025, 21:30 Uhr Artikel anh\u00f6ren Diese Audioversion&hellip;\n","protected":false},"author":2,"featured_media":132052,"comment_status":"","ping_status":"","sticky":false,"template":"","format":"standard","meta":{"footnotes":""},"categories":[134],"tags":[175,170,169,29,30,3300,48959,10268,171,174,5226,19726,173,172,48958,55],"class_list":{"0":"post-132051","1":"post","2":"type-post","3":"status-publish","4":"format-standard","5":"has-post-thumbnail","7":"category-unternehmen-maerkte","8":"tag-business","9":"tag-companies","10":"tag-companies-markets","11":"tag-deutschland","12":"tag-germany","13":"tag-greifswald","14":"tag-jachten","15":"tag-konjunktur","16":"tag-markets","17":"tag-maerkte","18":"tag-schifffahrt","19":"tag-stellenabbau","20":"tag-unternehmen","21":"tag-unternehmen-maerkte","22":"tag-werften","23":"tag-wirtschaft"},"share_on_mastodon":{"url":"https:\/\/pubeurope.com\/@de\/114554422586035983","error":""},"_links":{"self":[{"href":"https:\/\/www.europesays.com\/de\/wp-json\/wp\/v2\/posts\/132051","targetHints":{"allow":["GET"]}}],"collection":[{"href":"https:\/\/www.europesays.com\/de\/wp-json\/wp\/v2\/posts"}],"about":[{"href":"https:\/\/www.europesays.com\/de\/wp-json\/wp\/v2\/types\/post"}],"author":[{"embeddable":true,"href":"https:\/\/www.europesays.com\/de\/wp-json\/wp\/v2\/users\/2"}],"replies":[{"embeddable":true,"href":"https:\/\/www.europesays.com\/de\/wp-json\/wp\/v2\/comments?post=132051"}],"version-history":[{"count":0,"href":"https:\/\/www.europesays.com\/de\/wp-json\/wp\/v2\/posts\/132051\/revisions"}],"wp:featuredmedia":[{"embeddable":true,"href":"https:\/\/www.europesays.com\/de\/wp-json\/wp\/v2\/media\/132052"}],"wp:attachment":[{"href":"https:\/\/www.europesays.com\/de\/wp-json\/wp\/v2\/media?parent=132051"}],"wp:term":[{"taxonomy":"category","embeddable":true,"href":"https:\/\/www.europesays.com\/de\/wp-json\/wp\/v2\/categories?post=132051"},{"taxonomy":"post_tag","embeddable":true,"href":"https:\/\/www.europesays.com\/de\/wp-json\/wp\/v2\/tags?post=132051"}],"curies":[{"name":"wp","href":"https:\/\/api.w.org\/{rel}","templated":true}]}}