{"id":132120,"date":"2025-05-23T01:33:08","date_gmt":"2025-05-23T01:33:08","guid":{"rendered":"https:\/\/www.europesays.com\/de\/132120\/"},"modified":"2025-05-23T01:33:08","modified_gmt":"2025-05-23T01:33:08","slug":"erster-wanderfalke-an-der-kaiserburg-ausgeflogen-wochenzeitung-altmuehlfranken","status":"publish","type":"post","link":"https:\/\/www.europesays.com\/de\/132120\/","title":{"rendered":"Erster Wanderfalke an der Kaiserburg ausgeflogen \u2013 Wochenzeitung Altm\u00fchlfranken"},"content":{"rendered":"<p>N\u00fcrnberg (red).\u00a0Nach knapp 40 Tagen Brutdauer und weiteren gut 40 Tagen Jungenaufzucht war es heute soweit: Gegen Mittag hat der erste Jungvogel des diesj\u00e4hrigen Geleges den Horst freiwillig verlassen. Nachdem am Montag bei Flug\u00fcbungen bereits einer der Jungv\u00f6gel vom Abfluggitter gefallen und unbeschadet auf dem Dach unterhalb des Horstes gelandet ist, bekommt dieser Jungvogel nun Gesellschaft von seinen Geschwistern.<\/p>\n<p>In den Tagen nach dem ersten Abflug ist die Flugmuskulatur der Jungv\u00f6gel noch nicht ausreichend ausgebildet, um wieder zum Horst hoch zu fliegen, sodass sich die juvenilen Falken meist unterhalb des Horstes oder auf D\u00e4chern in der n\u00e4heren Umgebung aufhalten. In den kommenden Tagen werden sie durch Fl\u00fcgelschlagen und kleinere Spr\u00fcnge weiter ihre Flugmuskulatur st\u00e4rken, um dann auch wieder zum Brutplatz zur\u00fcckzukehren. Da sie aktuell noch nicht selbst jagen k\u00f6nnen, werden sie auch in den kommenden Wochen weiterhin von den Altv\u00f6geln mit Nahrung versorgt. Sobald die jungen Falken ausreichend trainiert sind, lernen sie von den Altv\u00f6geln selbst zu jagen. Dabei nutzen die adulten Tiere teilweise bereits geschlagene Beute und lassen sie in der Luft fallen. Der Nachwuchs muss dann versuchen diesen Vogel zu fangen. Dabei vollf\u00fchren sowohl die juvenilen als auch adulten Tiere teilweise spektakul\u00e4re Flugman\u00f6ver. Mit etwas Gl\u00fcck sind diese auch in der N\u00e4he der Kaiserburg zu beobachten.<\/p>\n<p>Nachdem die jungen Wanderfalken in den kommenden Monaten das Jagen lernen und ihre Flugk\u00fcnste perfektionieren werden, wird sich der Familienverbund ab Anfang August zunehmend aufl\u00f6sen. Die Jungtiere ziehen dann teilweise bis nach Spanien und Portugal, wo sie ihren ersten Winter verbringen werden. Die Altv\u00f6gel, zumindest die der Kaiserburg, bleiben meistens in N\u00fcrnberg und sind auch immer mal wieder am Brutplatz zu sehen.<\/p>\n<p>Neben den Falken gibt es auf dem Gel\u00e4nde der Kaiserburg aber auch noch einige weitere Arten und Lebensr\u00e4ume zu entdecken. Seit Beginn des Projektes \u201aLebensraum Burg\u2018 im Jahr 2013 wurden \u00fcber 2.000 verschiedene Pflanzen- und Tierarten auf dem etwa 65 Hektar gro\u00dfen Burggel\u00e4nde kartiert. Wer Interesse hat, kann Teile dieser gro\u00dfen Vielfalt im Rahmen der diesj\u00e4hrigen F\u00fchrungen kennenlernen. Im Juni und August werden je zwei F\u00fchrungen zu Flederm\u00e4usen bzw. Insekten auf dem Gel\u00e4nde der Kaiserburg stattfinden. Schauen Sie gerne vorbei und lassen Sie sich von der Welt der jeweiligen Artengruppe begeistern!<\/p>\n<p>Anmeldungen sind per Mail unter Angabe des Namens und der gew\u00fcnschten F\u00fchrung unter\u00a0<a href=\"https:\/\/www.wochenzeitung-online.de\/abflug-erster-wanderfalke-an-der-kaiserburg-ausgeflogen\/mailto:biodiversitaet@reg-mfr.bayern.de\" rel=\"nofollow noopener\" target=\"_blank\">biodiversitaet@reg-mfr.bayern.de<\/a>\u00a0m\u00f6glich. Wir w\u00fcrden uns freuen, Sie bei einer der F\u00fchrungen begr\u00fc\u00dfen zu d\u00fcrfen.<\/p>\n<p>Foto: Dr. Stefan B\u00f6ger \u2013 Regierung von Mittelfranken<\/p>\n","protected":false},"excerpt":{"rendered":"N\u00fcrnberg (red).\u00a0Nach knapp 40 Tagen Brutdauer und weiteren gut 40 Tagen Jungenaufzucht war es heute soweit: Gegen Mittag&hellip;\n","protected":false},"author":2,"featured_media":132121,"comment_status":"","ping_status":"","sticky":false,"template":"","format":"standard","meta":{"footnotes":""},"categories":[1837],"tags":[12276,12274,12275,12273,12277,772,12272,3364,29,30,12278,3783,12280,12271,12279,12270,12269],"class_list":{"0":"post-132120","1":"post","2":"type-post","3":"status-publish","4":"format-standard","5":"has-post-thumbnail","7":"category-nuernberg","8":"tag-anzeigenblatt-eichstaett","9":"tag-anzeigenblatt-gunzenhausen","10":"tag-anzeigenblatt-treuchtlingen","11":"tag-anzeigenblatt-weissenburg","12":"tag-anzeigenwerbung","13":"tag-bayern","14":"tag-beilagenwerbung-weissenburg","15":"tag-de","16":"tag-deutschland","17":"tag-germany","18":"tag-kleinanzeigen","19":"tag-nuernberg","20":"tag-printwerbung","21":"tag-prospektbeilage-weissenburg","22":"tag-prospektverteilung-weissenburg","23":"tag-stadtzeitung-weissenburg","24":"tag-wochenzeitung-altmuehlfranken"},"share_on_mastodon":{"url":"https:\/\/pubeurope.com\/@de\/114554575431316292","error":""},"_links":{"self":[{"href":"https:\/\/www.europesays.com\/de\/wp-json\/wp\/v2\/posts\/132120","targetHints":{"allow":["GET"]}}],"collection":[{"href":"https:\/\/www.europesays.com\/de\/wp-json\/wp\/v2\/posts"}],"about":[{"href":"https:\/\/www.europesays.com\/de\/wp-json\/wp\/v2\/types\/post"}],"author":[{"embeddable":true,"href":"https:\/\/www.europesays.com\/de\/wp-json\/wp\/v2\/users\/2"}],"replies":[{"embeddable":true,"href":"https:\/\/www.europesays.com\/de\/wp-json\/wp\/v2\/comments?post=132120"}],"version-history":[{"count":0,"href":"https:\/\/www.europesays.com\/de\/wp-json\/wp\/v2\/posts\/132120\/revisions"}],"wp:featuredmedia":[{"embeddable":true,"href":"https:\/\/www.europesays.com\/de\/wp-json\/wp\/v2\/media\/132121"}],"wp:attachment":[{"href":"https:\/\/www.europesays.com\/de\/wp-json\/wp\/v2\/media?parent=132120"}],"wp:term":[{"taxonomy":"category","embeddable":true,"href":"https:\/\/www.europesays.com\/de\/wp-json\/wp\/v2\/categories?post=132120"},{"taxonomy":"post_tag","embeddable":true,"href":"https:\/\/www.europesays.com\/de\/wp-json\/wp\/v2\/tags?post=132120"}],"curies":[{"name":"wp","href":"https:\/\/api.w.org\/{rel}","templated":true}]}}