{"id":132160,"date":"2025-05-23T02:01:13","date_gmt":"2025-05-23T02:01:13","guid":{"rendered":"https:\/\/www.europesays.com\/de\/132160\/"},"modified":"2025-05-23T02:01:13","modified_gmt":"2025-05-23T02:01:13","slug":"kuenstliche-intelligenz-chatgpt-mutter-eroeffnet-erstes-deutsches-buero-in-muenchen-bayern","status":"publish","type":"post","link":"https:\/\/www.europesays.com\/de\/132160\/","title":{"rendered":"K\u00fcnstliche Intelligenz: ChatGPT-Mutter er\u00f6ffnet erstes deutsches B\u00fcro in M\u00fcnchen &#8211; Bayern"},"content":{"rendered":"<p>S\u00f6der: So breit wie m\u00f6glich machen <\/p>\n<p>Der Bayerische Ministerpr\u00e4sident Markus S\u00f6der (CSU) sagte beim Festakt zur B\u00fcroer\u00f6ffnung am Donnerstagabend mit Blick auf die Gr\u00f6\u00dfe des Standorts: &#8222;Wir wollen, dass ihr euch so breit wie m\u00f6glich macht.&#8220; Bayern werde alles tun, um OpenAI zu halten. Er selbst arbeite viel mit ChatGPT, sagte S\u00f6der. &#8222;Weil jeder bl\u00f6de Krempel, den ich wissen will, den wei\u00df ChatGPT.&#8220;<\/p>\n","protected":false},"excerpt":{"rendered":"S\u00f6der: So breit wie m\u00f6glich machen Der Bayerische Ministerpr\u00e4sident Markus S\u00f6der (CSU) sagte beim Festakt zur B\u00fcroer\u00f6ffnung am&hellip;\n","protected":false},"author":2,"featured_media":132161,"comment_status":"","ping_status":"","sticky":false,"template":"","format":"standard","meta":{"footnotes":""},"categories":[1827],"tags":[772,675,5308,29,30,671,1268,1230],"class_list":{"0":"post-132160","1":"post","2":"type-post","3":"status-publish","4":"format-standard","5":"has-post-thumbnail","7":"category-muenchen","8":"tag-bayern","9":"tag-chatgpt","10":"tag-computer","11":"tag-deutschland","12":"tag-germany","13":"tag-ki","14":"tag-muenchen","15":"tag-openai"},"share_on_mastodon":{"url":"https:\/\/pubeurope.com\/@de\/114554685581516907","error":""},"_links":{"self":[{"href":"https:\/\/www.europesays.com\/de\/wp-json\/wp\/v2\/posts\/132160","targetHints":{"allow":["GET"]}}],"collection":[{"href":"https:\/\/www.europesays.com\/de\/wp-json\/wp\/v2\/posts"}],"about":[{"href":"https:\/\/www.europesays.com\/de\/wp-json\/wp\/v2\/types\/post"}],"author":[{"embeddable":true,"href":"https:\/\/www.europesays.com\/de\/wp-json\/wp\/v2\/users\/2"}],"replies":[{"embeddable":true,"href":"https:\/\/www.europesays.com\/de\/wp-json\/wp\/v2\/comments?post=132160"}],"version-history":[{"count":0,"href":"https:\/\/www.europesays.com\/de\/wp-json\/wp\/v2\/posts\/132160\/revisions"}],"wp:featuredmedia":[{"embeddable":true,"href":"https:\/\/www.europesays.com\/de\/wp-json\/wp\/v2\/media\/132161"}],"wp:attachment":[{"href":"https:\/\/www.europesays.com\/de\/wp-json\/wp\/v2\/media?parent=132160"}],"wp:term":[{"taxonomy":"category","embeddable":true,"href":"https:\/\/www.europesays.com\/de\/wp-json\/wp\/v2\/categories?post=132160"},{"taxonomy":"post_tag","embeddable":true,"href":"https:\/\/www.europesays.com\/de\/wp-json\/wp\/v2\/tags?post=132160"}],"curies":[{"name":"wp","href":"https:\/\/api.w.org\/{rel}","templated":true}]}}