{"id":132198,"date":"2025-05-23T02:22:09","date_gmt":"2025-05-23T02:22:09","guid":{"rendered":"https:\/\/www.europesays.com\/de\/132198\/"},"modified":"2025-05-23T02:22:09","modified_gmt":"2025-05-23T02:22:09","slug":"afd-verbot-demokratiefeinde-auf-staatskosten-zeit-online","status":"publish","type":"post","link":"https:\/\/www.europesays.com\/de\/132198\/","title":{"rendered":"AfD-Verbot: Demokratiefeinde auf Staatskosten? | ZEIT ONLINE"},"content":{"rendered":"<p class=\"paragraph article__item\">Der Verfassungsschutz stuft die <a class=\"rtr-entity\" href=\"https:\/\/www.zeit.de\/thema\/alternative-fuer-deutschland\" rel=\"nofollow noopener\" target=\"_blank\">AfD<\/a> seit Mai <a href=\"https:\/\/www.zeit.de\/politik\/deutschland\/2025-05\/afd-bundespartei-laut-verfassungsschutz-gesichert-rechtsextremistisch\" class=\"\" target=\"_blank\" rel=\"nofollow noopener\">bundesweit als gesichert rechtsextremistisch<\/a> ein. Grundlage der neuen Bewertung ist ein \u00fcber 1.100 Seiten langer Bericht des Bundesamts f\u00fcr Verfassungsschutz. Der Entscheidung sei eine &#8222;intensive und umfassende gutachterliche Pr\u00fcfung&#8220; vorausgegangen, die sich \u00fcber rund drei Jahre erstreckt habe, teilte der Inlandsgeheimdienst mit. Im Bericht hei\u00dft es, die AfD vertrete ein ethnisch-abstammungsm\u00e4\u00dfiges Volksverst\u00e4ndnis, das mit der freiheitlichen demokratischen Grundordnung unvereinbar sei. Der Verfassungsschutz erkennt darin eine ideologische N\u00e4he zum Nationalsozialismus.\n<\/p>\n<p class=\"paragraph article__item\">Die Einstufung hat die Debatte \u00fcber ein m\u00f6gliches Parteiverbot neu entfacht. Bereits im Februar hatten 124 Abgeordnete aus <a class=\"rtr-entity\" href=\"https:\/\/www.zeit.de\/thema\/cdu\" rel=\"nofollow noopener\" target=\"_blank\">CDU<\/a>, SPD, Gr\u00fcnen, Linken und dem SSW einen entsprechenden Antrag eingebracht. Doch der Vorsto\u00df scheiterte \u2013 eine Abstimmung fand nicht statt, und mit dem Ende der Legislaturperiode versandete auch <a href=\"https:\/\/www.zeit.de\/politik\/deutschland\/2025-02\/afd-bundestag-verbot-verfassungsschutz-parteien\" class=\"\" target=\"_blank\" rel=\"nofollow noopener\">der Vorsto\u00df<\/a>. Nun r\u00fcckt die Diskussion erneut ins Zentrum. W\u00e4hrend f\u00fchrende SPD-Politikerinnen und Politiker ein Verbot fordern, bleibt Bundeskanzler Friedrich Merz (CDU) skeptisch. In einem <a href=\"https:\/\/www.zeit.de\/2025\/20\/friedrich-merz-bundeskanzler-donald-trump-ukraine-krieg-russland\" class=\"\" target=\"_blank\" rel=\"nofollow noopener\">Interview mit der ZEIT<\/a> warnte er davor, dass ein Verbot als Versuch erscheinen k\u00f6nnte, politische Konkurrenz auszuschalten\n<\/p>\n<p class=\"paragraph article__item\">Die AfD hat <a href=\"https:\/\/www.zeit.de\/politik\/deutschland\/2025-05\/afd-klage-verfassungsschutz-rechtsextremismus\" class=\"\" target=\"_blank\" rel=\"nofollow noopener\">Klage gegen ihre Einstufung<\/a> eingereicht. Das Verwaltungsgericht K\u00f6ln wird dar\u00fcber entscheiden \u2013 bis dahin bleibt die Partei weiterhin als Verdachtsfall eingestuft. Ihre Finanzierung aus Steuermitteln bleibt davon unber\u00fchrt. Wie wehrhaft ist eine Demokratie, die ihre Gegner mit \u00f6ffentlichen Geldern unterst\u00fctzt? Ist ein Verbot der zweitst\u00e4rksten Partei des Landes \u00fcberhaupt realistisch \u2013 oder k\u00f6nnte es der AfD am Ende sogar n\u00fctzen? Dar\u00fcber spricht Moderatorin Hannah Gr\u00fcnewald mit Politikredakteur <a href=\"https:\/\/www.zeit.de\/autoren\/S\/Tilman_Steffen-2\/index\" class=\"\" target=\"_blank\" rel=\"nofollow noopener\">Tilman Steffen<\/a>.\n<\/p>\n<p>                            \u00a9\u00a0Lea Dohle<\/p>\n<p>\n                    Newsletter<\/p>\n<p>                    Was jetzt? \u2013 Der t\u00e4gliche Morgen\u00fcberblick<\/p>\n<p class=\"newsletter-signup__text\">Starten Sie mit unserem kurzen Nachrichten-Newsletter in den Tag. Erhalten Sie zudem freitags den US-Sonderletter &#8222;Was jetzt, America?&#8220; sowie das digitale Magazin ZEIT am Wochenende.<\/p>\n<p class=\"newsletter-signup__datapolicy\" hidden=\"\">\n            Mit Ihrer Registrierung nehmen Sie die <a href=\"https:\/\/datenschutz.zeit.de\/zon#Newsletter\" target=\"_blank\" rel=\"nofollow noopener\">Datenschutzerkl\u00e4rung<\/a> zur Kenntnis.\n        <\/p>\n<p>    Vielen Dank! Wir haben Ihnen eine E-Mail geschickt.<\/p>\n<p>Pr\u00fcfen Sie Ihr Postfach und best\u00e4tigen Sie das Newsletter-Abonnement.<\/p>\n<p class=\"paragraph article__item\">Unsere Sendung sehen Sie immer donnerstags ab 21 Uhr auf\u00a0<a href=\"https:\/\/www.zeit.de\/serie\/was-jetzt-die-woche\" target=\"_blank\" rel=\"nofollow noopener\">zeit.de<\/a>\u00a0und auf\u00a0<a href=\"https:\/\/youtu.be\/5RnqHK8ilnU?si=B_S_MyQPIjmJSLhj\" target=\"_blank\" rel=\"nofollow noopener\">YouTube<\/a>.\n<\/p>\n<p class=\"paragraph article__item\">Redaktionsleitung &amp; Moderation: Hannah Gr\u00fcnewald <br \/>Postproduktion: Simon Schmalhorst, Matthias Giordano,\u00a0Fish&amp;Clips<br \/>Redaktion &amp; Produktion: Julian Claudi, Matthias Giordano, Lucie, Liu, Fish&amp;Clips <br \/>Studentische Unterst\u00fctzung: Sebastian Spallek\u00a0 <br \/>Ressortleitung Video: Max Boenke <br \/>Technisches Konzept: Sven Wolters <br \/>Videodesign: Fabian Friedrich, Adele Ogiermann, Ulf St\u00e4ttmayer, Nicol\u00e1s Grone <br \/>Musik: Konrad Peschmann, soundskin <\/p>\n","protected":false},"excerpt":{"rendered":"Der Verfassungsschutz stuft die AfD seit Mai bundesweit als gesichert rechtsextremistisch ein. Grundlage der neuen Bewertung ist ein&hellip;\n","protected":false},"author":2,"featured_media":132199,"comment_status":"","ping_status":"","sticky":false,"template":"","format":"standard","meta":{"footnotes":""},"categories":[2],"tags":[40636,150,31,29,30,10564,13,14,15,16,770,12,10,8,9,11,419],"class_list":{"0":"post-132198","1":"post","2":"type-post","3":"status-publish","4":"format-standard","5":"has-post-thumbnail","7":"category-deutschland","8":"tag-afd-verbot","9":"tag-alternative-fuer-deutschland","10":"tag-cdu","11":"tag-deutschland","12":"tag-germany","13":"tag-grundgesetz","14":"tag-headlines","15":"tag-nachrichten","16":"tag-news","17":"tag-politik","18":"tag-rechtsextremismus","19":"tag-schlagzeilen","20":"tag-top-news","21":"tag-top-meldungen","22":"tag-topmeldungen","23":"tag-topnews","24":"tag-verfassungsschutz"},"share_on_mastodon":{"url":"https:\/\/pubeurope.com\/@de\/114554768340093355","error":""},"_links":{"self":[{"href":"https:\/\/www.europesays.com\/de\/wp-json\/wp\/v2\/posts\/132198","targetHints":{"allow":["GET"]}}],"collection":[{"href":"https:\/\/www.europesays.com\/de\/wp-json\/wp\/v2\/posts"}],"about":[{"href":"https:\/\/www.europesays.com\/de\/wp-json\/wp\/v2\/types\/post"}],"author":[{"embeddable":true,"href":"https:\/\/www.europesays.com\/de\/wp-json\/wp\/v2\/users\/2"}],"replies":[{"embeddable":true,"href":"https:\/\/www.europesays.com\/de\/wp-json\/wp\/v2\/comments?post=132198"}],"version-history":[{"count":0,"href":"https:\/\/www.europesays.com\/de\/wp-json\/wp\/v2\/posts\/132198\/revisions"}],"wp:featuredmedia":[{"embeddable":true,"href":"https:\/\/www.europesays.com\/de\/wp-json\/wp\/v2\/media\/132199"}],"wp:attachment":[{"href":"https:\/\/www.europesays.com\/de\/wp-json\/wp\/v2\/media?parent=132198"}],"wp:term":[{"taxonomy":"category","embeddable":true,"href":"https:\/\/www.europesays.com\/de\/wp-json\/wp\/v2\/categories?post=132198"},{"taxonomy":"post_tag","embeddable":true,"href":"https:\/\/www.europesays.com\/de\/wp-json\/wp\/v2\/tags?post=132198"}],"curies":[{"name":"wp","href":"https:\/\/api.w.org\/{rel}","templated":true}]}}