{"id":132242,"date":"2025-05-23T02:46:15","date_gmt":"2025-05-23T02:46:15","guid":{"rendered":"https:\/\/www.europesays.com\/de\/132242\/"},"modified":"2025-05-23T02:46:15","modified_gmt":"2025-05-23T02:46:15","slug":"gespraeche-zu-irans-atomprogramm-ist-ein-kompromiss-moeglich","status":"publish","type":"post","link":"https:\/\/www.europesays.com\/de\/132242\/","title":{"rendered":"Gespr\u00e4che zu Irans Atomprogramm: Ist ein Kompromiss m\u00f6glich?"},"content":{"rendered":"<p class=\"metatextline\">Stand: 23.05.2025 03:02 Uhr<\/p>\n<p class=\"textabsatz columns twelve  m-ten  m-offset-one l-eight l-offset-two\">\n        <strong>Die USA und der Iran setzen heute ihre Verhandlungen \u00fcber das iranische Atomprogramm fort &#8211; in der mittlerweile f\u00fcnften Runde. Doch Maximalforderungen auf beiden Seiten d\u00e4mpfen die Erwartungen.<\/strong>\n    <\/p>\n<p>                                        <a class=\"authorline__link\" href=\"https:\/\/www.tagesschau.de\/korrespondenten\/uwe-lueb-101.html\" rel=\"nofollow noopener\" target=\"_blank\"><br \/>\n                                            <img decoding=\"async\" class=\"authorline__img\" alt=\"Uwe Lueb\" src=\"https:\/\/www.europesays.com\/de\/wp-content\/uploads\/2025\/05\/uwe-lueb-107.jpg\"\/><br \/>\n                                        <\/a><\/p>\n<p class=\"textabsatz m-ten m-offset-one l-eight l-offset-two columns twelve\">\nVier Verhandlungsrunden gab es bisher <a href=\"https:\/\/www.tagesschau.de\/ausland\/asien\/oman-gespraeche-usa-iran-100.html\" title=\"USA und Iran setzen bei Gespr\u00e4chen auf den Oman als Vermittler\" rel=\"nofollow noopener\" target=\"_blank\">unter Vermittlung des Oman<\/a>. Drei in der Hauptstadt Maskat, einmal traf man sich in Rom.<\/p>\n<p class=\"textabsatz m-ten m-offset-one l-eight l-offset-two columns twelve\">\nDas auch mit europ\u00e4ischen Partnern geschlossene Abkommen zum iranischen Atomprogramm von 2015 hatten die USA drei Jahre sp\u00e4ter in der ersten Amtszeit von Pr\u00e4sident Donald Trump aufgek\u00fcndigt. Der Iran hielt sich daraufhin auch nicht mehr daran. Seitdem laufen die Arbeiten selbst an Nuklearwaffen nach internationaler Einsch\u00e4tzung auf Hochtouren. <a href=\"https:\/\/www.tagesschau.de\/ausland\/asien\/atomverhandlungen-iran-usa-100.html\" title=\"Iran und USA wagen neuen Anlauf bei Atomverhandlungen\" rel=\"nofollow noopener\" target=\"_blank\">Seit Mitte April reden beide Seiten wieder miteinander<\/a> &#8211; indirekt zumindest.<\/p>\n<p class=\"textabsatz m-ten m-offset-one l-eight l-offset-two columns twelve\">\nNach dem j\u00fcngsten Zusammentreffen am 11. Mai sprach man auf omanischer Seite von &#8222;n\u00fctzlichen und originellen Ideen&#8220;. Nun blicke man in Richtung einer weiteren Runde. Lange war dann unklar, wo und wann diese n\u00e4chste Runde stattfinden wird. Nun wird man sich wieder in Rom treffen &#8211; heute. Doch alles andere ist weiter offen, und es gibt viele Probleme.<\/p>\n<p>    Witkoff: &#8222;Nicht ein Prozent Anreicherungskapazit\u00e4t&#8220;<\/p>\n<p class=\"textabsatz m-ten m-offset-one l-eight l-offset-two columns twelve\"><a href=\"https:\/\/www.tagesschau.de\/ausland\/amerika\/usa-witkoff-100.html\" title=\"Steve Witkoff: Ohne Erfahrung - aber Trumps Beauftragter f\u00fcr alles\" rel=\"nofollow noopener\" target=\"_blank\">US-Unterh\u00e4ndler Steve Witkoff<\/a> spricht zwar davon, dass man sich einigen wolle. Doch im US-Sender ABC News stellt er Bedingungen: &#8222;Wir haben eine ganz klare rote Linie: die Anreicherung. Wir k\u00f6nnen nicht einmal ein Prozent Anreicherungskapazit\u00e4t zulassen.&#8220;<\/p>\n<p class=\"textabsatz m-ten m-offset-one l-eight l-offset-two columns twelve\">\nF\u00fcr die zivile Nutzung von Atomenergie, etwa f\u00fcr Atomkraftwerke, ist eine niedrigere Anreicherung von Uran ausreichend als f\u00fcr den Bau von Atomwaffen. Nach eigener Aussage will der Iran keine Atomwaffen bauen. Aber im Westen, vor allem in den USA, traut man dem Regime in Teheran nicht. Zumal es im Iran mittlerweile gro\u00dfe Mengen hoch angereicherten Urans geben soll.<\/p>\n<p>    Frage der Anreicherung f\u00fcr den Iran &#8222;nicht verhandelbar&#8220;<\/p>\n<p class=\"textabsatz m-ten m-offset-one l-eight l-offset-two columns twelve\">\nDoch gar keine Anreicherung komme nicht in Frage, hei\u00dft es in Teheran. Das h\u00e4tten eigentlich auch die USA akzeptiert, berichteten iranische Nachrichtenagenturen nach der letzten Gespr\u00e4chsrunde. Umso emp\u00f6rter gab sich Irans Au\u00dfenminister Abbas Araghtschi nach den \u00c4u\u00dferungen Witkoffs.<\/p>\n<p class=\"textabsatz m-ten m-offset-one l-eight l-offset-two columns twelve\">\n&#8222;In den letzten Tagen haben wir v\u00f6llig irrationale und unlogische \u00c4u\u00dferungen der Amerikaner geh\u00f6rt, und es ist unvern\u00fcnftig, sie \u00f6ffentlich zu machen&#8220;, sagte Araghtschi. &#8222;Wir haben sofort reagiert. Die Frage der Anreicherung ist absolut nicht verhandelbar.&#8220;<\/p>\n<p>    Iran fordert Wegfall aller Sanktionen<\/p>\n<p class=\"textabsatz m-ten m-offset-one l-eight l-offset-two columns twelve\">\nDer Iran wiederum fordert den Wegfall aller Sanktionen gegen das Land. Auch das scheint f\u00fcr Teheran nicht verhandelbar zu sein.<\/p>\n<p class=\"textabsatz m-ten m-offset-one l-eight l-offset-two columns twelve\">\nDaf\u00fcr habe das Regime in den Gespr\u00e4chen mit den USA Ende April vorgeschlagen, man k\u00f6nne die Anreicherung von Uran in ein Konsortium verschiedener L\u00e4nder in der Region \u00fcberf\u00fchren. Das w\u00fcrde automatisch mehr Kontrolle bedeuten. Ob das die USA \u00fcberzeugt, ist nicht klar.<\/p>\n<p class=\"textabsatz m-ten m-offset-one l-eight l-offset-two columns twelve\">\nDie USA h\u00e4tten ihrerseits dem Iran einen neuen Vorschlag unterbreitet, so US-Pr\u00e4sident Donald Trump vergangene Woche. Im Iran hie\u00df es aber zun\u00e4chst, es sei nichts angekommen.<\/p>\n<p>    Niedrige Erwartungen<\/p>\n<p class=\"textabsatz m-ten m-offset-one l-eight l-offset-two columns twelve\">\n\u00dcberhaupt scheint man in Teheran wenig von den Gespr\u00e4chen zu erwarten. Der oberste religi\u00f6se F\u00fchrer des Landes, Ali Khamenei, sagte in einer Rede anl\u00e4sslich des ersten Todestags des fr\u00fcheren Pr\u00e4sidenten Ebrahim Raisi: &#8222;Auch w\u00e4hrend dessen Amtszeit gab es indirekte Verhandlungen, genau wie jetzt &#8211; aber ohne Ergebnisse. Auch jetzt erwarten wir keine Ergebnisse. Wir wissen nicht, was passieren wird.&#8220;<\/p>\n<p class=\"textabsatz m-ten m-offset-one l-eight l-offset-two columns twelve\">\nDabei hat Trump immer wieder damit gedroht, dass dem Iran im Falle eines Misserfolgs &#8222;sehr Schlimmes&#8220; bl\u00fche. Der Iran hat zwar darauf hingewiesen, dann seinerseits alle US-St\u00fctzpunkte in der Region zu milit\u00e4rischen Zielen zu erkl\u00e4ren. Gleichwohl scheint man in Teheran nicht besonders beeindruckt zu sein, sondern verl\u00e4sst sich offenbar darauf, dass Trump im Zweifel keinen Krieg m\u00f6chte.<\/p>\n","protected":false},"excerpt":{"rendered":"Stand: 23.05.2025 03:02 Uhr Die USA und der Iran setzen heute ihre Verhandlungen \u00fcber das iranische Atomprogramm fort&hellip;\n","protected":false},"author":2,"featured_media":132243,"comment_status":"","ping_status":"","sticky":false,"template":"","format":"standard","meta":{"footnotes":""},"categories":[3977],"tags":[331,332,49022,40369,13,345,14,15,12,4017,4018,4016,64,4019,4020],"class_list":{"0":"post-132242","1":"post","2":"type-post","3":"status-publish","4":"format-standard","5":"has-post-thumbnail","7":"category-usa","8":"tag-aktuelle-nachrichten","9":"tag-aktuelle-news","10":"tag-atom-deal","11":"tag-atomverhandlungen","12":"tag-headlines","13":"tag-iran","14":"tag-nachrichten","15":"tag-news","16":"tag-schlagzeilen","17":"tag-united-states","18":"tag-united-states-of-america","19":"tag-us","20":"tag-usa","21":"tag-vereinigte-staaten","22":"tag-vereinigte-staaten-von-amerika"},"share_on_mastodon":{"url":"https:\/\/pubeurope.com\/@de\/114554862560821507","error":""},"_links":{"self":[{"href":"https:\/\/www.europesays.com\/de\/wp-json\/wp\/v2\/posts\/132242","targetHints":{"allow":["GET"]}}],"collection":[{"href":"https:\/\/www.europesays.com\/de\/wp-json\/wp\/v2\/posts"}],"about":[{"href":"https:\/\/www.europesays.com\/de\/wp-json\/wp\/v2\/types\/post"}],"author":[{"embeddable":true,"href":"https:\/\/www.europesays.com\/de\/wp-json\/wp\/v2\/users\/2"}],"replies":[{"embeddable":true,"href":"https:\/\/www.europesays.com\/de\/wp-json\/wp\/v2\/comments?post=132242"}],"version-history":[{"count":0,"href":"https:\/\/www.europesays.com\/de\/wp-json\/wp\/v2\/posts\/132242\/revisions"}],"wp:featuredmedia":[{"embeddable":true,"href":"https:\/\/www.europesays.com\/de\/wp-json\/wp\/v2\/media\/132243"}],"wp:attachment":[{"href":"https:\/\/www.europesays.com\/de\/wp-json\/wp\/v2\/media?parent=132242"}],"wp:term":[{"taxonomy":"category","embeddable":true,"href":"https:\/\/www.europesays.com\/de\/wp-json\/wp\/v2\/categories?post=132242"},{"taxonomy":"post_tag","embeddable":true,"href":"https:\/\/www.europesays.com\/de\/wp-json\/wp\/v2\/tags?post=132242"}],"curies":[{"name":"wp","href":"https:\/\/api.w.org\/{rel}","templated":true}]}}