{"id":132414,"date":"2025-05-23T04:24:13","date_gmt":"2025-05-23T04:24:13","guid":{"rendered":"https:\/\/www.europesays.com\/de\/132414\/"},"modified":"2025-05-23T04:24:13","modified_gmt":"2025-05-23T04:24:13","slug":"niedersachsen-bremen-versteckt-im-maeppchen-e-zigaretten-in-schulen","status":"publish","type":"post","link":"https:\/\/www.europesays.com\/de\/132414\/","title":{"rendered":"Niedersachsen &#038; Bremen: Versteckt im M\u00e4ppchen: E-Zigaretten in Schulen"},"content":{"rendered":"<p>                    Niedersachsen &amp; Bremen<br \/>\n                Versteckt im M\u00e4ppchen: E-Zigaretten in Schulen<\/p>\n<p>\t\t\t\t              23.05.2025, 06:03 Uhr<\/p>\n<p><strong>Heimlich dampfen in der Schule &#8211; zahlreiche Jugendliche greifen verbotenerweise zu E-Zigaretten. Die Kontrolle ist deutlich schwerer als bei herk\u00f6mmlichen Zigaretten.<\/strong><\/p>\n<p>Hannover\/Bremen (dpa\/lni) &#8211; E-Zigaretten stellen Schulen in Niedersachsen und Bremen vor Herausforderungen. &#8222;Die Schulen beobachten, dass Sch\u00fclerinnen und Sch\u00fcler zunehmend Vapes und E-Zigaretten konsumieren, w\u00e4hrend das Rauchen von z. B. Zigaretten in den Hintergrund tritt&#8220;, teilte eine Sprecherin der Regionalen Landes\u00e4mter f\u00fcr Schule und Bildung mit Blick auf Niedersachsen mit.\u00a0<\/p>\n<p>Auch an Bremer Schulen sind E-Zigaretten und Vapes stark verbreitet, wie eine Sprecherin des Bildungsressorts auf dpa-Nachfrage berichtete. \u00dcber den Vape-Trend an Bremer Schulen hatte zun\u00e4chst der &#8222;Weser-Kurier&#8220; berichtet. Rauchen ist an den Schulen in beiden Bundesl\u00e4ndern verboten &#8211; auch das Konsumieren von E-Zigaretten und Vapes ist auf einem Schulgel\u00e4nde nicht erlaubt.\u00a0<\/p>\n<p>Vapes k\u00f6nnen schnell versteckt werden<\/p>\n<p>Das Problem: Die Kontrolle ist bei E-Zigaretten und Vapes deutlich schwieriger als bei herk\u00f6mmlichen Zigaretten, weil sie schnell in Taschen verschwinden k\u00f6nnen und keine Abfallprodukte zu sehen sind. &#8222;Hinzu kommt, dass die gesundheitlichen Risiken noch vergleichsweise wenig erforscht sind und somit belehrende Worte der Lehrkr\u00e4fte h\u00e4ufig nicht ernst genommen werden \u2013 teilweise auch nicht seitens der Eltern&#8220;, berichtete die Beh\u00f6rdensprecherin f\u00fcr Niedersachsen. Betroffen seien alle weiterf\u00fchrenden Schulformen, Grundschulen nur sehr vereinzelt.\u00a0<\/p>\n<p>Der Leiter des Referates Gesundheit und Suchtpr\u00e4vention beim Landesinstitut f\u00fcr Schule in Bremen verwies darauf, dass in E-Zigaretten auch illegale Inhaltsstoffe mit berauschenden Wirkstoffen konsumiert werden. Dies f\u00fchre zu weiteren Herausforderungen und Gefahren, klinische Notf\u00e4lle seien m\u00f6glich. Minderj\u00e4hrige Sch\u00fclerinnen und Sch\u00fcler benutzen demnach oft heimlich Vapes, vollj\u00e4hrige verlassen daf\u00fcr das Schulgel\u00e4nde. Verst\u00f6\u00dfe gegen die Hausregeln seien schwer zu kontrollieren, so der Referatsleiter.<\/p>\n<p>E-Zigaretten in Form eines Textmarkers<\/p>\n<p>E-Zigaretten sind elektronische Ger\u00e4te, in denen eine Fl\u00fcssigkeit erhitzt und der Dampf inhaliert wird. Der Vorgang wird als dampfen oder vapen bezeichnet. E-Zigaretten werden auch Vaporizer \u2013 kurz Vapes \u2013 genannt. Der Begriff Vapes umfasst E-Zigaretten und andere Ger\u00e4tetypen, mit denen Dampf inhaliert werden kann. Die Fl\u00fcssigkeit kann nikotinhaltig oder nikotinfrei sein und ist oft aromatisiert. Manche Fl\u00fcssigkeiten f\u00fcr E-Zigaretten enthalten mehr Nikotin als herk\u00f6mmliche Zigaretten.\u00a0<\/p>\n<p>E-Zigaretten werden oft in buntem Design vermarktet, was sie besonders f\u00fcr Jugendliche ansprechend macht. Manche \u00e4hneln \u00e4u\u00dferlich farbigen Filzstiften oder Textmarkern &#8211; so k\u00f6nnen sie schnell in einem Federm\u00e4ppchen versteckt werden. E-Zigaretten sind in Deutschland ab 18 Jahren erlaubt. Der Verkauf an Minderj\u00e4hrige ist verboten.\u00a0<\/p>\n<p>Schulen informieren \u00fcber die Gefahren<\/p>\n<p>Schulen informieren Kinder und Jugendliche im Unterricht und bei Projekten \u00fcber die Gefahren des Rauchens. Nach Angaben der Regionalen Landes\u00e4mter f\u00fcr Schule und Bildung gibt es dazu auch Kampagnen mit der Polizei etwa zum Anti-Drogen-Tag. Auch eine Teilnahme am bundesweiten Wettbewerb &#8222;Be Smart &#8211; Don&#8217;t Start&#8220; geh\u00f6rt zu den Pr\u00e4ventionsma\u00dfnahmen in Bremen und Niedersachsen.\u00a0<\/p>\n<p>Der Wettbewerb richtet sich vor allem an die Klassenstufen 6 bis 8 und will Sch\u00fclerinnen und Sch\u00fcler best\u00e4rken, Nein zu Zigaretten, E-Zigaretten, Shishas, E-Shishas, Tabak und Nikotin in jeder Form zu sagen. Erfolgreiche Klassen, die sechs Monate lang rauchfrei geblieben sind, erhalten ein Zertifikat als Anerkennung f\u00fcr ihre Leistung. Zudem haben sie die Chance auf einen Gewinn &#8211; etwa Geld f\u00fcr die Klassenkasse.\u00a0<\/p>\n<p> Gesundheitsrisiko auch bei E-Zigaretten\u00a0<\/p>\n<p>Das Rauchen von Tabakzigaretten erh\u00f6ht das Risiko f\u00fcr zahlreiche schwere Erkrankungen wie Krebs. Es macht zudem schnell abh\u00e4ngig und verschlechtert die Fitness. Im Dampf von E-Zigaretten sind nach derzeitigem Kenntnisstand geringere Mengen Krebs erzeugender und anderer gesundheitssch\u00e4dlicher Stoffe, wie das Bundesinstitut f\u00fcr Risikobewertung schreibt. Aber: Auch der Dampf von E-Zigaretten enth\u00e4lt demnach gesundheitssch\u00e4dliche Inhaltsstoffe, die das Herzkreislaufsystem und die Lunge sch\u00e4digen k\u00f6nnen. Die langfristigen Folgen des Konsums von E-Zigaretten sind noch nicht bekannt.<\/p>\n","protected":false},"excerpt":{"rendered":"Niedersachsen &amp; Bremen Versteckt im M\u00e4ppchen: E-Zigaretten in Schulen 23.05.2025, 06:03 Uhr Heimlich dampfen in der Schule &#8211;&hellip;\n","protected":false},"author":2,"featured_media":132415,"comment_status":"","ping_status":"","sticky":false,"template":"","format":"standard","meta":{"footnotes":""},"categories":[1824],"tags":[4568,2420,3364,29,10915,30,49069,1411,22580],"class_list":{"0":"post-132414","1":"post","2":"type-post","3":"status-publish","4":"format-standard","5":"has-post-thumbnail","7":"category-bremen","8":"tag-schulen","9":"tag-bremen","10":"tag-de","11":"tag-deutschland","12":"tag-e-zigaretten","13":"tag-germany","14":"tag-maeppchen","15":"tag-niedersachsen","16":"tag-versteckt"},"share_on_mastodon":{"url":"https:\/\/pubeurope.com\/@de\/114555248180483368","error":""},"_links":{"self":[{"href":"https:\/\/www.europesays.com\/de\/wp-json\/wp\/v2\/posts\/132414","targetHints":{"allow":["GET"]}}],"collection":[{"href":"https:\/\/www.europesays.com\/de\/wp-json\/wp\/v2\/posts"}],"about":[{"href":"https:\/\/www.europesays.com\/de\/wp-json\/wp\/v2\/types\/post"}],"author":[{"embeddable":true,"href":"https:\/\/www.europesays.com\/de\/wp-json\/wp\/v2\/users\/2"}],"replies":[{"embeddable":true,"href":"https:\/\/www.europesays.com\/de\/wp-json\/wp\/v2\/comments?post=132414"}],"version-history":[{"count":0,"href":"https:\/\/www.europesays.com\/de\/wp-json\/wp\/v2\/posts\/132414\/revisions"}],"wp:featuredmedia":[{"embeddable":true,"href":"https:\/\/www.europesays.com\/de\/wp-json\/wp\/v2\/media\/132415"}],"wp:attachment":[{"href":"https:\/\/www.europesays.com\/de\/wp-json\/wp\/v2\/media?parent=132414"}],"wp:term":[{"taxonomy":"category","embeddable":true,"href":"https:\/\/www.europesays.com\/de\/wp-json\/wp\/v2\/categories?post=132414"},{"taxonomy":"post_tag","embeddable":true,"href":"https:\/\/www.europesays.com\/de\/wp-json\/wp\/v2\/tags?post=132414"}],"curies":[{"name":"wp","href":"https:\/\/api.w.org\/{rel}","templated":true}]}}