{"id":132442,"date":"2025-05-23T04:39:08","date_gmt":"2025-05-23T04:39:08","guid":{"rendered":"https:\/\/www.europesays.com\/de\/132442\/"},"modified":"2025-05-23T04:39:08","modified_gmt":"2025-05-23T04:39:08","slug":"koeln-in-beziehungsfragen-sarah-connor-hoert-schwulen-freunden-zu","status":"publish","type":"post","link":"https:\/\/www.europesays.com\/de\/132442\/","title":{"rendered":"K\u00f6ln | In Beziehungsfragen: Sarah Connor h\u00f6rt schwulen Freunden zu"},"content":{"rendered":"<p class=\"bodytext\">K\u00f6ln (dpa) &#8211; In Sachen Liebe und Partnerschaft schaut Pops\u00e4ngerin Sarah Connor (44, \u00abWilde N\u00e4chte\u00bb) gern mal \u00fcber den Tellerrand hinaus. \u00abIch finde, dass die queere Szene der hetero-monogamen Welt meilenweit voraus ist, was Gelassenheit und offenes Denken in Beziehungen angeht\u00bb, sagte Connor der Deutschen Presse-Agentur. \u00abIch h\u00f6re meinen schwulen Freunden aufmerksam zu, wenn sie \u00fcber ihre Vorstellungen von Beziehungen erz\u00e4hlen.\u00bb<\/p>\n<p>Die Musikerin ist seit 15 Jahren mit ihrem heutigen Manager Florian Fischer (50) zusammen, die beiden haben zwei gemeinsame Kinder. Auf ihrem neuen Album \u00abFreigeistin\u00bb stellt Connor Traditionen und lang gelernte Konzepte infrage. In \u00abSchlechte Idee\u00bb singt sie etwa \u00fcber offene Beziehungen und Polyamorie.<\/p>\n<p>Ein angstfreier Raum &#8211; und Sex<\/p>\n<p>Ihr Wunsch sei es, mit ihrem Partner einen Raum zu schaffen, \u00abin dem wir uns beide sicher f\u00fchlen und uns wirklich alles sagen k\u00f6nnen, ohne Angst zu haben, daf\u00fcr verlassen, verletzt oder abgelehnt zu werden\u00bb, sagte Connor weiter. \u00abF\u00fcr mich ist das das Rezept f\u00fcr eine lange erf\u00fcllte Beziehung, naja und guter Sex nat\u00fcrlich!\u00bb<\/p>\n","protected":false},"excerpt":{"rendered":"K\u00f6ln (dpa) &#8211; In Sachen Liebe und Partnerschaft schaut Pops\u00e4ngerin Sarah Connor (44, \u00abWilde N\u00e4chte\u00bb) gern mal \u00fcber&hellip;\n","protected":false},"author":2,"featured_media":132443,"comment_status":"","ping_status":"","sticky":false,"template":"","format":"standard","meta":{"footnotes":""},"categories":[1828],"tags":[29,30,1724,1420,2549,810,1209],"class_list":{"0":"post-132442","1":"post","2":"type-post","3":"status-publish","4":"format-standard","5":"has-post-thumbnail","7":"category-koeln","8":"tag-deutschland","9":"tag-germany","10":"tag-gesellschaft","11":"tag-koeln","12":"tag-leute","13":"tag-musik","14":"tag-nordrhein-westfalen"},"share_on_mastodon":{"url":"https:\/\/pubeurope.com\/@de\/114555307054865044","error":""},"_links":{"self":[{"href":"https:\/\/www.europesays.com\/de\/wp-json\/wp\/v2\/posts\/132442","targetHints":{"allow":["GET"]}}],"collection":[{"href":"https:\/\/www.europesays.com\/de\/wp-json\/wp\/v2\/posts"}],"about":[{"href":"https:\/\/www.europesays.com\/de\/wp-json\/wp\/v2\/types\/post"}],"author":[{"embeddable":true,"href":"https:\/\/www.europesays.com\/de\/wp-json\/wp\/v2\/users\/2"}],"replies":[{"embeddable":true,"href":"https:\/\/www.europesays.com\/de\/wp-json\/wp\/v2\/comments?post=132442"}],"version-history":[{"count":0,"href":"https:\/\/www.europesays.com\/de\/wp-json\/wp\/v2\/posts\/132442\/revisions"}],"wp:featuredmedia":[{"embeddable":true,"href":"https:\/\/www.europesays.com\/de\/wp-json\/wp\/v2\/media\/132443"}],"wp:attachment":[{"href":"https:\/\/www.europesays.com\/de\/wp-json\/wp\/v2\/media?parent=132442"}],"wp:term":[{"taxonomy":"category","embeddable":true,"href":"https:\/\/www.europesays.com\/de\/wp-json\/wp\/v2\/categories?post=132442"},{"taxonomy":"post_tag","embeddable":true,"href":"https:\/\/www.europesays.com\/de\/wp-json\/wp\/v2\/tags?post=132442"}],"curies":[{"name":"wp","href":"https:\/\/api.w.org\/{rel}","templated":true}]}}