{"id":132454,"date":"2025-05-23T04:45:18","date_gmt":"2025-05-23T04:45:18","guid":{"rendered":"https:\/\/www.europesays.com\/de\/132454\/"},"modified":"2025-05-23T04:45:18","modified_gmt":"2025-05-23T04:45:18","slug":"gaeste-einer-kneipe-rassistisch-beleidigt-und-verfassungsfeindliche-parolen-gerufen","status":"publish","type":"post","link":"https:\/\/www.europesays.com\/de\/132454\/","title":{"rendered":"G\u00e4ste einer Kneipe rassistisch beleidigt und verfassungsfeindliche Parolen gerufen"},"content":{"rendered":"<p>\n    <strong>Nr. 1228<\/strong><br \/>Einsatzkr\u00e4fte des Polizeiabschnitts 24 nahmen heute fr\u00fch in Wilmersdorf einen Mann fest. Den bisherigen Erkenntnissen und Zeugenangaben zufolge hielt sich der Mann gegen 4:30 Uhr in einer Kneipe in der Paulsborner Stra\u00dfe auf und soll dort mehrfach G\u00e4ste rassistisch beleidigt sowie verfassungsfeindliche Parolen gerufen haben. Eine Mitarbeiterin der Kneipe habe daraufhin den alkoholisierten 49 Jahre alten Mann nach drau\u00dfen verwiesen. Alarmierte Einsatzkr\u00e4fte nahmen ihn vor dem Lokal fest. Auch in Anwesenheit der Polizisten wiederholte der Tatverd\u00e4chtige die rassistischen Beleidigungen und den Ausruf \u201eHeil Hitler\u201c. Nach der Feststellung seiner Identit\u00e4t setzte er seinen Weg fort. Die Ermittlungen hat der Polizeiliche Staatsschutz des Landeskriminalamts Berlin \u00fcbernommen.\n  <\/p>\n","protected":false},"excerpt":{"rendered":"Nr. 1228Einsatzkr\u00e4fte des Polizeiabschnitts 24 nahmen heute fr\u00fch in Wilmersdorf einen Mann fest. Den bisherigen Erkenntnissen und Zeugenangaben&hellip;\n","protected":false},"author":2,"featured_media":2288,"comment_status":"","ping_status":"","sticky":false,"template":"","format":"standard","meta":{"footnotes":""},"categories":[1825],"tags":[1941,1939,296,1937,29,30,49081,48918,1940,1938,2331],"class_list":{"0":"post-132454","1":"post","2":"type-post","3":"status-publish","4":"format-standard","5":"has-post-thumbnail","7":"category-berlin","8":"tag-aktuelle-nachrichten-aus-berlin","9":"tag-aktuelle-news-aus-berlin","10":"tag-berlin","11":"tag-berlin-news","12":"tag-deutschland","13":"tag-germany","14":"tag-ii1562685","15":"tag-meldung-polizei-berlin-vom-22-05-2025","16":"tag-nachrichten-aus-berlin","17":"tag-news-aus-berlin","18":"tag-polizeimeldung"},"share_on_mastodon":{"url":"https:\/\/pubeurope.com\/@de\/114555330546690502","error":""},"_links":{"self":[{"href":"https:\/\/www.europesays.com\/de\/wp-json\/wp\/v2\/posts\/132454","targetHints":{"allow":["GET"]}}],"collection":[{"href":"https:\/\/www.europesays.com\/de\/wp-json\/wp\/v2\/posts"}],"about":[{"href":"https:\/\/www.europesays.com\/de\/wp-json\/wp\/v2\/types\/post"}],"author":[{"embeddable":true,"href":"https:\/\/www.europesays.com\/de\/wp-json\/wp\/v2\/users\/2"}],"replies":[{"embeddable":true,"href":"https:\/\/www.europesays.com\/de\/wp-json\/wp\/v2\/comments?post=132454"}],"version-history":[{"count":0,"href":"https:\/\/www.europesays.com\/de\/wp-json\/wp\/v2\/posts\/132454\/revisions"}],"wp:featuredmedia":[{"embeddable":true,"href":"https:\/\/www.europesays.com\/de\/wp-json\/wp\/v2\/media\/2288"}],"wp:attachment":[{"href":"https:\/\/www.europesays.com\/de\/wp-json\/wp\/v2\/media?parent=132454"}],"wp:term":[{"taxonomy":"category","embeddable":true,"href":"https:\/\/www.europesays.com\/de\/wp-json\/wp\/v2\/categories?post=132454"},{"taxonomy":"post_tag","embeddable":true,"href":"https:\/\/www.europesays.com\/de\/wp-json\/wp\/v2\/tags?post=132454"}],"curies":[{"name":"wp","href":"https:\/\/api.w.org\/{rel}","templated":true}]}}