{"id":132466,"date":"2025-05-23T04:53:09","date_gmt":"2025-05-23T04:53:09","guid":{"rendered":"https:\/\/www.europesays.com\/de\/132466\/"},"modified":"2025-05-23T04:53:09","modified_gmt":"2025-05-23T04:53:09","slug":"der-sport-tag-bei-ntv-de-am-freitag-den-23-mai-2025","status":"publish","type":"post","link":"https:\/\/www.europesays.com\/de\/132466\/","title":{"rendered":"Der Sport-Tag bei ntv.de am Freitag, den 23. Mai 2025"},"content":{"rendered":"<p><b>Formel-1-Rekordweltmeister Lewis Hamilton sieht in der Filmindustrie eine Zukunft als Produzent f\u00fcr sich<\/b>. In dieser Funktion gestaltete der Ferrari-Star bereits den Ende n\u00e4chsten Monats in die Kinos kommenden neuen Streifen &#8222;F1: The Movie&#8220; mit Hauptdarsteller Brad Pitt mit. Weitere Projekte sind parallel zur Rennfahrerkarriere in Planung.<\/p>\n<p>Er habe bereits drei Konzepte f\u00fcr neue Filme erarbeitet, sagte der 40-J\u00e4hrige vor dem Gro\u00dfen Preis von Monaco am Sonntag (15 Uhr\/Sky und im Liveticker auf ntv.de): &#8222;Mindestens zwei davon werden Animationsfilme sein, und einer davon befindet sich schon in der Phase des ersten Teils des Drehbuchs, es ist also spannend.&#8220;<\/p>\n<p>Dawn Apollo Films hei\u00dft Hamiltons eigene Produktionsfirma, deren Logo auch im Vorlauf des neuen Formel-1-Films mit einer Animation gezeigt wird. &#8222;<b>Es war gro\u00dfartig, das zu sehen&#8220;, sagte der siebenmalige Weltmeister: &#8222;Dann wird auch ziemlich fr\u00fch im Film gezeigt, wer den Film produziert hat, und da steht mein Name. <\/b>Ich dachte nur: Oh mein Gott, das ist verr\u00fcckt!&#8220; Hamilton denkt daran, k\u00fcnftig auch Dokumentarfilme zu produzieren.<\/p>\n","protected":false},"excerpt":{"rendered":"Formel-1-Rekordweltmeister Lewis Hamilton sieht in der Filmindustrie eine Zukunft als Produzent f\u00fcr sich. In dieser Funktion gestaltete der&hellip;\n","protected":false},"author":2,"featured_media":132467,"comment_status":"","ping_status":"","sticky":false,"template":"","format":"standard","meta":{"footnotes":""},"categories":[1773],"tags":[282,29,214,49083,30,13150,36119,49082,471,1780,283,215],"class_list":{"0":"post-132466","1":"post","2":"type-post","3":"status-publish","4":"format-standard","5":"has-post-thumbnail","7":"category-serien","8":"tag-der","9":"tag-deutschland","10":"tag-entertainment","11":"tag-formel-superstar","12":"tag-germany","13":"tag-gott","14":"tag-moment","15":"tag-oh","16":"tag-serien","17":"tag-series","18":"tag-sport-tag","19":"tag-unterhaltung"},"share_on_mastodon":{"url":"https:\/\/pubeurope.com\/@de\/114555361908681720","error":""},"_links":{"self":[{"href":"https:\/\/www.europesays.com\/de\/wp-json\/wp\/v2\/posts\/132466","targetHints":{"allow":["GET"]}}],"collection":[{"href":"https:\/\/www.europesays.com\/de\/wp-json\/wp\/v2\/posts"}],"about":[{"href":"https:\/\/www.europesays.com\/de\/wp-json\/wp\/v2\/types\/post"}],"author":[{"embeddable":true,"href":"https:\/\/www.europesays.com\/de\/wp-json\/wp\/v2\/users\/2"}],"replies":[{"embeddable":true,"href":"https:\/\/www.europesays.com\/de\/wp-json\/wp\/v2\/comments?post=132466"}],"version-history":[{"count":0,"href":"https:\/\/www.europesays.com\/de\/wp-json\/wp\/v2\/posts\/132466\/revisions"}],"wp:featuredmedia":[{"embeddable":true,"href":"https:\/\/www.europesays.com\/de\/wp-json\/wp\/v2\/media\/132467"}],"wp:attachment":[{"href":"https:\/\/www.europesays.com\/de\/wp-json\/wp\/v2\/media?parent=132466"}],"wp:term":[{"taxonomy":"category","embeddable":true,"href":"https:\/\/www.europesays.com\/de\/wp-json\/wp\/v2\/categories?post=132466"},{"taxonomy":"post_tag","embeddable":true,"href":"https:\/\/www.europesays.com\/de\/wp-json\/wp\/v2\/tags?post=132466"}],"curies":[{"name":"wp","href":"https:\/\/api.w.org\/{rel}","templated":true}]}}