{"id":132626,"date":"2025-05-23T06:24:09","date_gmt":"2025-05-23T06:24:09","guid":{"rendered":"https:\/\/www.europesays.com\/de\/132626\/"},"modified":"2025-05-23T06:24:09","modified_gmt":"2025-05-23T06:24:09","slug":"um-abgeschoben-zu-werden-maedchen-10-unter-traenen-aus-unterricht-geholt-politik","status":"publish","type":"post","link":"https:\/\/www.europesays.com\/de\/132626\/","title":{"rendered":"Um abgeschoben zu werden: M\u00e4dchen (10) unter Tr\u00e4nen aus Unterricht geholt | Politik"},"content":{"rendered":"<p><b>Eine versuchte Abschiebung in Sachsen-Anhalt sorgt deutschlandweit f\u00fcr Emp\u00f6rung. Ein syrisches 10-j\u00e4hriges M\u00e4dchen soll vergangene Woche von Polizei und Ausl\u00e4nderbeh\u00f6rde aus dem Sportunterricht ihrer Grundschule geholt worden sein \u2013 um gemeinsam mit ihrer Familie abgeschoben zu werden. Das M\u00e4dchen soll sich weinend an die Lehrerin der Klasse geklammert haben. <\/b><\/p>\n<p>Wie das \u201eNaumburger Tageblatt\u201c berichtet, sollen die Polizeibeamten und Mitarbeiter der Ausl\u00e4nderbeh\u00f6rde um kurz nach acht Uhr im Unterricht der Naumburger Grundschule erschienen sein. Mitsch\u00fcler und Lehrer h\u00e4tten best\u00fcrzt reagiert, als das weinende M\u00e4dchen unter lautem Protest aus der Schule mitgenommen wurde.<\/p>\n<p>Kreisverwaltung \u00fcberpr\u00fcft den Einsatz<\/p>\n<p>Durch das Landesschulamt wurde inzwischen \u201eschulpsychologische Unterst\u00fctzung angeboten\u201c. Ein Sprecher des Amtes erkl\u00e4rt gegen\u00fcber BILD, dass solche Eins\u00e4tze selten sind: \u201eDas ist keine allt\u00e4gliche Situation.\u201c In dem Landkreis habe es in den letzten zehn Jahren zwei Eins\u00e4tze solcher Art gegeben.<\/p>\n<p><b>Kinder w\u00fcrden nur aus der Schule abgeholt, \u201ewenn die Beh\u00f6rde sonst keinen Zugriff bekommt\u201c, so die Erkl\u00e4rung. Dabei ist die Ansage an die Beamten: Sie sollen dabei vorgehen und alles tun, damit andere Sch\u00fcler m\u00f6glichst wenig mitbekommen und nicht traumatisiert werden.<\/b><\/p>\n<p>Die Kreisverwaltung \u00fcberpr\u00fcft jetzt den Einsatz an der Grundschule. Landrat G\u00f6tz Ulrich (55, CDU) k\u00fcndigte an, sich den gesamten Fall in der kommenden Woche vorlegen und aufbereiten zu lassen. Auch Sachsen-Anhalts Innenministerin Tamara Zieschang (54, CDU) hat vom Landesverwaltungsamt einen Bericht angefordert.<\/p>\n<p>Lesen Sie auchGr\u00fcnen-Politikerin fordert Stopp von Abschiebungen aus Schulen und Kinderg\u00e4rten<\/p>\n<p><b>Kritik \u00e4u\u00dfert die Opposition im Landtag. \u201eKinder aus Schulturnhallen abf\u00fchren zu lassen, ist unmenschlich\u201c, emp\u00f6rt sich Susan Sziborra-Seidlitz (47, Gr\u00fcne). Sie fordert ein sofortiges Ende von Abschiebungen aus Schulen und Kinderg\u00e4rten.<\/b><\/p>\n<p>Auch Hendrik Lange (48, Linke) verlangt von Innenministerin Zieschang \u201eper Weisung an die Ausl\u00e4nderbeh\u00f6rden derartige Abschiebungen f\u00fcr die Zukunft zu unterbinden\u201c.<\/p>\n<p><img decoding=\"async\" width=\"992\" height=\"558\" alt=\"F\u00fcr Chris Schulenburg (44, CDU) h\u00e4tten die Eltern des M\u00e4dchen das alles verhindern k\u00f6nnen \u2013 wenn sie der Aufforderung zur Ausreise freiwillig nachgekommen w\u00e4ren\" src=\"https:\/\/www.europesays.com\/de\/wp-content\/uploads\/2025\/05\/18d8b30d5eecc548486bfc628a022e1a,8e14cf52\"   class=\"landscape\" loading=\"lazy\"\/><\/p>\n<p class=\"fig__caption__text\">F\u00fcr Chris Schulenburg (44, CDU) h\u00e4tten die Eltern des M\u00e4dchen das alles verhindern k\u00f6nnen \u2013 wenn sie der Aufforderung zur Ausreise freiwillig nachgekommen w\u00e4ren<\/p>\n<p>Foto: imago\/foto2press<\/p>\n<p><b>\u201eWenn der Rechtsweg ausgesch\u00f6pft wurde und eine Familie nicht freiwillig ausreist, dann muss der Rechtsstaat vollziehen, zur Not auch mit Zwang\u201c, erkl\u00e4rt hingegen Chris Schulenburg (44), innenpolitischer Sprecher der CDU-Fraktion im Landtag.<\/b><\/p>\n<p>\u201eDie B\u00fcrger erwarten, dass der Staat funktioniert.\u201c Schulenburg sieht die Schuld in erster Linie bei den Eltern der Zehnj\u00e4hrigen. \u201eSie h\u00e4tten die Bilder verhindern k\u00f6nnen, wenn sie freiwillig ausgereist w\u00e4ren.\u201c<\/p>\n<p><b>Korrektur: <\/b><\/p>\n<p>In der ersten Version des Textes hatten wir f\u00e4lschlicherweise berichtet, dass die Familie nach Syrien abgeschoben werden sollte. Richtig ist, dass die Familie aus Syrien stammt. Wohin genau sie abgeschoben werden sollte, ist bisher nicht bekannt und wurde von den Beh\u00f6rden bislang nicht mitgeteilt.<\/p>\n","protected":false},"excerpt":{"rendered":"Eine versuchte Abschiebung in Sachsen-Anhalt sorgt deutschlandweit f\u00fcr Emp\u00f6rung. Ein syrisches 10-j\u00e4hriges M\u00e4dchen soll vergangene Woche von Polizei&hellip;\n","protected":false},"author":2,"featured_media":132627,"comment_status":"","ping_status":"","sticky":false,"template":"","format":"standard","meta":{"footnotes":""},"categories":[2],"tags":[414,533,29,5249,7883,30,13,14,15,860,12,966,45,10,8,9,11],"class_list":{"0":"post-132626","1":"post","2":"type-post","3":"status-publish","4":"format-standard","5":"has-post-thumbnail","7":"category-deutschland","8":"tag-abschiebung","9":"tag-asyl","10":"tag-deutschland","11":"tag-fluechtlinge","12":"tag-fluechtlingskrise","13":"tag-germany","14":"tag-headlines","15":"tag-nachrichten","16":"tag-news","17":"tag-sachsen-anhalt","18":"tag-schlagzeilen","19":"tag-schule","20":"tag-texttospeech","21":"tag-top-news","22":"tag-top-meldungen","23":"tag-topmeldungen","24":"tag-topnews"},"share_on_mastodon":{"url":"https:\/\/pubeurope.com\/@de\/114555719813398932","error":""},"_links":{"self":[{"href":"https:\/\/www.europesays.com\/de\/wp-json\/wp\/v2\/posts\/132626","targetHints":{"allow":["GET"]}}],"collection":[{"href":"https:\/\/www.europesays.com\/de\/wp-json\/wp\/v2\/posts"}],"about":[{"href":"https:\/\/www.europesays.com\/de\/wp-json\/wp\/v2\/types\/post"}],"author":[{"embeddable":true,"href":"https:\/\/www.europesays.com\/de\/wp-json\/wp\/v2\/users\/2"}],"replies":[{"embeddable":true,"href":"https:\/\/www.europesays.com\/de\/wp-json\/wp\/v2\/comments?post=132626"}],"version-history":[{"count":0,"href":"https:\/\/www.europesays.com\/de\/wp-json\/wp\/v2\/posts\/132626\/revisions"}],"wp:featuredmedia":[{"embeddable":true,"href":"https:\/\/www.europesays.com\/de\/wp-json\/wp\/v2\/media\/132627"}],"wp:attachment":[{"href":"https:\/\/www.europesays.com\/de\/wp-json\/wp\/v2\/media?parent=132626"}],"wp:term":[{"taxonomy":"category","embeddable":true,"href":"https:\/\/www.europesays.com\/de\/wp-json\/wp\/v2\/categories?post=132626"},{"taxonomy":"post_tag","embeddable":true,"href":"https:\/\/www.europesays.com\/de\/wp-json\/wp\/v2\/tags?post=132626"}],"curies":[{"name":"wp","href":"https:\/\/api.w.org\/{rel}","templated":true}]}}