{"id":132721,"date":"2025-05-23T07:17:09","date_gmt":"2025-05-23T07:17:09","guid":{"rendered":"https:\/\/www.europesays.com\/de\/132721\/"},"modified":"2025-05-23T07:17:09","modified_gmt":"2025-05-23T07:17:09","slug":"vfb-stuttgart-vor-20-jahren-sammerlappen-was-wurde-aus-stuttgarts-wilden-sport","status":"publish","type":"post","link":"https:\/\/www.europesays.com\/de\/132721\/","title":{"rendered":"VfB Stuttgart vor 20 Jahren: Sammerlappen! Was wurde aus Stuttgarts Wilden? | Sport"},"content":{"rendered":"<p><b>\u201eVfB Stuttgart vor 20 Jahren\u201c ist eine Serie, in der BILD historische Artikel wieder zum Leben erweckt. Lesen Sie heute, was den VfB im Jahr 2005 bewegte.<\/b><\/p>\n<p>Der Artikel \u201eSammerlappen! Was ist aus Stuttgarts jungen Wilden geworden?\u201c ist am 23. Mai 2005 bei BILD erschienen<\/p>\n<p><b>Der dramatische Absturz des <\/b><a href=\"https:\/\/www.bild.de\/sport\/fussball\/vfb-stuttgart\/startseite-stuttgart-31074430.bild.html\" class=\"text-link\" rel=\"nofollow noopener\" target=\"_blank\"><b>VfB Stuttgart<\/b><\/a><b>. Nach dem 1:3 gegen Bayern rutschte das Sammer-Team auf Platz 5 &#8211; Champions League futsch! <\/b><\/p>\n<p>Die Fans pfiffen, weinten, andere riefen \u201eSammer raus\u201c! <\/p>\n<p>VfB-Bo\u00df Erwin Staudt: \u201eWir haben die Champions League fahrl\u00e4ssig vergeben. Jetzt m\u00fcssen wir uns mit dem UEFA-Cup tr\u00f6sten. Apfelsaft statt Champagner.\u201c <\/p>\n<p>Auch interessant<\/p>\n<p>Anzeige<\/p>\n<p>Auch interessant<\/p>\n<p>Anzeige<\/p>\n<p>Trainer Matthias Sammer (37): \u201eDas ist so, als ob man sich vor einen Zug stellt, und der Zug f\u00e4hrt dir direkt an die R\u00fcbe.\u201c Seit dem 25. Spieltag stand der VfB nonstop auf Rang 3. Kapit\u00e4n Soldo jammert: \u201eIn den letzten 6 Spielen haben wir alles kaputt gemacht.\u201c <\/p>\n<p>Der VfB holte nur 4 von 18 m\u00f6glichen Punkten. Statt zu jubeln, wird nur noch gejammert. Ob&#8217;s an Trainer Sammer liegt? Der ist ja ber\u00fchmt-ber\u00fcchtigt f\u00fcr seine Motzki-Anf\u00e4lle. Die Profis pr\u00e4sentieren sich jedenfalls immer \u00f6fter wie ihr Chef: m\u00fcrrisch, knurrig, wortkarg.<\/p>\n<p><b>Die Sammerlappen! Was ist nur aus den jungen Wilden geworden? Aus Kuranyi, Hinkel, Hildebrand? Unter Ex-Trainer Felix Magath zeigten sie herzerfrischenden Fu\u00dfball. Jetzt spielen sie ohne Mumm. <\/b><\/p>\n<p>Alles begann kurz nach der Winterpause, nach dem uns\u00e4glichen Vertragspoker von Timo Hildebrand. Sammer erweiterte den Mannschaftsrat auf 7 (!) Spieler, u. a. neu dabei Kuranyi und Hleb. <\/p>\n<p>Sammer: \u201eIch wollte etwas K\u00fcnstliches schaffen, um umworbene Spieler st\u00e4rker einzubinden.\u201c Ein Fehler. Das Klima war vergiftet. Sammer versuchte es mit einem Zick-zack-Systemkurs. Mal 2 Spitzen, mal eine &#8211; und das zu Hause! Half alles nichts. In Bochum (0:2) blockierten die frustrierten Fans den Mannschaftsbus. Das n\u00e4chste Training fand unter Polizeischutz statt. Und die Profis? Sie beschimpften die Fans, wie z.B. Hildebrand: \u201eDie Pfiffe kotzen mich an.\u201c <\/p>\n<p>Diese Sammerlappen haben die Champions League wahrlich nicht verdient.<\/p>\n","protected":false},"excerpt":{"rendered":"\u201eVfB Stuttgart vor 20 Jahren\u201c ist eine Serie, in der BILD historische Artikel wieder zum Leben erweckt. Lesen&hellip;\n","protected":false},"author":2,"featured_media":75088,"comment_status":"","ping_status":"","sticky":false,"template":"","format":"standard","meta":{"footnotes":""},"categories":[1830],"tags":[1634,3364,29,30,3890,3891,1441,45,2915],"class_list":{"0":"post-132721","1":"post","2":"type-post","3":"status-publish","4":"format-standard","5":"has-post-thumbnail","7":"category-stuttgart","8":"tag-baden-wuerttemberg","9":"tag-de","10":"tag-deutschland","11":"tag-germany","12":"tag-graubrot","13":"tag-retro-geschichten","14":"tag-stuttgart","15":"tag-texttospeech","16":"tag-vfb-stuttgart"},"share_on_mastodon":{"url":"https:\/\/pubeurope.com\/@de\/114555928188905055","error":""},"_links":{"self":[{"href":"https:\/\/www.europesays.com\/de\/wp-json\/wp\/v2\/posts\/132721","targetHints":{"allow":["GET"]}}],"collection":[{"href":"https:\/\/www.europesays.com\/de\/wp-json\/wp\/v2\/posts"}],"about":[{"href":"https:\/\/www.europesays.com\/de\/wp-json\/wp\/v2\/types\/post"}],"author":[{"embeddable":true,"href":"https:\/\/www.europesays.com\/de\/wp-json\/wp\/v2\/users\/2"}],"replies":[{"embeddable":true,"href":"https:\/\/www.europesays.com\/de\/wp-json\/wp\/v2\/comments?post=132721"}],"version-history":[{"count":0,"href":"https:\/\/www.europesays.com\/de\/wp-json\/wp\/v2\/posts\/132721\/revisions"}],"wp:featuredmedia":[{"embeddable":true,"href":"https:\/\/www.europesays.com\/de\/wp-json\/wp\/v2\/media\/75088"}],"wp:attachment":[{"href":"https:\/\/www.europesays.com\/de\/wp-json\/wp\/v2\/media?parent=132721"}],"wp:term":[{"taxonomy":"category","embeddable":true,"href":"https:\/\/www.europesays.com\/de\/wp-json\/wp\/v2\/categories?post=132721"},{"taxonomy":"post_tag","embeddable":true,"href":"https:\/\/www.europesays.com\/de\/wp-json\/wp\/v2\/tags?post=132721"}],"curies":[{"name":"wp","href":"https:\/\/api.w.org\/{rel}","templated":true}]}}