{"id":132731,"date":"2025-05-23T07:23:08","date_gmt":"2025-05-23T07:23:08","guid":{"rendered":"https:\/\/www.europesays.com\/de\/132731\/"},"modified":"2025-05-23T07:23:08","modified_gmt":"2025-05-23T07:23:08","slug":"muenchen-betruegerisches-callcenter-in-posen-zerschlagen-regional","status":"publish","type":"post","link":"https:\/\/www.europesays.com\/de\/132731\/","title":{"rendered":"M\u00fcnchen: Betr\u00fcgerisches Callcenter in Posen zerschlagen | Regional"},"content":{"rendered":"<p>M\u00fcnchen \u2013 <b>Die polnische Polizei hat in Posen ein kriminelles Callcenter ausgehoben, das betr\u00fcgerische Anrufe nach Deutschland t\u00e4tigte.<\/b><\/p>\n<p>Dank des internationalen Informationsaustauschs erlangte die Kriminalpolizei Poznan wichtige Einblicke in die Machenschaften der T\u00e4ter. Von diesem Callcenter aus wurden sogenannte \\&#8220;Schockanrufe\\&#8220; get\u00e4tigt, bei denen die Anrufer vorgaben, ein naher Angeh\u00f6riger habe einen t\u00f6dlichen Unfall verursacht und k\u00f6nne nur gegen eine hohe Kaution einer Haft entgehen.<\/p>\n<p>Auch interessant<\/p>\n<p>Anzeige<\/p>\n<p>Auch interessant<\/p>\n<p>Anzeige<\/p>\n<p>Betroffen waren vor allem Senioren in mehreren deutschen Bundesl\u00e4ndern, darunter Bayern, Baden-W\u00fcrttemberg und Hessen. Die T\u00e4ter forderten von den Opfern mittlere f\u00fcnfstellige Euro-Betr\u00e4ge.<\/p>\n<p>Am 15.05.2025 um 18.00 Uhr schlugen polnische Einsatzkr\u00e4fte in Posen zu und nahmen zwei M\u00e4nner und vier Frauen fest. Zahlreiche Beweismittel wie Mobiltelefone und Laptops wurden sichergestellt. Die Verd\u00e4chtigen wurden dem Ermittlungsrichter vorgef\u00fchrt und befinden sich nun in Untersuchungshaft.<\/p>\n<p>Dieser Text basiert auf einer offiziellen Beh\u00f6rden-Information und wurde mit Hilfe von KI erstellt.<\/p>\n","protected":false},"excerpt":{"rendered":"M\u00fcnchen \u2013 Die polnische Polizei hat in Posen ein kriminelles Callcenter ausgehoben, das betr\u00fcgerische Anrufe nach Deutschland t\u00e4tigte.&hellip;\n","protected":false},"author":2,"featured_media":78008,"comment_status":"","ping_status":"","sticky":false,"template":"","format":"standard","meta":{"footnotes":""},"categories":[1827],"tags":[772,1483,29,30,2509,1268,121,45,1995],"class_list":{"0":"post-132731","1":"post","2":"type-post","3":"status-publish","4":"format-standard","5":"has-post-thumbnail","7":"category-muenchen","8":"tag-bayern","9":"tag-betrug","10":"tag-deutschland","11":"tag-germany","12":"tag-ki-ots","13":"tag-muenchen","14":"tag-polizei","15":"tag-texttospeech","16":"tag-verbrechen"},"share_on_mastodon":{"url":"https:\/\/pubeurope.com\/@de\/114555952128370131","error":""},"_links":{"self":[{"href":"https:\/\/www.europesays.com\/de\/wp-json\/wp\/v2\/posts\/132731","targetHints":{"allow":["GET"]}}],"collection":[{"href":"https:\/\/www.europesays.com\/de\/wp-json\/wp\/v2\/posts"}],"about":[{"href":"https:\/\/www.europesays.com\/de\/wp-json\/wp\/v2\/types\/post"}],"author":[{"embeddable":true,"href":"https:\/\/www.europesays.com\/de\/wp-json\/wp\/v2\/users\/2"}],"replies":[{"embeddable":true,"href":"https:\/\/www.europesays.com\/de\/wp-json\/wp\/v2\/comments?post=132731"}],"version-history":[{"count":0,"href":"https:\/\/www.europesays.com\/de\/wp-json\/wp\/v2\/posts\/132731\/revisions"}],"wp:featuredmedia":[{"embeddable":true,"href":"https:\/\/www.europesays.com\/de\/wp-json\/wp\/v2\/media\/78008"}],"wp:attachment":[{"href":"https:\/\/www.europesays.com\/de\/wp-json\/wp\/v2\/media?parent=132731"}],"wp:term":[{"taxonomy":"category","embeddable":true,"href":"https:\/\/www.europesays.com\/de\/wp-json\/wp\/v2\/categories?post=132731"},{"taxonomy":"post_tag","embeddable":true,"href":"https:\/\/www.europesays.com\/de\/wp-json\/wp\/v2\/tags?post=132731"}],"curies":[{"name":"wp","href":"https:\/\/api.w.org\/{rel}","templated":true}]}}