{"id":132752,"date":"2025-05-23T07:35:09","date_gmt":"2025-05-23T07:35:09","guid":{"rendered":"https:\/\/www.europesays.com\/de\/132752\/"},"modified":"2025-05-23T07:35:09","modified_gmt":"2025-05-23T07:35:09","slug":"awz-comeback-julia-augustin-spricht-ueber-vanessas-rueckkehr-nach-essen","status":"publish","type":"post","link":"https:\/\/www.europesays.com\/de\/132752\/","title":{"rendered":"AWZ-Comeback! Julia Augustin spricht \u00fcber Vanessas R\u00fcckkehr nach Essen"},"content":{"rendered":"<p>Vanessa ist zur\u00fcck in Essen Serien-Comeback! Julia Augustin gibt Ausblick ihrer AWZ-Rolle <\/p>\n<p>02:46 min<\/p>\n<p>Nach Comeback bei AWZ<\/p>\n<p>Wie geht es f\u00fcr deine Rolle weiter, Julia Augustin?<\/p>\n<p>23. Mai 2025 um 09:09 Uhr<\/p>\n<p class=\"Typography_text-default__wldUd Typography_align-left__koBUM AnnotatedMarkup_paragraph__IUT9l\"><strong>Endlich zur\u00fcck in Essen!<\/strong><br \/>Nachdem Serienliebling Vanessa 2021 der Serie den R\u00fccken gekehrt hat, ist sie jetzt endlich wieder da. Etwas, das auch Schauspielerin Julia Augustin mehr als freut. Uns verr\u00e4t sie jetzt im Interview, was ihre Reaktion auf das Drehangebot war und wie sie von ihren Kollegen am Set empfangen wurde. Au\u00dferdem blicken wir mit der Schauspielerin in die Zukunft. Worauf k\u00f6nnen sich die Fans bei AWZ freuen? Das alles gibt es im Video zu sehen.<\/p>\n<p>F\u00fcr Julia Augustin ist AWZ wie Familie <\/p>\n<p class=\"Typography_text-default__wldUd Typography_align-left__koBUM AnnotatedMarkup_paragraph__IUT9l\"><a href=\"https:\/\/www.rtl.de\/image\/AWZ-Schauspielerin-Julia-Augustin-im-Abschiedsinterview-id295460.html\" target=\"_self\" rel=\"noopener\">Nach ihrem Ausstieg 2021 kehrt Julia Augustin aka Dr. Vanessa Steinkamp<\/a> f\u00fcr einen Gastauftritt in die Serie zur\u00fcck. Als die Schauspielerin die Anfrage daf\u00fcr bekommen hat, musste sie allerdings erst einmal \u00fcberlegen. <strong>\u201eEs waren so gemischte Gef\u00fchle, weil man sich ja doch im Kopf irgendwie verabschiedet hatte. Und dann kamen nat\u00fcrlich alle m\u00f6glichen Gef\u00fchle hoch. Und dann ist mir aufgefallen, dass ich das hier irgendwie auch wahnsinnig vermisst habe. I<\/strong>ch habe es wahnsinnig vermisst, im Team zu arbeiten. Ich habe echt viele Menschen hier vermisst. Das merkt man dann erst, wenn man wieder durch die T\u00fcr kommt, wie toll das eigentlich ist, in so einer Familie zu arbeiten.\u201d<\/p>\n<p><img alt=\"Vanessa ist endlich wieder zur\u00fcck in Essen und wird hier auch dringend gebraucht. \" loading=\"lazy\" width=\"940\" height=\"529\" decoding=\"auto\" data-nimg=\"1\" class=\"Image_image__SdgLQ Picture_image__vGN9W\" style=\"color:transparent\"   src=\"https:\/\/www.europesays.com\/de\/wp-content\/uploads\/2025\/05\/vanessa-ist-endlich-wieder-zuruck-in-essen-und-wird-hier-auch-dringend-gebraucht.webp.webp\"\/><\/p>\n<p>Vanessa ist endlich wieder zur\u00fcck in Essen und wird hier auch dringend gebraucht. <\/p>\n<p>RTL\/Julia Feldhagen AWZ-Schauspielerin \u00fcber Abschied 2021: \u201eIch musste erstmal wieder ein bisschen klarkommen!\u201d<\/p>\n<p class=\"Typography_text-default__wldUd Typography_align-left__koBUM AnnotatedMarkup_paragraph__IUT9l\">Nach ihrem AWZ-Abschied 2021 musste die Schauspielerin sich erst einmal neu sortieren und Krafttanken, wie sie uns im Interview schildert: \u201eIch habe erstmal mein Leben gechillt, musste erstmal wieder ein bisschen klarkommen, zu mir finden. Herausfinden, wer ich wirklich bin. Und wir haben ein Haus gekauft. Ich habe mit meinen Hunden und meiner Katze und meinem Verlobten im Garten rumget\u00fcdelt und renoviert.\u201d<\/p>\n<p class=\"Typography_text-default__wldUd Typography_align-left__koBUM AnnotatedMarkup_paragraph__IUT9l\">Jetzt ist Julia wieder mit voller Energie zur\u00fcck bei ihrer AWZ-Familie und da wird es so schnell nicht langweilig. Sie verr\u00e4t uns, worauf sich die Fans mit ihr freuen k\u00f6nnen: \u201eJa, darauf, dass einer mal vorbeikommt und nach dem Rechten sieht. An der einen oder anderen Stelle vielleicht mal interveniert und K\u00f6pfe gerade r\u00fcckt. Aber es wird auch neue Freundschaften und Feindschaften geben, auf die ich mich schon sehr freue, von denen ich nat\u00fcrlich nichts verraten darf. Aber ich glaube, man kann gespannt sein.\u201d<\/p>\n<p class=\"Typography_text-default__wldUd Typography_align-left__koBUM AnnotatedMarkup_paragraph__IUT9l\">Und wie wir das sind. Julia Augustin gibt es ab sofort wieder als Vanessa Steinkamp bei AWZ zu sehen. Immer montags bis freitags um 19.05 Uhr.<\/p>\n<p>Anzeige:<\/p>\n<p>Empfehlungen unserer Partner<\/p>\n<p>Noch mehr AWZ-Highlights hier in unserer Video-PlaylistDie \u201eAlles was z\u00e4hlt\u201c-Folge schon jetzt auf RTL+ sehen<\/p>\n<p class=\"Typography_text-default__wldUd Typography_align-left__koBUM AnnotatedMarkup_paragraph__IUT9l\">Neue Folgen von AWZ gibt es immer bis zu sieben Tage vor TV-Ausstrahlung <a rel=\"noopener\" href=\"https:\/\/plus.rtl.de\/video-tv\/serien\/alles-was-zaehlt-146430?utm_campaign=textlink&amp;utm_source=rtl&amp;utm_medium=owned&amp;utm_term=alles-was-zaehlt&amp;utm_content=4373180\" target=\"_blank\">auf RTL+ zu sehen.<\/a> (rg\u00e4)<\/p>\n","protected":false},"excerpt":{"rendered":"Vanessa ist zur\u00fcck in Essen Serien-Comeback! Julia Augustin gibt Ausblick ihrer AWZ-Rolle 02:46 min Nach Comeback bei AWZ&hellip;\n","protected":false},"author":2,"featured_media":132753,"comment_status":"","ping_status":"","sticky":false,"template":"","format":"standard","meta":{"footnotes":""},"categories":[1773],"tags":[2303,6261,6259,6262,29,214,30,1806,471,1780,1808,6260,684,215],"class_list":{"0":"post-132752","1":"post","2":"type-post","3":"status-publish","4":"format-standard","5":"has-post-thumbnail","7":"category-serien","8":"tag-alles-was-zaehlt","9":"tag-alles-was-zaehlt-vorschau","10":"tag-awz","11":"tag-awz-vorschau","12":"tag-deutschland","13":"tag-entertainment","14":"tag-germany","15":"tag-serie","16":"tag-serien","17":"tag-series","18":"tag-soap","19":"tag-steinkamp-zentrum","20":"tag-tv","21":"tag-unterhaltung"},"share_on_mastodon":{"url":"https:\/\/pubeurope.com\/@de\/114555999207983254","error":""},"_links":{"self":[{"href":"https:\/\/www.europesays.com\/de\/wp-json\/wp\/v2\/posts\/132752","targetHints":{"allow":["GET"]}}],"collection":[{"href":"https:\/\/www.europesays.com\/de\/wp-json\/wp\/v2\/posts"}],"about":[{"href":"https:\/\/www.europesays.com\/de\/wp-json\/wp\/v2\/types\/post"}],"author":[{"embeddable":true,"href":"https:\/\/www.europesays.com\/de\/wp-json\/wp\/v2\/users\/2"}],"replies":[{"embeddable":true,"href":"https:\/\/www.europesays.com\/de\/wp-json\/wp\/v2\/comments?post=132752"}],"version-history":[{"count":0,"href":"https:\/\/www.europesays.com\/de\/wp-json\/wp\/v2\/posts\/132752\/revisions"}],"wp:featuredmedia":[{"embeddable":true,"href":"https:\/\/www.europesays.com\/de\/wp-json\/wp\/v2\/media\/132753"}],"wp:attachment":[{"href":"https:\/\/www.europesays.com\/de\/wp-json\/wp\/v2\/media?parent=132752"}],"wp:term":[{"taxonomy":"category","embeddable":true,"href":"https:\/\/www.europesays.com\/de\/wp-json\/wp\/v2\/categories?post=132752"},{"taxonomy":"post_tag","embeddable":true,"href":"https:\/\/www.europesays.com\/de\/wp-json\/wp\/v2\/tags?post=132752"}],"curies":[{"name":"wp","href":"https:\/\/api.w.org\/{rel}","templated":true}]}}