{"id":132754,"date":"2025-05-23T07:36:16","date_gmt":"2025-05-23T07:36:16","guid":{"rendered":"https:\/\/www.europesays.com\/de\/132754\/"},"modified":"2025-05-23T07:36:16","modified_gmt":"2025-05-23T07:36:16","slug":"sarah-connor-spricht-ueber-schweren-abschied-traurig-und-verloren","status":"publish","type":"post","link":"https:\/\/www.europesays.com\/de\/132754\/","title":{"rendered":"Sarah Connor spricht \u00fcber schweren Abschied: &#8222;Traurig und verloren&#8220;"},"content":{"rendered":"<p>&#8222;Traurig und verloren&#8220;<\/p>\n<p>Sarah Connor gesteht schweren Abschied<\/p>\n<p>von spot on news<\/p>\n<p>23.05.2025, 06:55 Uhr<\/p>\n<p>23. Mai 2025 um 06:55 Uhr<\/p>\n<p>Sarah Connor hat inzwischen zwei erwachsene Kinder, die ihren eigenen Weg gehen. Das hat bei der S\u00e4ngerin f\u00fcr schwere Moment gesorgt.<\/p>\n<p>ANZEIGE<\/p>\n<p><a href=\"https:\/\/www.bunte.de\/starprofile\/sarah-connor.html\" data-teasertracking=\"related-starprofile_1\" rel=\"follow nofollow noopener\" target=\"_self\">Sarah Connor<\/a> (44) hat im Interview mit dem &#8222;Gala&#8220;-Magazin \u00fcber ihr Leben in Frankreich gesprochen. In einem Instagram-Posting <a href=\"https:\/\/www.bunte.de\/stars\/star-life\/sarah-connor-wandert-aus-deutschland-aus-und-erfuellt-sich-lebenstraum.html\" rel=\"follow nofollow noopener\" target=\"_self\">offenbarte Sarah Connor <\/a>im vergangenen Februar, dass sie die deutsche Hauptstadt Berlin &#8222;nach vielen Jahren&#8220; verlassen habe und mit ihrer Familie jetzt am Meer lebe. Davon habe sie immer getr\u00e4umt und &#8222;wir lieben es&#8220;. In dem Interview sagte die geb\u00fcrtige Delmenhorsterin nun: &#8222;Ich h\u00e4tte es schon viel fr\u00fcher durchgesetzt, wenn ich gewusst h\u00e4tte, dass es so sch\u00f6n ist und mich so leicht im Herzen macht.&#8220;<\/p>\n<p>ANZEIGE<\/p>\n<p>Insbesondere, dass sie jeden Tag &#8222;einfach kurz ins Meer springen und tauchen&#8220; k\u00f6nne, in der Natur sei und sich anonym bewegen k\u00f6nne, sch\u00e4tzt die Musikerin an dem Alltag in Frankreich, das nach einigen Urlauben zu ihren Lieblingsorten wurde. Bereits im August 2024 schrieb sie in einem Posting: &#8222;Frankreich wird mehr und mehr unser zweites Zuhause. Die wundersch\u00f6ne Natur und das Meer so nah.&#8220; In der Provence genie\u00dfe sie die Anonymit\u00e4t, &#8222;meine Kinder lernen Franz\u00f6sisch und ich poliere meins wieder auf&#8220;. Weiter schw\u00e4rmte sie: &#8222;Die Menschen sind bezaubernd, lustig, offen.&#8220;<\/p>\n<p>ANZEIGE<\/p>\n<p><img decoding=\"async\" data-hk=\"008350a1704004010\" loading=\"lazy\"  src=\"https:\/\/www.europesays.com\/de\/wp-content\/uploads\/2025\/05\/1747985776_243_7ad688cc-b68d-4bd8-b55e-7162df8fd79a.112637c0-da18-45a8-9d8e-1e3a7cabc783.jpeg\"  alt=\"\" width=\"1280\" height=\"720\"\/> Sarah Connor ver\u00f6ffentlicht bald neue Musik.  ddp\/PIC ONE\/Ben Kriemann Auszug ihrer Kinder traf Sarah Connor &#8222;mit gro\u00dfer Wucht&#8220;\u00a0<\/p>\n<p>Im Gespr\u00e4ch mit &#8222;Gala&#8220; offenbarte <a href=\"https:\/\/www.bunte.de\/stars\/star-life\/sarah-connor-reisst-geduldsfaden-man-muss-sich-das-nicht-gefallen-lassen_9ca8b63d-ccc2-499b-b73d-eb3f44aaa602.html\" rel=\"follow nofollow noopener\" target=\"_self\">Sarah Connor, der k\u00fcrzlich der Geduldsfaden riss<\/a>, dass sie mit ihrer Familie jedoch nur f\u00fcr den Winter dort gewesen sei und sie jetzt nach Deutschland zur\u00fcckkommen w\u00fcrden. &#8222;Aber wir werden das wieder machen.&#8220;<\/p>\n<p><a data-hk=\"031110\" data-qa-article-links-box-title-link=\"https:\/\/www.bunte.de\/stars\/true\" href=\"https:\/\/www.bunte.de\/stars\/\" rel=\"follow nofollow noopener\" target=\"_self\">Mehr aus dem Bereich Stars<\/a><a data-hk=\"031120\" data-qa-article-links-box-href=\"https:\/\/www.bunte.de\/stars\/true\" href=\"https:\/\/www.bunte.de\/stars\/star-life\/mehrere-wirbelbrueche-sturm-der-liebe-star-tanja-lanaeus-spricht-ueber-schweren-sturz_003aabca-a94e-4888-bba0-f4e6c572db24.html\" rel=\"follow nofollow noopener\" target=\"_self\" class=\"LinkBox_Link row\"><\/p>\n<p>&#8222;Sturm der Liebe&#8220;-Star Tanja Lan\u00e4us bef\u00fcrchtete Querschnittsl\u00e4hmung<\/p>\n<p>Freitag, 23.05.2025 | 08:18<\/a><a data-hk=\"031125\" data-qa-article-links-box-href=\"https:\/\/www.bunte.de\/stars\/true\" href=\"https:\/\/www.bunte.de\/stars\/star-news\/karriere-abschied-bei-mats-hummels-seine-freundin-nicola-spendet-ihm-trost_d1fa1c9e-19d8-4c55-94d2-f8b6fda528c8.html\" rel=\"follow nofollow noopener\" target=\"_self\" class=\"LinkBox_Link row\"><\/p>\n<p>Nicola Cavanis glamour\u00f6s in Cannes \u2013 zuvor lag sie noch in Mats Armen  <\/p>\n<p>Freitag, 23.05.2025 | 07:51<\/a><a data-hk=\"03112a10\" data-qa-article-links-box-href=\"https:\/\/www.bunte.de\/stars\/true\" href=\"https:\/\/www.bunte.de\/stars\/star-news\/amy-macdonald-singt-em-song-der-ard_92d390d0-0cae-4ef3-8898-c48bbcaf023d.html\" rel=\"follow nofollow noopener\" target=\"_self\" class=\"LinkBox_Link row LinkBox_Link--Last-Visible\"><\/p>\n<p>Amy Macdonald singt EM-Song der ARD<\/p>\n<p>Freitag, 23.05.2025 | 07:31<\/a><a data-hk=\"03112a15\" data-qa-article-links-box-href=\"https:\/\/www.bunte.de\/stars\/true\" href=\"https:\/\/www.bunte.de\/stars\/star-life\/auch-ein-kampf-bei-uns-felix-neureuther-ueber-kinder-erziehung_8d9eaccc-c0c5-4c9e-9d03-712f7dc2f82e.html\" rel=\"follow nofollow noopener\" target=\"_self\" class=\"LinkBox_Link row LinkBox_Link--Hidden\"><\/p>\n<p>&#8222;Auch ein Kampf bei uns&#8220;: Felix Neureuther \u00fcber Kinder-Erziehung<\/p>\n<p>Freitag, 23.05.2025 | 07:21<\/a><a data-hk=\"03112a20\" data-qa-article-links-box-href=\"https:\/\/www.bunte.de\/stars\/true\" href=\"https:\/\/www.bunte.de\/stars\/star-life\/megan-fox-packt-aus-schwangerschaft-war-alles-andere-als-geplant_7a6644d7-5dc5-414b-91d9-dc5f172ef857.html\" rel=\"follow nofollow noopener\" target=\"_self\" class=\"LinkBox_Link row LinkBox_Link--Hidden\"><\/p>\n<p>Megan Fox packt aus: Schwangerschaft war alles andere als geplant<\/p>\n<p>Freitag, 23.05.2025 | 07:12<\/a><a data-hk=\"03112a25\" data-qa-article-links-box-href=\"https:\/\/www.bunte.de\/stars\/true\" href=\"https:\/\/www.bunte.de\/stars\/star-life\/ex-hsv-star-diekmeyer-hiobsbotschaft-fuer-krebskranke-tochter-14_88c7de3b-d134-4af6-9a8e-57fb2333e46a.html\" rel=\"follow nofollow noopener\" target=\"_self\" class=\"LinkBox_Link row LinkBox_Link--Hidden\"><\/p>\n<p>Neue Hiobsbotschaft f\u00fcr krebskranke Delani Diekmeier (14)<\/p>\n<p>Freitag, 23.05.2025 | 06:56<\/a><a data-hk=\"03112a30\" data-qa-article-links-box-href=\"https:\/\/www.bunte.de\/stars\/true\" href=\"https:\/\/www.bunte.de\/stars\/schlager\/juergen-milski-zeigt-foto-mit-verlobter-und-stellt-sofort-etwas-klar_7c77d43b-379c-42a9-8877-bfbba48577d6.html\" rel=\"follow nofollow noopener\" target=\"_self\" class=\"LinkBox_Link row LinkBox_Link--Hidden\"><\/p>\n<p>J\u00fcrgen Milski zeigt Foto mit Partnerin und stellt etwas direkt klar<\/p>\n<p>Freitag, 23.05.2025 | 06:55<\/a><a data-hk=\"03112a35\" data-qa-article-links-box-href=\"https:\/\/www.bunte.de\/stars\/true\" href=\"https:\/\/www.bunte.de\/stars\/waehrend-tv-dreh-sophia-thomalla-im-knappen-sport-look_88291664-86ac-46a3-a7e0-42a3f15fb0a5.html\" rel=\"follow nofollow noopener\" target=\"_self\" class=\"LinkBox_Link row LinkBox_Link--Hidden\"><\/p>\n<p>W\u00e4hrend TV-Dreh: Sophia Thomalla powert im knappen Sport-Look<\/p>\n<p>Freitag, 23.05.2025 | 06:55<\/a><a data-hk=\"03112a40\" data-qa-article-links-box-href=\"https:\/\/www.bunte.de\/stars\/true\" href=\"https:\/\/www.bunte.de\/stars\/ricarda-lang-reagiert-selbstbewusst-auf-klischees-zur-eigenen-sexualitaet_3f4f009b-5abd-4e38-b366-60d0a365e331.html\" rel=\"follow nofollow noopener\" target=\"_self\" class=\"LinkBox_Link row LinkBox_Link--Hidden\"><\/p>\n<p>Selbstbewusst reagiert Ricarda Lang auf Klischees zu ihrer Sexualit\u00e4t<\/p>\n<p>Freitag, 23.05.2025 | 06:54<\/a><a data-hk=\"03112a45\" data-qa-article-links-box-href=\"https:\/\/www.bunte.de\/stars\/true\" href=\"https:\/\/www.bunte.de\/stars\/helene-fischer-und-otto-waalkes-machen-kuenftig-gemeinsame-sachen_f65beaf4-e218-49cb-8ea8-8710e471228b.html\" rel=\"follow nofollow noopener\" target=\"_self\" class=\"LinkBox_Link row LinkBox_Link--Hidden\"><\/p>\n<p>Ungew\u00f6hnliches Duo: Helene Fischer und Otto Waalkes machen gemeinsame Sache<\/p>\n<p>Donnerstag, 22.05.2025 | 20:22<\/a><\/p>\n<p>Zu ihrer Familie geh\u00f6ren zum einen Ehemann und Manager Florian Fischer (50) und die zwei gemeinsamen Kinder Delphine (13) und Jax (8). Das Paar ist seit 2013 verheiratet. \u00dcber ihre langj\u00e4hrige Beziehung erz\u00e4hlt sie: &#8222;Wir entwickeln uns immer weiter. Nichts ist selbstverst\u00e4ndlich.&#8220;\u00a0<\/p>\n<p>ANZEIGE<\/p>\n<p>Gleichzeitig sei sie an einem Punkt ihrer Beziehung angekommen, an dem sie &#8222;unglaublich ruhig und gl\u00fccklich&#8220; sei. &#8222;Das erste Mal in meinem Leben denke ich: &#8218;Hier kann ich bleiben.'&#8220; Sie habe ihre tiefen Bindungs\u00e4ngste durch diese lange Beziehung, die ihr &#8222;gr\u00f6\u00dftes Werk&#8220; sei, heilen k\u00f6nnen.<\/p>\n<p>Zum anderen hat Connor zwei Kinder aus der Ehe mit Marc Terenzi (46), Summer (18) und Tyler (21), deren Auszug sie &#8222;mit gro\u00dfer Wucht&#8220; getroffen habe. &#8222;Ich war ein paar Monate sehr traurig und verloren.&#8220; Doch die beiden brauchen sie weiter an ihrer Seite, nur eben &#8222;anders&#8220;.<\/p>\n<p>ANZEIGE<\/p>\n<p>Das machen Sarah Connors Kinder jetzt<\/p>\n<p>Die zwei gehen jetzt ihren eigenen Weg und haben sich ebenso wie ihre Mutter der Musik gewidmet. Ihr Sohn beende gerade ein Studium in England und ihre Tochter habe dort ihr Abitur mit einigen kreativen F\u00e4chern gemacht. \u00dcber Summer schw\u00e4rmt sie: &#8222;Sie hat nicht nur Talent, sie hat auch den Biss und die Disziplin.&#8220;\u00a0<\/p>\n<p>Connor stellt zudem klar: &#8222;Manchmal glauben die Menschen, sie hat es leichter, ich ebne ihr mit meiner Karriere den Weg. Aber das ist nat\u00fcrlich nicht so, auch ich kann sie nicht erfolgreich machen. Keiner von uns kann das, sondern sie muss aus vollem Herzen bereit sein, hart zu arbeiten und etwas von sich zu teilen, wenn sie Songs schreibt.&#8220;<\/p>\n","protected":false},"excerpt":{"rendered":"&#8222;Traurig und verloren&#8220; Sarah Connor gesteht schweren Abschied von spot on news 23.05.2025, 06:55 Uhr 23. Mai 2025&hellip;\n","protected":false},"author":2,"featured_media":131314,"comment_status":"","ping_status":"","sticky":false,"template":"","format":"standard","meta":{"footnotes":""},"categories":[1772],"tags":[29,214,30,1779,810,215],"class_list":{"0":"post-132754","1":"post","2":"type-post","3":"status-publish","4":"format-standard","5":"has-post-thumbnail","7":"category-musik","8":"tag-deutschland","9":"tag-entertainment","10":"tag-germany","11":"tag-music","12":"tag-musik","13":"tag-unterhaltung"},"share_on_mastodon":{"url":"https:\/\/pubeurope.com\/@de\/114556003047949533","error":""},"_links":{"self":[{"href":"https:\/\/www.europesays.com\/de\/wp-json\/wp\/v2\/posts\/132754","targetHints":{"allow":["GET"]}}],"collection":[{"href":"https:\/\/www.europesays.com\/de\/wp-json\/wp\/v2\/posts"}],"about":[{"href":"https:\/\/www.europesays.com\/de\/wp-json\/wp\/v2\/types\/post"}],"author":[{"embeddable":true,"href":"https:\/\/www.europesays.com\/de\/wp-json\/wp\/v2\/users\/2"}],"replies":[{"embeddable":true,"href":"https:\/\/www.europesays.com\/de\/wp-json\/wp\/v2\/comments?post=132754"}],"version-history":[{"count":0,"href":"https:\/\/www.europesays.com\/de\/wp-json\/wp\/v2\/posts\/132754\/revisions"}],"wp:featuredmedia":[{"embeddable":true,"href":"https:\/\/www.europesays.com\/de\/wp-json\/wp\/v2\/media\/131314"}],"wp:attachment":[{"href":"https:\/\/www.europesays.com\/de\/wp-json\/wp\/v2\/media?parent=132754"}],"wp:term":[{"taxonomy":"category","embeddable":true,"href":"https:\/\/www.europesays.com\/de\/wp-json\/wp\/v2\/categories?post=132754"},{"taxonomy":"post_tag","embeddable":true,"href":"https:\/\/www.europesays.com\/de\/wp-json\/wp\/v2\/tags?post=132754"}],"curies":[{"name":"wp","href":"https:\/\/api.w.org\/{rel}","templated":true}]}}