{"id":132813,"date":"2025-05-23T08:09:15","date_gmt":"2025-05-23T08:09:15","guid":{"rendered":"https:\/\/www.europesays.com\/de\/132813\/"},"modified":"2025-05-23T08:09:15","modified_gmt":"2025-05-23T08:09:15","slug":"grossbritannien-raeumt-archipel-im-indischen-ozean","status":"publish","type":"post","link":"https:\/\/www.europesays.com\/de\/132813\/","title":{"rendered":"Gro\u00dfbritannien r\u00e4umt Archipel im Indischen Ozean"},"content":{"rendered":"<p>Umstrittener Deal <\/p>\n<p>R\u00fcckzug: Gro\u00dfbritannien gibt Archipel im Indischen Ozean ab<\/p>\n<p>22.05.2025 &#8211; 19:45 UhrLesedauer: 2 Min.<\/p>\n<p><a href=\"#focus-0\" class=\"transition-colors duration-200 focus-within:text-magenta block text-current relative\" data-sctrack=\"FocusGalleryImage.Reference\"><img fetchpriority=\"high\" data-testid=\"Opener.Image\" style=\"--lqipURL:url('https:\/\/images.t-online.de\/2025\/05\/T5mUH9zQ8lHG\/0x82:800x450\/fit-in\/150x0\/filters:blur(25)\/luftaufnahme-von-diego-garcia-einem-atoll-des-chagos-archipels-wegen-der-us-basis.jpg')\"   loading=\"eager\" src=\"https:\/\/www.europesays.com\/de\/wp-content\/uploads\/2025\/05\/luftaufnahme-von-diego-garcia-einem-atoll-des-chagos-archipels-wegen-der-us-basis.jpg\" alt=\"urn:newsml:dpa.com:20090101:250522-99-936505\" title=\"urn:newsml:dpa.com:20090101:250522-99-936505\" width=\"800\" height=\"450\" class=\"bg-[url:var(--lqipURL)] bg-cover bg-center flex w-full max-w-full h-full\" decoding=\"async\"\/><img style=\"--width:32;--height:32\" loading=\"lazy\" src=\"https:\/\/www.europesays.com\/de\/wp-content\/uploads\/2025\/05\/zoom-in.f7dae02f.svg.svg+xml\" alt=\"Vergr\u00f6\u00dfern des Bildes\" title=\"Vergr\u00f6\u00dfern des Bildes\" class=\"&#10;        block&#10;        h-[calc(var(--height)_\/_16_*_1rem)]&#10;        w-[calc(var(--width)_\/_16_*_1rem)]&#10;        max-w-none&#10;        absolute bottom-8 right-8 rounded-4 bg-snow p-8\" decoding=\"async\"\/><\/a><\/p>\n<p>Luftaufnahme von Diego Garcia, einem Atoll des Chagos-Archipels: Wegen des gemeinsam mit den USA genutzten St\u00fctzpunktes dort bleibt Diego Garcia britisch. (Quelle: Uncredited)<\/p>\n<p class=\"font-bold text-18 leading-17\">Gro\u00dfbritannien gibt eines seiner \u00dcberseegebiete an Mauritius ab. Eine der Chagos-Inseln ist von dem Deal aber ausgenommen \u2013 das hat auch mit den USA zu tun.<\/p>\n<p class=\"text-18 leading-17\"><a class=\"transition-colors duration-200 cursor-pointer text-inherit no-underline text-salemsfur md:hover:text-magenta md:hover:border-magenta md:focus:text-magenta border-current border-b border-solid break-words\" href=\"https:\/\/www.t-online.de\/themen\/grossbritannien\/\" data-sctrack=\"BodyAnchor\" rel=\"nofollow noopener\" target=\"_blank\">Gro\u00dfbritannien<\/a> gibt nach langen Verhandlungen Territorium ab. Die Souver\u00e4nit\u00e4t \u00fcber die Chagos-Inseln im Indischen Ozean geht an <a class=\"transition-colors duration-200 cursor-pointer text-inherit no-underline text-salemsfur md:hover:text-magenta md:hover:border-magenta md:focus:text-magenta border-current border-b border-solid break-words\" href=\"https:\/\/www.t-online.de\/themen\/mauritius\/\" data-sctrack=\"BodyAnchor\" rel=\"nofollow noopener\" target=\"_blank\">Mauritius<\/a> \u00fcber. Premierminister <a class=\"transition-colors duration-200 cursor-pointer text-inherit no-underline text-salemsfur md:hover:text-magenta md:hover:border-magenta md:focus:text-magenta border-current border-b border-solid break-words\" href=\"https:\/\/www.t-online.de\/themen\/keir-starmer\/\" data-sctrack=\"BodyAnchor\" rel=\"nofollow noopener\" target=\"_blank\">Keir Starmer<\/a> unterzeichnete eine entsprechende Vereinbarung, wie die britische Nachrichtenagentur PA meldete. Ausgenommen wird allerdings die Insel Diego Garcia, auf der ein gemeinsam mit den <a class=\"transition-colors duration-200 cursor-pointer text-inherit no-underline text-salemsfur md:hover:text-magenta md:hover:border-magenta md:focus:text-magenta border-current border-b border-solid break-words\" href=\"https:\/\/www.t-online.de\/themen\/usa\/\" data-sctrack=\"BodyAnchor\" rel=\"nofollow noopener\" target=\"_blank\">USA<\/a> genutzter Milit\u00e4rst\u00fctzpunkt liegt.<\/p>\n<p class=\"text-18 leading-17\">Die strategische Position des Gebiets sei von gr\u00f6\u00dfter Bedeutung f\u00fcr Gro\u00dfbritannien, sagte Starmer. Die Insel soll deswegen noch mindestens 99 Jahre unter britischer Kontrolle bleiben. Daf\u00fcr wollen die Briten im Gegenzug eine Milliardensumme zahlen.<\/p>\n<p class=\"text-18 leading-17\">Die Chagos-Inseln sind ein \u00dcberseegebiet mitten im Indischen Ozean. Starmer bezeichnete die Lage des Milit\u00e4rst\u00fctzpunkts einer Mitteilung zufolge als von &#8222;gr\u00f6\u00dfter Bedeutung f\u00fcr Gro\u00dfbritannien&#8220;. Der St\u00fctzpunkt sei einer der wichtigsten Beitr\u00e4ge, die das Land in der Sicherheitspartnerschaft mit den USA mache.<\/p>\n<p class=\"text-18 leading-17\">Zu den &#8222;einzigartigen und unverzichtbaren&#8220; F\u00e4higkeiten, die der Standort biete, geh\u00f6ren demnach ein Flugplatz- und Tiefwasserhafen sowie Einrichtungen, die den weltweiten Betrieb des Satellitennavigationssystems GPS unterst\u00fctzen und die \u00dcberwachung von Objekten im Erdorbit erm\u00f6glichen. Au\u00dferdem sei dort Ausr\u00fcstung zur \u00dcberwachung des Verbots von Nuklearversuchen.<\/p>\n<p class=\"text-18 leading-17\">Der Archipel wurde 1965 von Mauritius abgespalten, drei Jahre vor der Unabh\u00e4ngigkeit des Staates. Die Einwohner der Inseln waren zwangsweise umgesiedelt worden und fordern teils ein Recht auf R\u00fcckkehr. Eine Frau, die dort geboren worden war und gegen die \u00dcbertragung an Mauritius klagt, verz\u00f6gerte die Unterzeichnung kurzzeitig, indem sie eine einstweilige Verf\u00fcgung erwirkte.<\/p>\n<p class=\"text-18 leading-17\">Der Internationale Gerichtshof in Den Haag und auch die Generalversammlung der Vereinten Nationen unterst\u00fctzten den jahrzehntealten Anspruch von Mauritius auf die Inseln. Konservative Politiker kritisierten die Pl\u00e4ne dagegen als Ausverkauf strategischer britischer Interessen und warnten, man laufe Gefahr, das Gebiet chinesischem Einfluss zu \u00fcberlassen.<\/p>\n<p class=\"text-18 leading-17\">Premierminister Starmer verteidigte den Deal, der nach seinen Angaben umgerechnet etwa vier Milliarden Euro kosten soll. Die Vereinbarung sei der einzige Weg, die Milit\u00e4rbasis auf lange Sicht zu erhalten.<\/p>\n","protected":false},"excerpt":{"rendered":"Umstrittener Deal R\u00fcckzug: Gro\u00dfbritannien gibt Archipel im Indischen Ozean ab 22.05.2025 &#8211; 19:45 UhrLesedauer: 2 Min. Luftaufnahme von&hellip;\n","protected":false},"author":2,"featured_media":132814,"comment_status":"","ping_status":"","sticky":false,"template":"","format":"standard","meta":{"footnotes":"","_share_on_mastodon":"0"},"categories":[3976],"tags":[326,331,332,49193,49192,365,49194,551,13,24164,5554,45488,14,15,12,49195,3992,3993,3994,64,3995,3996,3997],"class_list":["post-132813","post","type-post","status-publish","format-standard","has-post-thumbnail","category-vereinigtes-koenigreich","tag-326","tag-aktuelle-nachrichten","tag-aktuelle-news","tag-archipel","tag-chago-insel","tag-deal","tag-diego-garcia","tag-grossbritannien","tag-headlines","tag-indischen-ozean","tag-keir-starmer","tag-luftaufnahme","tag-nachrichten","tag-news","tag-schlagzeilen","tag-ueberseegebiet","tag-uk","tag-united-kingdom","tag-united-kingdom-of-great-britain-and-northern-ireland","tag-usa","tag-vereinigtes-koenigreich","tag-vereinigtes-koenigreich-grossbritannien-und-nordirland","tag-vereinigtes-koenigreich-von-grossbritannien-und-nordirland"],"share_on_mastodon":{"url":"https:\/\/pubeurope.com\/@de\/114556132713306887","error":""},"_links":{"self":[{"href":"https:\/\/www.europesays.com\/de\/wp-json\/wp\/v2\/posts\/132813","targetHints":{"allow":["GET"]}}],"collection":[{"href":"https:\/\/www.europesays.com\/de\/wp-json\/wp\/v2\/posts"}],"about":[{"href":"https:\/\/www.europesays.com\/de\/wp-json\/wp\/v2\/types\/post"}],"author":[{"embeddable":true,"href":"https:\/\/www.europesays.com\/de\/wp-json\/wp\/v2\/users\/2"}],"replies":[{"embeddable":true,"href":"https:\/\/www.europesays.com\/de\/wp-json\/wp\/v2\/comments?post=132813"}],"version-history":[{"count":0,"href":"https:\/\/www.europesays.com\/de\/wp-json\/wp\/v2\/posts\/132813\/revisions"}],"wp:featuredmedia":[{"embeddable":true,"href":"https:\/\/www.europesays.com\/de\/wp-json\/wp\/v2\/media\/132814"}],"wp:attachment":[{"href":"https:\/\/www.europesays.com\/de\/wp-json\/wp\/v2\/media?parent=132813"}],"wp:term":[{"taxonomy":"category","embeddable":true,"href":"https:\/\/www.europesays.com\/de\/wp-json\/wp\/v2\/categories?post=132813"},{"taxonomy":"post_tag","embeddable":true,"href":"https:\/\/www.europesays.com\/de\/wp-json\/wp\/v2\/tags?post=132813"}],"curies":[{"name":"wp","href":"https:\/\/api.w.org\/{rel}","templated":true}]}}