{"id":133037,"date":"2025-05-23T10:11:15","date_gmt":"2025-05-23T10:11:15","guid":{"rendered":"https:\/\/www.europesays.com\/de\/133037\/"},"modified":"2025-05-23T10:11:15","modified_gmt":"2025-05-23T10:11:15","slug":"polizei-sucht-mit-foto-nach-13-jaehrigen-messerstecher","status":"publish","type":"post","link":"https:\/\/www.europesays.com\/de\/133037\/","title":{"rendered":"Polizei sucht mit Foto nach 13-J\u00e4hrigen Messerstecher"},"content":{"rendered":"<p>Es k\u00f6nnte Suizid-Gefahr bestehen Berliner Polizei sucht mit Foto nach 13-j\u00e4hrigem Messerstecher <img alt=\"Symbolbild_Vorlage_16x9.jpg\" loading=\"lazy\" width=\"940\" height=\"529\" decoding=\"auto\" data-nimg=\"1\" class=\"Image_image__SdgLQ Picture_image__vGN9W\" style=\"color:transparent\"   src=\"https:\/\/www.europesays.com\/de\/wp-content\/uploads\/2025\/05\/symbolbild_vorlage_16x9jpg.webp.webp\"\/><\/p>\n<p>Diese Fotos des Jungen ver\u00f6ffentlichte die Polizei<\/p>\n<p>23. Mai 2025 um 12:00 Uhr<\/p>\n<p class=\"Typography_text-default__wldUd Typography_align-left__koBUM AnnotatedMarkup_paragraph__IUT9l\"><strong>Wo ist der Junge nur? <\/strong><br \/>Seit gestern sucht die Polizei nach dem 13-j\u00e4hrigen Alan-Said Ibrahim, der an einer Berliner Schule ein anderes Kind niedergestochen hat. Au\u00dfer seiner Jacke und einem Messer wurde bislang nichts gefunden. Nun w\u00e4chst die Sorge, dass sich das Kind selbst etwas antun k\u00f6nnte und in Suizid-Gefahr schwebe.<\/p>\n<p>Das schwer verletzte Opfer ist in \u201estabilem Zusatnd\u201d<\/p>\n<p class=\"Typography_text-default__wldUd Typography_align-left__koBUM AnnotatedMarkup_paragraph__IUT9l\"><strong>Der 13-J\u00e4hrige wird wie folgt beschrieben:<\/strong><\/p>\n<ul class=\"BulletedList_ul__9tzYn\">\n<li class=\"BulletedList_li__361p2\">\n<p class=\"Typography_text-default__wldUd Typography_align-left__koBUM AnnotatedMarkup_paragraph__IUT9l\">170 cm gro\u00df<\/p>\n<\/li>\n<li class=\"BulletedList_li__361p2\">\n<p class=\"Typography_text-default__wldUd Typography_align-left__koBUM AnnotatedMarkup_paragraph__IUT9l\">kurze, braune Haare<\/p>\n<\/li>\n<li class=\"BulletedList_li__361p2\">\n<p class=\"Typography_text-default__wldUd Typography_align-left__koBUM AnnotatedMarkup_paragraph__IUT9l\">jugendliches Aussehen<\/p>\n<\/li>\n<li class=\"BulletedList_li__361p2\">\n<p class=\"Typography_text-default__wldUd Typography_align-left__koBUM AnnotatedMarkup_paragraph__IUT9l\">kr\u00e4ftige Statur<\/p>\n<\/li>\n<\/ul>\n<p class=\"Typography_text-default__wldUd Typography_align-left__koBUM AnnotatedMarkup_paragraph__IUT9l\">Zuletzt trug der 13-J\u00e4hrige ein wei\u00dfes T-Shirt, hellblaue Jeans und schwarze Schuhe. <strong>Die Ermittlerinnen und Ermittler fragen:<\/strong><\/p>\n<p>Wer kann Angaben zum Aufenthalt des Vermissten machen?<\/p>\n<p class=\"Typography_text-default__wldUd Typography_align-left__koBUM AnnotatedMarkup_paragraph__IUT9l\"><strong>Der Vermisste befindet sich m\u00f6glicherweise in einer psychischen Ausnahmesituation und k\u00f6nnte ein Messer bei sich f\u00fchren. Bitte seien Sie vorsichtig und alarmieren Sie \u00fcber 110 die Polizei, wenn Sie den Vermissten sehen.<\/strong><\/p>\n<p class=\"Typography_text-default__wldUd Typography_align-left__koBUM AnnotatedMarkup_paragraph__IUT9l\">Der 13-J\u00e4hrige soll einen ein Jahr j\u00fcngeren Sch\u00fcler mit einem Messer attackiert haben. Am Tatort wurde nach Polizeiangaben ein K\u00fcchenmesser gefunden. Die Suche nach dem Jungen blieb ohne Erfolg, bisher wurde lediglich seine Jacke in einer Kleingartenanlage gefunden.<\/p>\n<p class=\"Typography_text-default__wldUd Typography_align-left__koBUM AnnotatedMarkup_paragraph__IUT9l\"><strong>Lese-Tipp: <\/strong><a href=\"https:\/\/www.rtl.de\/news\/messerangriff-auf-13-jaehrigen-in-remscheid-elfjaehriger-tatverdaechtiger-zurueck-bei-seinen-eltern-id4375337.html\" target=\"_self\" rel=\"noopener\">Messerangriff an Berliner Grundschule \u2013 13-j\u00e4hriger Tatverd\u00e4chtiger weiter auf der Flucht<\/a><\/p>\n<p class=\"Typography_text-default__wldUd Typography_align-left__koBUM AnnotatedMarkup_paragraph__IUT9l\">Der mutma\u00dfliche T\u00e4ter wird nun von der Vermisstenstelle im Landeskriminalamt gesucht. Seine Eltern haben eine Vermisstenanzeige aufgegeben, da ihr Sohn nicht zu Hause erschien. Die Polizei will auch eine \u00d6ffentlichkeitsfahndung ver\u00f6ffentlichen, wie Sprecher Halweg sagte.<\/p>\n<p>Video-Tipp: Suche nach Berliner Messerstecher (13)<\/p>\n<p>01:32 min<\/p>\n<p>RTL-Reporter vor Ort<\/p>\n<p>Suche nach Berliner Messerstecher (13)<\/p>\n<p class=\"Typography_text-default__wldUd Typography_align-left__koBUM AnnotatedMarkup_paragraph__IUT9l\">Der bei der Messerattacke lebensgef\u00e4hrlich verletzte Zw\u00f6lfj\u00e4hrige ist noch im Krankenhaus. Sein Zustand ist nach Polizeiangaben weiter stabil. Es sei aber noch nicht m\u00f6glich gewesen, den Jungen zu den Ereignissen am Donnerstag zu befragen, sagte Polizeisprecher Martin Halweg. \u201eSobald dies medizinisch m\u00f6glich ist, wird dies geschehen.\u201c<\/p>\n<p class=\"Typography_text-default__wldUd Typography_align-left__koBUM AnnotatedMarkup_paragraph__IUT9l\">Die Familie sei bei dem Zw\u00f6lfj\u00e4hrigen im Krankenhaus. Es gebe eine soziale Betreuung, auch ein Seelsorger k\u00fcmmere sich um den Sch\u00fcler.<\/p>\n<p>Hilfe bei Suizidgedanken<\/p>\n<p class=\"Typography_text-default__wldUd Typography_align-left__koBUM AnnotatedMarkup_paragraph__IUT9l\">Habt Ihr suizidale Gedanken oder diese bei einem Angeh\u00f6rigen\/Bekannten festgestellt? Hilfe bietet die Telefonseelsorge: Anonyme Beratung erh\u00e4lt man rund um die Uhr unter den kostenlosen Nummern 0800 \/ 111 0 111 und 0800 \/ 111 0 222. Auch eine Beratung \u00fcber das Internet unter <a rel=\"noopener noreferrer noFollow\" href=\"https:\/\/www.telefonseelsorge.de\/\" target=\"_blank\">telefonseelsorge.de<\/a> ist m\u00f6glich.<\/p>\n","protected":false},"excerpt":{"rendered":"Es k\u00f6nnte Suizid-Gefahr bestehen Berliner Polizei sucht mit Foto nach 13-j\u00e4hrigem Messerstecher Diese Fotos des Jungen ver\u00f6ffentlichte die&hellip;\n","protected":false},"author":2,"featured_media":133038,"comment_status":"","ping_status":"","sticky":false,"template":"","format":"standard","meta":{"footnotes":""},"categories":[1825],"tags":[331,338,332,339,296,29,344,342,343,30,335,329,336,334,341,330,337,333,328,327,12,340],"class_list":{"0":"post-133037","1":"post","2":"type-post","3":"status-publish","4":"format-standard","5":"has-post-thumbnail","7":"category-berlin","8":"tag-aktuelle-nachrichten","9":"tag-aktuelle-nachrichten-auf-einen-blick","10":"tag-aktuelle-news","11":"tag-aktuelle-themen-in-der-welt","12":"tag-berlin","13":"tag-deutschland","14":"tag-ems_-news","15":"tag-ems_news_newsausland","16":"tag-ems_news_newsinland","17":"tag-germany","18":"tag-nachrichten-aus-aller-welt","19":"tag-nachrichten-deutschland","20":"tag-nachrichten-heute","21":"tag-nachrichten-international","22":"tag-nachrichten-usa","23":"tag-news-deutschland","24":"tag-news-heute","25":"tag-news-international","26":"tag-rtl-nachrichten","27":"tag-rtl-news","28":"tag-schlagzeilen","29":"tag-usa-news"},"share_on_mastodon":{"url":"https:\/\/pubeurope.com\/@de\/114556612427003063","error":""},"_links":{"self":[{"href":"https:\/\/www.europesays.com\/de\/wp-json\/wp\/v2\/posts\/133037","targetHints":{"allow":["GET"]}}],"collection":[{"href":"https:\/\/www.europesays.com\/de\/wp-json\/wp\/v2\/posts"}],"about":[{"href":"https:\/\/www.europesays.com\/de\/wp-json\/wp\/v2\/types\/post"}],"author":[{"embeddable":true,"href":"https:\/\/www.europesays.com\/de\/wp-json\/wp\/v2\/users\/2"}],"replies":[{"embeddable":true,"href":"https:\/\/www.europesays.com\/de\/wp-json\/wp\/v2\/comments?post=133037"}],"version-history":[{"count":0,"href":"https:\/\/www.europesays.com\/de\/wp-json\/wp\/v2\/posts\/133037\/revisions"}],"wp:featuredmedia":[{"embeddable":true,"href":"https:\/\/www.europesays.com\/de\/wp-json\/wp\/v2\/media\/133038"}],"wp:attachment":[{"href":"https:\/\/www.europesays.com\/de\/wp-json\/wp\/v2\/media?parent=133037"}],"wp:term":[{"taxonomy":"category","embeddable":true,"href":"https:\/\/www.europesays.com\/de\/wp-json\/wp\/v2\/categories?post=133037"},{"taxonomy":"post_tag","embeddable":true,"href":"https:\/\/www.europesays.com\/de\/wp-json\/wp\/v2\/tags?post=133037"}],"curies":[{"name":"wp","href":"https:\/\/api.w.org\/{rel}","templated":true}]}}