{"id":133245,"date":"2025-05-23T12:08:10","date_gmt":"2025-05-23T12:08:10","guid":{"rendered":"https:\/\/www.europesays.com\/de\/133245\/"},"modified":"2025-05-23T12:08:10","modified_gmt":"2025-05-23T12:08:10","slug":"cuny-in-den-usa-gruendet-das-forschungsinstitut-achyuta-samanta-india-initiative","status":"publish","type":"post","link":"https:\/\/www.europesays.com\/de\/133245\/","title":{"rendered":"CUNY in den USA gr\u00fcndet das Forschungsinstitut \u201eAchyuta Samanta India Initiative&#8220;"},"content":{"rendered":"\n<p class=\"yf-1090901\"><b>Dr. Samanta wurde au\u00dferdem von der Universit\u00e4t in New York mit der Pr\u00e4sidentenmedaille ausgezeichnet <\/b><\/p>\n<p class=\"yf-1090901\">BHUBANESHWAR, Indien, 23. Mai 2025 \/PRNewswire\/ &#8212;\u00a0In einer bahnbrechenden Entwicklung, die einen stolzen Moment f\u00fcr Indien und insbesondere f\u00fcr\u00a0Odisha darstellt, wurde ein f\u00fchrendes Forschungsinstitut an der City University of New York (CUNY) nach dem bekannten P\u00e4dagogen und Sozialreformer <a href=\"https:\/\/achyutasamanta.com\/\" rel=\"nofollow noopener\" target=\"_blank\" data-ylk=\"slk:Dr. Achyuta Samanta;elm:context_link;itc:0;sec:content-canvas\" class=\"link \">Dr. Achyuta Samanta<\/a> (Gr\u00fcnder von KIIT und KISS) benannt. Das neu gegr\u00fcndete \u201eAchyuta Samanta India Initiative CUNY Crest Institute&#8220; (ASIICCI) wurde am Dienstag in Anwesenheit angesehener Akademiker und W\u00fcrdentr\u00e4ger aus den gesamten Vereinigten Staaten eingeweiht.<\/p>\n<p>    <img fetchpriority=\"high\" decoding=\"async\" src=\"data:image\/gif;base64,R0lGODlhAQABAIAAAAAAAP\/\/\/ywAAAAAAQABAAACAUwAOw==\" alt=\"Dr. Achyuta Samanta Inaugurating the Research Institute Named in His Honour in the Presence of Senior City University of New York (CUNY) Officials.\" loading=\"eager\" height=\"145\" width=\"400\" class=\"yf-1vr77wf loader\"\/> Dr. Achyuta Samanta Inaugurating the Research Institute Named in His Honour in the Presence of Senior City University of New York (CUNY) Officials.      <\/p>\n<p class=\"yf-1090901\">\u00a0<\/p>\n<p class=\"yf-1090901\">Dieser historische Schritt ist das erste Mal, dass ein Forschungszentrum in den Vereinigten Staaten nach einem Inder benannt wurde, was nicht nur f\u00fcr Dr.\u00a0Samanta, sondern auch f\u00fcr die Menschen in Odisha und die weltweite KIIT- und KISS-Gemeinschaft ein Moment gro\u00dfen Stolzes ist. Das neu gegr\u00fcndete Institut wird amerikanischen Studierenden die M\u00f6glichkeit bieten, \u00fcber Odishas reiches Kunst- und Kulturerbe zu forschen. Es wird sich auch auf Dr. Samantas Beitrag zur sozio\u00f6konomischen Entwicklung der Stammesgemeinschaften und seine Leistungen im Bereich der Bildung konzentrieren.<\/p>\n<p class=\"yf-1090901\">Zus\u00e4tzlich zu dieser prestigetr\u00e4chtigen Anerkennung wurde Dr. Samanta w\u00e4hrend der Veranstaltung die h\u00f6chste Auszeichnung der CUNY\u00a0\u2013 die Presidential Medal\u00a0\u2013 verliehen. Die Medaille ist Personen mit au\u00dfergew\u00f6hnlichem Einfluss auf die Welt vorbehalten und w\u00fcrdigt Dr. Samantas transformative Beitr\u00e4ge zu Bildung, Stammesf\u00f6rderung und humanit\u00e4rem Dienst. Seine Arbeit an der Basis durch KIIT und KISS hat sich positiv auf \u00fcber 80.000\u00a0Stammeskinder ausgewirkt und ihnen eine hochwertige Bildung, W\u00fcrde und Chancen geboten.<\/p>\n<p class=\"yf-1090901\">Die Idee f\u00fcr das Forschungsinstitut entstand w\u00e4hrend des k\u00fcrzlichen Besuchs von Dr. Milton Santiago, Pr\u00e4sident des Bronx Community College der CUNY, am KIIT und KISS in Bhubaneswar. Dr. Santiago war von Dr. Samantas Weg und Vision zutiefst inspiriert und schlug vor, ein Forschungsinstitut nach ihm zu benennen\u00a0\u2013 ein Vorschlag, der von der Universit\u00e4tsleitung einstimmig angenommen wurde.<\/p>\n<p class=\"yf-1090901\">Bei der Er\u00f6ffnung sagte Dr. Santiago: \u201eDie Achyuta Samanta India Initiative wird amerikanischen Studenten mit unterschiedlichem Hintergrund helfen, Indiens Stammesgemeinschaften, kulturelle Wurzeln und eines der weltweit wirkungsvollsten Bildungsmodelle zu verstehen und kennenzulernen.&#8220;<\/p>\n<p class=\"yf-1090901\">Dr. Samanta, der als Ehrengast an der Veranstaltung teilnahm, dr\u00fcckte seine tiefe Dankbarkeit und Demut aus und erkl\u00e4rte, dass es f\u00fcr ihn als Odia und Inder ein Moment gro\u00dfer Ehre und Stolz sei, dass ein US-Forschungsinstitut nach ihm benannt wurde. Es sei nicht nur eine pers\u00f6nliche Anerkennung, sondern auch eine Sache des Stolzes f\u00fcr Odisha, KIIT und KISS. Er hoffte, dass das Institut die Forschung und das Verst\u00e4ndnis f\u00fcr die Kunst, Literatur und Kultur Odishas sowie f\u00fcr seine eigene Arbeit f\u00f6rdern w\u00fcrde.<\/p>\n","protected":false},"excerpt":{"rendered":"Dr. Samanta wurde au\u00dferdem von der Universit\u00e4t in New York mit der Pr\u00e4sidentenmedaille ausgezeichnet BHUBANESHWAR, Indien, 23. Mai&hellip;\n","protected":false},"author":2,"featured_media":133246,"comment_status":"","ping_status":"","sticky":false,"template":"","format":"standard","meta":{"footnotes":""},"categories":[3977],"tags":[49277,331,332,49278,49279,13,5198,7278,49281,14,15,49280,12,4017,4018,5162,4016,64,4019,4020],"class_list":{"0":"post-133245","1":"post","2":"type-post","3":"status-publish","4":"format-standard","5":"has-post-thumbnail","7":"category-usa","8":"tag-achyuta-samanta","9":"tag-aktuelle-nachrichten","10":"tag-aktuelle-news","11":"tag-city-university-of-new-york","12":"tag-forschungsinstitut","13":"tag-headlines","14":"tag-institut","15":"tag-kiss","16":"tag-milton-santiago","17":"tag-nachrichten","18":"tag-news","19":"tag-samanta","20":"tag-schlagzeilen","21":"tag-united-states","22":"tag-united-states-of-america","23":"tag-universitaet","24":"tag-us","25":"tag-usa","26":"tag-vereinigte-staaten","27":"tag-vereinigte-staaten-von-amerika"},"share_on_mastodon":{"url":"https:\/\/pubeurope.com\/@de\/114557072400401157","error":""},"_links":{"self":[{"href":"https:\/\/www.europesays.com\/de\/wp-json\/wp\/v2\/posts\/133245","targetHints":{"allow":["GET"]}}],"collection":[{"href":"https:\/\/www.europesays.com\/de\/wp-json\/wp\/v2\/posts"}],"about":[{"href":"https:\/\/www.europesays.com\/de\/wp-json\/wp\/v2\/types\/post"}],"author":[{"embeddable":true,"href":"https:\/\/www.europesays.com\/de\/wp-json\/wp\/v2\/users\/2"}],"replies":[{"embeddable":true,"href":"https:\/\/www.europesays.com\/de\/wp-json\/wp\/v2\/comments?post=133245"}],"version-history":[{"count":0,"href":"https:\/\/www.europesays.com\/de\/wp-json\/wp\/v2\/posts\/133245\/revisions"}],"wp:featuredmedia":[{"embeddable":true,"href":"https:\/\/www.europesays.com\/de\/wp-json\/wp\/v2\/media\/133246"}],"wp:attachment":[{"href":"https:\/\/www.europesays.com\/de\/wp-json\/wp\/v2\/media?parent=133245"}],"wp:term":[{"taxonomy":"category","embeddable":true,"href":"https:\/\/www.europesays.com\/de\/wp-json\/wp\/v2\/categories?post=133245"},{"taxonomy":"post_tag","embeddable":true,"href":"https:\/\/www.europesays.com\/de\/wp-json\/wp\/v2\/tags?post=133245"}],"curies":[{"name":"wp","href":"https:\/\/api.w.org\/{rel}","templated":true}]}}