{"id":133332,"date":"2025-05-23T12:54:12","date_gmt":"2025-05-23T12:54:12","guid":{"rendered":"https:\/\/www.europesays.com\/de\/133332\/"},"modified":"2025-05-23T12:54:12","modified_gmt":"2025-05-23T12:54:12","slug":"tahsim-durgun-buecher-koennen-durchaus-etwas-veraendern-ndr-de-kultur","status":"publish","type":"post","link":"https:\/\/www.europesays.com\/de\/133332\/","title":{"rendered":"Tahsim Durgun: &#8222;B\u00fccher k\u00f6nnen durchaus etwas ver\u00e4ndern&#8220; | NDR.de &#8211; Kultur"},"content":{"rendered":"<p>\nStand: 23.05.2025 11:02 Uhr\n<\/p>\n<p class=\"preface\">TikTok-Star Tahsim Durgun startet als Buchautor durch. Im Interview spricht er \u00fcber seinen Umgang mit dem neuen Ruhm, \u00fcber das deutsche Schulsystem, Rassismus und dar\u00fcber, was B\u00fccher damit zu tun haben.<\/p>\n<p>Tahsim Durgun ist ein Internet-Star, seine TikToks sind Kult, wobei der heimliche Star seiner Videos viel mehr seine Mutter ist. In seinem j\u00fcngst erschienen Buch &#8222;Mama, bitte lern Deutsch!&#8220; erz\u00e4hlt Tahsim, wie es ist, als Kind kurdischer Einwanderer in Deutschland aufzuwachsen. Mit all den H\u00fcrden, die es gibt &#8211; vor allem als Minderheit in der Minderheit. Schon als Kind ist Tahsim rassistischen Vorurteilen ausgesetzt gewesen, er bekommt trotz guter Noten nur eine Empfehlung f\u00fcr die Hauptschule, und Menschen aus den reicheren Vierteln in der Umgebung machen ihm in aller Selbstverst\u00e4ndlichkeit klar, dass er ja gar nicht von hier sei. Ohne seine Mutter und einige engagierte Lehrerinnen h\u00e4tte er es vielleicht nie zum TikTok-Star oder Buchautor geschafft. Doch genau das ist er heute.<\/p>\n<p>Weitere Informationen<\/p>\n<p><img decoding=\"async\" src=\"https:\/\/www.europesays.com\/de\/wp-content\/uploads\/2025\/05\/coverdurgun100_v-contentgross.jpg\" alt=\"Cover: Tahsim Durgun, &quot;Mama, bitte lern Deutsch&quot; \u00a9 Knaur HC \" title=\"Cover: Tahsim Durgun, &quot;Mama, bitte lern Deutsch&quot;\" class=\"responsive\"\/><\/p>\n<p>\nDas Buch des 29-j\u00e4hrigen Oldenburger Autors erz\u00e4hlt von Alliterationen &#8211; und von allem, was Worte bewirken.<br \/>\n<a title=\"Zum Artikel: &quot;Mama, bitte lern Deutsch!&quot;: Tahsim Durgun \u00fcber Einwandererfamilien\" href=\"https:\/\/www.ndr.de\/kultur\/buch\/tipps\/Mama-bitte-lern-Deutsch-Tahsim-Durguns-Deutschbuch-ueber-Einwandererfamilien,tahsimdurgun100.html\" class=\"cta \" target=\"_blank\" rel=\"noopener\">mehr<\/a>\n<\/p>\n<p><strong>Was war der Anlass f\u00fcr dich, TikTok-Videos zu produzieren und ein Buch zu schreiben?<\/strong><\/p>\n<p><strong>Tahsim:<\/strong> Ich habe unter anderem Germanistik studiert, aber die Lust zu schreiben habe ich schon ganz am Anfang versp\u00fcrt, als ich lesen und schreiben gelernt habe. Ich war bei meiner ehemaligen Deutschlehrerin in der &#8222;Schreibwerkstatt&#8220; und habe fr\u00fch angefangen, Geschichten aufzuschreiben. Irgendwann war ich dann in der dankbaren Situation, dass Verlagsh\u00e4user auf mich zugekommen sind. Das Angebot, ein Buch zu ver\u00f6ffentlichen, habe ich nat\u00fcrlich angenommen. Aber ich habe mir auch sehr genau \u00fcberlegt: Wor\u00fcber m\u00f6chte ich dringend schreiben, worin besteht mein Mitteilungsbed\u00fcrfnis? Und so ist dann mein Buch &#8222;Mama, bitte lern Deutsch!&#8220; entstanden.<\/p>\n<p><strong>Beim internationalen Literaturfestival Lit.Cologne gab es eine schier endlose Schlange an deinem Signiertisch. Dazu kommen Fernsehauftritte und du wurdest im Bundestag zitiert. Wie geht es dir in diesem Sturm der Reaktionen?<\/strong><\/p>\n<p><strong>Tahsim:<\/strong> Ich bin nat\u00fcrlich sehr dankbar daf\u00fcr und will wertsch\u00e4tzend damit umgehen. Aber ich muss auch gestehen, dass es krass ist. Es macht was mit mir. Ich versuche daher, den Wirbel gekonnt auszublenden. Das tut mir n\u00e4mlich gar nicht so gut, was der Trubel mit mir so machen kann. Dabei will ich doch den Spa\u00df an meiner Arbeit behalten und noch weitere B\u00fccher schreiben. Ich freue mich, wenn ich Menschen begegne, gucke aber nicht auf die Menschenmengen, denn die sind tats\u00e4chlich Angst einfl\u00f6\u00dfend.<\/p>\n<p><strong>Wirst du denn auch auf der Stra\u00dfe erkannt, und ist es dahingehend jetzt ein anderes Leben?  <\/strong><\/p>\n<p><strong>Tahsim:<\/strong> Ja, das kommt auch vor. Es ist ein anderes Leben f\u00fcr mich. Das sch\u00f6ne daran ist aber, dass diese Arbeit, die ich jetzt machen darf, ganz viele Menschen erreicht, die ich schon immer erreichen wollte, mit einer Botschaft, die ich schon immer mitteilen wollte. Und das ist ein riesiges Privileg, f\u00fcr das ich sehr dankbar bin. Ich gehe sehr vorsichtig mit Stolz um, aber von allem, was ich bisher gemacht habe, bin ich auf mein Buch schon sehr, sehr stolz. Es ist mein Herzensprojekt.<\/p>\n<p><strong>Du beschreibst in deinem Buch auch deinen Bildungsweg. Als Kind wurdest du in einen Deutsch-F\u00f6rderkurs gesteckt und hattest zun\u00e4chst nur eine Empfehlung f\u00fcr die Hauptschule. Dann hast du dennoch studiert. Wie erkl\u00e4rst du dir das? <\/strong><\/p>\n<p><strong>Tahsim: <\/strong>Ich hatte in der Grundschule auch tolle, f\u00f6rdernde Lehrkr\u00e4fte. Abgesehen davon, dass man die Lehrpl\u00e4ne des Kultusministeriums einhalten muss, ist es meines Erachtens ganz wichtig, dass eine Lehrkraft, nicht nur unterrichten, sondern auch erziehen und inspirieren kann. Wenn ich doch noch irgendwann Lehrer werde, immerhin habe ich Lehramt studiert, w\u00fcrde ich es mir zum prim\u00e4ren Ziel machen, Kinder und Jugendliche zu inspirieren, zu motivieren und ihnen mitzugeben, dass die Schule der T\u00fcr\u00f6ffner f\u00fcr so viel mehr sein kann als das Berufsleben &#8211; n\u00e4mlich auch f\u00fcr gro\u00dfe Tr\u00e4ume.<\/p>\n<p><strong>Welches Buch sollte in deinem Lehrplan nicht fehlen?<\/strong><\/p>\n<p><strong>Tahsim: <\/strong>Ich habe gerade &#8222;Vierundsiebzig&#8220; von Ronya Othmann gelesen. Darin wird eine Gruppe abgebildet, die auch in Deutschland stark vertreten ist, \u00fcber die aber nur wenige Menschen Bescheid wissen. Es geht um die jesidische Glaubensgemeinschaft, gegen\u00fcber der noch heute viele Vorurteile bestehen. Das Buch dr\u00f6selt auf emotionale und brutale Weise auf, wer diese Menschen sind und was sie durchgemacht haben. Ich finde Geschichten, die mit einer derartigen Schonungslosigkeit neue Menschengruppen repr\u00e4sentieren, sollten in Schulen auch platziert werden. Ich bin der festen \u00dcberzeugung, dass es auch Spa\u00df bereiten w\u00fcrde, solche B\u00fccher zu lesen.<\/p>\n<p><strong>Was k\u00f6nnen B\u00fccher in Hinblick auf Rassismus leisten?<\/strong><\/p>\n<p>Ich mache viel Aufkl\u00e4rungsarbeit zum Thema Rassismus und ich will, dass Menschen offener werden. Aber ich habe mein Buch nicht geschrieben, um den Rassismus in der Welt zu lindern. Wenn das dennoch der Effekt ist, ist das nat\u00fcrlich sch\u00f6n. K\u00fcrzlich hat sich eine Lehrerin bei mir bedankt, weil sie mein Buch an eine Kollegin weiterempfohlen hat, und das hat ganz offensichtlich bei der anderen Lehrerin einen Perspektivwechsel bewirkt. Wenn ich so etwas h\u00f6re, bin ich sehr dankbar, weil B\u00fccher anscheinend doch etwas ausl\u00f6sen, ver\u00e4ndern und Empathie hervorrufen k\u00f6nnen.<\/p>\n<p>Das Gespr\u00e4ch wurde gef\u00fchrt von Jan Ehlert und Daniel Kaiser in der 138. Folge <a href=\"https:\/\/www.ardaudiothek.de\/episode\/eat-read-sleep-buecher-fuer-dich\/138-bulgursalat-mit-tahsim-durgun\/ndr-kultur\/14606585\/\" title=\"Link: Externer Link zum NDR B\u00fccherpodcast &quot;eat.READ.sleep&quot; in der ARD-Audiothek\" rel=\"noopener\" target=\"_blank\">eat.READ.sleep<\/a>. Das komplette Interview k\u00f6nnen Sie in der <a href=\"https:\/\/www.ardaudiothek.de\/episode\/eat-read-sleep-buecher-fuer-dich\/137-melktert-und-dark-romance\/ndr-kultur\/14538467\/\" title=\"Link: Externer Link zum NDR B\u00fccherpodcast &quot;eat.READ.sleep&quot; in der ARD-Audiothek\" rel=\"noopener\" target=\"_blank\">ARD Audiothek<\/a> h\u00f6ren und \u00fcberall, wo es <a href=\"https:\/\/www.ndr.de\/kultur\/sendungen\/eat_read_sleep\/index.html\" title=\"Zum Podcast: eat.READ.sleep. B\u00fccher f\u00fcr dich\" target=\"_blank\" rel=\"noopener\">Podcasts<\/a> gibt.<\/p>\n<p>Weitere Informationen<\/p>\n<p><img decoding=\"async\" src=\"https:\/\/www.europesays.com\/de\/wp-content\/uploads\/2025\/05\/erssleepfolgenfoto100_v-contentgross.jpg\" alt=\"Teller gef\u00fcllt mit Bulgursalat und eine Teekanne stehen neben Tahsim Durguns Roman &quot;Mama, bitte lern Deutsch&quot; \u00a9 NDR \" title=\"Teller gef\u00fcllt mit Bulgursalat und eine Teekanne stehen neben Tahsim Durguns Roman &quot;Mama, bitte lern Deutsch&quot;\" class=\"responsive\"\/><\/p>\n<p>\nKann Daniel besser kochen als Tahsims Mutter? Der TikTok-Star ist zu Gast und erz\u00e4hlt, warum B\u00fccher f\u00fcr ihn unverzichtbar sind.<br \/>\n<a title=\"Zum Artikel: eat.READ.sleep.: (138) Bulgursalat mit Tahsim Durgun\" href=\"https:\/\/www.ndr.de\/kultur\/buch\/eatREADsleep-138-Bulgursalat-mit-Tahsim-Durgun,eatreadsleep1046.html\" class=\"cta \" target=\"_blank\" rel=\"noopener\">mehr<\/a>\n<\/p>\n<p><img decoding=\"async\" src=\"https:\/\/www.europesays.com\/de\/wp-content\/uploads\/2025\/05\/durgun106_v-contentgross.jpg\" alt=\"Der Autor und Influencer Tahsim Durgun ist zu Gast in der NDR Talk Show am 9. Mai 2025. \u00a9 NDR Fernsehen\/ Markus Hertrich Foto: Markus Hertrich\" title=\"Der Autor und Influencer Tahsim Durgun ist zu Gast in der NDR Talk Show am 9. Mai 2025.\" class=\"responsive\"\/><\/p>\n<p>16 Min<\/p>\n<p>\nDer deutsch-kurdische Influencer verr\u00e4t, welcher Appell hinter seinem Buch &#8222;Mama, bitte lern Deutsch&#8220; steckt.<br \/>\n<a title=\"Zum Video: Autor und Influencer Tahsim Durgun\" href=\"https:\/\/www.ndr.de\/fernsehen\/sendungen\/ndr_talk_show\/Autor-und-Influencer-Tahsim-Durgun,ndrtalkshow9410.html\" class=\"cta \" target=\"_blank\" rel=\"noopener\">16 Min<\/a>\n<\/p>\n<p><img decoding=\"async\" src=\"https:\/\/www.europesays.com\/de\/wp-content\/uploads\/2025\/05\/sendungsbild117030_v-contentgross.jpg\" alt=\"Tahsim Durgun bei deep und deutlich am 26.04.2024. \u00a9 NDR | Beba Lindhorst \" title=\"Tahsim Durgun bei deep und deutlich am 26.04.2024.\" class=\"responsive\"\/><\/p>\n<p>\nTahsim Durgun verr\u00e4t bei deep und deutlich, was er sich als angehender Lehrer vom deutschen Bildungssystem w\u00fcnscht.<br \/>\n<a title=\"Zum Artikel: Social-Media-Star Tahsim: &quot;Lehrkr\u00e4fte arbeiten Sch\u00fcler nur noch ab&quot;\" href=\"https:\/\/www.ndr.de\/kultur\/Social-Media-Star-Tahsim-Lehrkraefte-arbeiten-Schueler-nur-noch-ab,tahsim100.html\" class=\"cta \" target=\"_blank\" rel=\"noopener\">mehr<\/a>\n<\/p>\n<p>Dieses Thema im Programm:<\/p>\n<p>NDR Kultur |<br \/>\neat.READ.sleep. B\u00fccher f\u00fcr dich |<br \/>\n24.05.2025 | 17:00 Uhr<\/p>\n<p><img decoding=\"async\" src=\"https:\/\/www.europesays.com\/de\/wp-content\/uploads\/2025\/03\/ndr_printlogo.gif\" alt=\"NDR Logo\" title=\"NDR Logo\"\/><\/p>\n","protected":false},"excerpt":{"rendered":"Stand: 23.05.2025 11:02 Uhr TikTok-Star Tahsim Durgun startet als Buchautor durch. Im Interview spricht er \u00fcber seinen Umgang&hellip;\n","protected":false},"author":2,"featured_media":133333,"comment_status":"","ping_status":"","sticky":false,"template":"","format":"standard","meta":{"footnotes":""},"categories":[1774],"tags":[7358,1784,1785,29,214,441,30,2134,438,439,440,83,49311,684,215],"class_list":{"0":"post-133332","1":"post","2":"type-post","3":"status-publish","4":"format-standard","5":"has-post-thumbnail","7":"category-buecher","8":"tag-biografie","9":"tag-books","10":"tag-buecher","11":"tag-deutschland","12":"tag-entertainment","13":"tag-fernsehen","14":"tag-germany","15":"tag-interview","16":"tag-ndr","17":"tag-norddeutscher-rundfunk","18":"tag-norddeutschland","19":"tag-radio","20":"tag-tahsim-durgun","21":"tag-tv","22":"tag-unterhaltung"},"share_on_mastodon":{"url":"https:\/\/pubeurope.com\/@de\/114557253514779021","error":""},"_links":{"self":[{"href":"https:\/\/www.europesays.com\/de\/wp-json\/wp\/v2\/posts\/133332","targetHints":{"allow":["GET"]}}],"collection":[{"href":"https:\/\/www.europesays.com\/de\/wp-json\/wp\/v2\/posts"}],"about":[{"href":"https:\/\/www.europesays.com\/de\/wp-json\/wp\/v2\/types\/post"}],"author":[{"embeddable":true,"href":"https:\/\/www.europesays.com\/de\/wp-json\/wp\/v2\/users\/2"}],"replies":[{"embeddable":true,"href":"https:\/\/www.europesays.com\/de\/wp-json\/wp\/v2\/comments?post=133332"}],"version-history":[{"count":0,"href":"https:\/\/www.europesays.com\/de\/wp-json\/wp\/v2\/posts\/133332\/revisions"}],"wp:featuredmedia":[{"embeddable":true,"href":"https:\/\/www.europesays.com\/de\/wp-json\/wp\/v2\/media\/133333"}],"wp:attachment":[{"href":"https:\/\/www.europesays.com\/de\/wp-json\/wp\/v2\/media?parent=133332"}],"wp:term":[{"taxonomy":"category","embeddable":true,"href":"https:\/\/www.europesays.com\/de\/wp-json\/wp\/v2\/categories?post=133332"},{"taxonomy":"post_tag","embeddable":true,"href":"https:\/\/www.europesays.com\/de\/wp-json\/wp\/v2\/tags?post=133332"}],"curies":[{"name":"wp","href":"https:\/\/api.w.org\/{rel}","templated":true}]}}