{"id":133621,"date":"2025-05-23T15:29:17","date_gmt":"2025-05-23T15:29:17","guid":{"rendered":"https:\/\/www.europesays.com\/de\/133621\/"},"modified":"2025-05-23T15:29:17","modified_gmt":"2025-05-23T15:29:17","slug":"berlin-grundschueler-12-niedergestochen-junge-13-gefasst-regional","status":"publish","type":"post","link":"https:\/\/www.europesays.com\/de\/133621\/","title":{"rendered":"Berlin: Grundsch\u00fcler (12) niedergestochen \u2013 Junge (13) gefasst! | Regional"},"content":{"rendered":"<p>Berlin \u2013\u00a0<b>Die Messer-Attacke auf einen Grundsch\u00fcler (12) in Berlin! Stundenlang suchte die Polizei nach dem fl\u00fcchtigen Tatverd\u00e4chtigen (13) \u2013 mit Erfolg. Der Mitsch\u00fcler wurde gefasst. <\/b><\/p>\n<p>Nach BILD-Informationen wurde der Junge gegen 14 Uhr am U-Bahnhof Rathaus Spandau wohlbehalten auf einer Treppe gefasst. Dort wurde er von Zivilfahndern angesprochen.<\/p>\n<p><b>Daraufhin soll der 13-J\u00e4hrige gesagt haben: \u201eIch bin\u2018s\u201c. Der Junge wurde in Gewahrsam genommen und zu einer Polizeidienststelle gebracht.<\/b><\/p>\n<p>Kinder- und Jugendpsychologe erkl\u00e4rt: Was k\u00f6nnte jetzt im Kind vorgehen?<a href=\"https:\/\/www.bild.de\/news\/kinder-und-jugendpsychologe-was-jetzt-im-kind-vorgehen-koennte-683058597114e657db10f807\" class=\"anchor\" rel=\"nofollow noopener\" target=\"_blank\"><img decoding=\"async\" width=\"992\" height=\"558\" alt=\"Kinder- und Jugendpsychologe: Was jetzt im Kind vorgehen k\u00f6nnte.\" src=\"https:\/\/www.europesays.com\/de\/wp-content\/uploads\/2025\/05\/127958e5429a13c01fda8704263efcda-landscape,313892b2\"   class=\"landscape teaser__image\" loading=\"lazy\"\/><\/a><\/p>\n<p>Quelle: BILD23.05.2025<\/p>\n<p>Zuvor hatten B\u00fcrger der Polizei einen Hinweis gegeben, dass sich der Tatverd\u00e4chtige in der Altstadt des <a href=\"https:\/\/www.bild.de\/regional\/berlin\/berlin-regional\/home-15823246.bild.html\" class=\"text-link\" rel=\"nofollow noopener\" target=\"_blank\">Berliner<\/a> Bezirks aufhalten soll. Wo er in den Stunden nach seiner Flucht und vor allem die Nacht \u00fcber war, ist nicht bekannt.<\/p>\n<p><b>Der 13-J\u00e4hrige werde jetzt in einer Einrichtung der Kinder- und Jugendpsychiatrie untergebracht, hei\u00dft es weiter.<\/b><\/p>\n<p>Dem Jungen wird vorgeworfen, <a href=\"https:\/\/www.bild.de\/regional\/berlin\/berlin-spandau-messer-attacke-auf-kind-in-berliner-grundschule-682f133511c54108e4fe5f79\" class=\"text-link\" rel=\"nofollow noopener\" target=\"_blank\">den 12-J\u00e4hrigen am Donnerstagmittag in der Schule im Berliner Bezirk Spandau niedergestochen<\/a> zu haben. Laut Polizei mit einem K\u00fcchenmesser, welches man sp\u00e4ter an der Schule fand. Der verletzte Junge musste im Krankenhaus notoperiert werden. Seit Donnerstagnachmittag ist sein Gesundheitszustand stabil. <\/p>\n<p>Messer-Angriff in der Schule<\/p>\n<p>Lehrer hatten am Donnerstag gegen 11.30 Uhr Polizei und Feuerwehr zur Schule gerufen. Verdacht auf eine Straftat. W\u00e4hrend sich Rettungskr\u00e4fte um den verletzten Sch\u00fcler k\u00fcmmerten, begann die Fahndung nach dem fl\u00fcchtigen Tatverd\u00e4chtigen. Die Kriminalpolizei befragte Lehrer und Sch\u00fcler. <\/p>\n<p><img decoding=\"async\" width=\"992\" height=\"558\" alt=\"Eltern an der Grundschule, um ihre Sch\u00fctzlinge abzuholen\" src=\"https:\/\/www.europesays.com\/de\/wp-content\/uploads\/2025\/05\/d8c94ad598cc87f36e7bf31c51674b5a,bfce0093\"   class=\"landscape\" loading=\"lazy\"\/><\/p>\n<p class=\"fig__caption__text\">Eltern an der Grundschule, um ihre Sch\u00fctzlinge abzuholen<\/p>\n<p>Foto: Olaf Wagner<\/p>\n<p>Eine Mitsch\u00fclerin (12) sagte im Beisein ihrer Mutter zu BILD, dass Opfer und Verd\u00e4chtiger in dieselbe 6. Klasse gingen. In der 4. Stunde sei es im Umkleideraum der Sporthalle zwischen den beiden zu einem Streit gekommen. Das Opfer soll dann aus der Umkleide herausgelaufen sein \u2013 blut\u00fcberstr\u00f6mt, eine Hand an den Hals gedr\u00fcckt. <\/p>\n<p>Junge soll Tat angek\u00fcndigt haben<\/p>\n<p><b>Eine weitere Mitsch\u00fclerin schilderte, dass der 13-J\u00e4hrige die Tat angek\u00fcndigt haben soll. Demnach habe er am Donnerstag gesagt, er wolle heute jemanden abstechen. Sie habe das nicht ernst genommen, weil der Junge fr\u00fcher schon einmal so etwas gesagt habe. Das Opfer habe er sich willk\u00fcrlich ausgesucht. <\/b><\/p>\n<p>Der mutma\u00dfliche Verd\u00e4chtige soll ebenfalls nach drau\u00dfen gerannt sein. Er habe seinen Schulranzen auf den <a href=\"https:\/\/www.bild.de\/themen\/organisationen\/schule\/politik-nachrichten-news-fotos-videos-40045138.bild.html\" class=\"text-link\" rel=\"nofollow noopener\" target=\"_blank\">Schulhof<\/a> geworfen und sei gefl\u00fcchtet.<\/p>\n<p><img decoding=\"async\" width=\"992\" height=\"558\" alt=\"Ab 11.30 Uhr waren Polizei und Feuerwehr im Gro\u00dfeinsatz an der Schule\" src=\"https:\/\/www.europesays.com\/de\/wp-content\/uploads\/2025\/05\/3f0450c0a4e0dee3fafe9213583d9a99,9e0a96ef\"   class=\"landscape\" loading=\"lazy\"\/><\/p>\n<p class=\"fig__caption__text\">Ab 11.30 Uhr am Donnerstag waren Polizei und Feuerwehr im Gro\u00dfeinsatz an der Schule<\/p>\n<p>Foto: Olaf Wagner<\/p>\n<p>\u00d6ffentlichkeitsfahndung der Polizei<\/p>\n<p>Die <a href=\"https:\/\/www.bild.de\/regional\/aktuelles\/polizei\/polizeieinsatz-alle-infos-76681760.bild.html\" class=\"text-link\" rel=\"nofollow noopener\" target=\"_blank\">Polizei<\/a> leitete eine Fahndung ein, ein Hubschrauber kreiste \u00fcber dem Gebiet, ein Suchhund wurde auf die Spur des Verd\u00e4chtigen geschickt, Stra\u00dfen rund um die Schule gesperrt. <\/p>\n<p>Die Eltern des 13-J\u00e4hrigen unterst\u00fctzten die Fahndung, stellten Kleidung zur Verf\u00fcgung. Die Suche erstreckte sich auch nach Niedersachsen \u2013\u00a0dort hatte die Familie Bekannte. <\/p>\n<p>Ab Freitagmittag wurde \u00f6ffentlich nach dem Jungen gefahndet, die Polizei ver\u00f6ffentlichte zwei Fotos. Kurz darauf die Nachricht: Der 13-J\u00e4hrige wurde gefunden!<\/p>\n<p>Keine strafrechtlichen Ermittlungen gegen 13-J\u00e4hrigen<\/p>\n<p><b>Er ist nach BILD-Informationen bereits aufgefallen und daher einschl\u00e4gig bekannt. <\/b><\/p>\n<p>Warum er auf seinen Mitsch\u00fcler einstach, ist noch immer unklar. Ein fremdenfeindliches oder religi\u00f6ses Motiv wird aber ausgeschlossen. <\/p>\n<p>Da es sich bei dem verd\u00e4chtigen Sechstkl\u00e4ssler um ein Kind handelt, w\u00fcrden keine weiteren strafrechtlichen Ermittlungen gef\u00fchrt, hatte Polizeisprecher Martin Halweg am Donnerstagnachmittag gesagt. <\/p>\n<p>Lesen Sie auch<\/p>\n<p><b>Aber: \u201eNat\u00fcrlich werden wir auch mit den Ma\u00dfnahmen der Spurensicherung hier das Ereignis aufhellen, dokumentieren.\u201c Eine Mordkommission hat die Ermittlungen \u00fcbernommen.<\/b><\/p>\n<p>Der verd\u00e4chtige 13-J\u00e4hrige hat nach Angaben der Polizei die deutsche und die US-amerikanische Staatsangeh\u00f6rigkeit.<\/p>\n","protected":false},"excerpt":{"rendered":"Berlin \u2013\u00a0Die Messer-Attacke auf einen Grundsch\u00fcler (12) in Berlin! Stundenlang suchte die Polizei nach dem fl\u00fcchtigen Tatverd\u00e4chtigen (13)&hellip;\n","protected":false},"author":2,"featured_media":133622,"comment_status":"","ping_status":"","sticky":false,"template":"","format":"standard","meta":{"footnotes":""},"categories":[1825],"tags":[5871,296,29,30,1981,5514,966,1978,45],"class_list":{"0":"post-133621","1":"post","2":"type-post","3":"status-publish","4":"format-standard","5":"has-post-thumbnail","7":"category-berlin","8":"tag-grundschule","9":"tag-berlin","10":"tag-deutschland","11":"tag-germany","12":"tag-messer","13":"tag-messerstecherei","14":"tag-schule","15":"tag-schueler","16":"tag-texttospeech"},"share_on_mastodon":{"url":"https:\/\/pubeurope.com\/@de\/114557862917911129","error":""},"_links":{"self":[{"href":"https:\/\/www.europesays.com\/de\/wp-json\/wp\/v2\/posts\/133621","targetHints":{"allow":["GET"]}}],"collection":[{"href":"https:\/\/www.europesays.com\/de\/wp-json\/wp\/v2\/posts"}],"about":[{"href":"https:\/\/www.europesays.com\/de\/wp-json\/wp\/v2\/types\/post"}],"author":[{"embeddable":true,"href":"https:\/\/www.europesays.com\/de\/wp-json\/wp\/v2\/users\/2"}],"replies":[{"embeddable":true,"href":"https:\/\/www.europesays.com\/de\/wp-json\/wp\/v2\/comments?post=133621"}],"version-history":[{"count":0,"href":"https:\/\/www.europesays.com\/de\/wp-json\/wp\/v2\/posts\/133621\/revisions"}],"wp:featuredmedia":[{"embeddable":true,"href":"https:\/\/www.europesays.com\/de\/wp-json\/wp\/v2\/media\/133622"}],"wp:attachment":[{"href":"https:\/\/www.europesays.com\/de\/wp-json\/wp\/v2\/media?parent=133621"}],"wp:term":[{"taxonomy":"category","embeddable":true,"href":"https:\/\/www.europesays.com\/de\/wp-json\/wp\/v2\/categories?post=133621"},{"taxonomy":"post_tag","embeddable":true,"href":"https:\/\/www.europesays.com\/de\/wp-json\/wp\/v2\/tags?post=133621"}],"curies":[{"name":"wp","href":"https:\/\/api.w.org\/{rel}","templated":true}]}}