{"id":133825,"date":"2025-05-23T17:16:09","date_gmt":"2025-05-23T17:16:09","guid":{"rendered":"https:\/\/www.europesays.com\/de\/133825\/"},"modified":"2025-05-23T17:16:09","modified_gmt":"2025-05-23T17:16:09","slug":"polizeieinsatz-mit-todesfolge-landgericht-wertet-instagram-post-als-berechtigte-machtkritik-mannheim","status":"publish","type":"post","link":"https:\/\/www.europesays.com\/de\/133825\/","title":{"rendered":"Polizeieinsatz mit Todesfolge: Landgericht wertet Instagram-Post als \u201eberechtigte Machtkritik\u201c &#8211; Mannheim"},"content":{"rendered":"<p><b>Wo liegen die Grenzen der freien Meinungs\u00e4u\u00dferung und ab wann werden Pers\u00f6nlichkeitsrechte verletzt? Darum ging  es am Landgericht in einem Prozess um Kritik an der Polizei.<\/b><\/p>\n<p class=\"\">Bitte loggen Sie sich ein um den Artikel im Klartext zu sehen.<\/p>\n<p class=\"\">ien Fdnuer dse neeVbtneosrr ni end leioSzan ieneMd sfacher iktKri na nde tenebiieglt .amteeBn Nnu emtsus re ichs ovr mde rtnaichdegL twetrrvane.on eDi Kmarme futtse edi s;nugur&amp;nm;eluAzigl&amp;e ni eiemn Geutn;mer&amp;verafulh sal trecbbeghqutodi&amp;e; ol&amp;Mhrtku;qcdtaiik .ein Udn hamn dcho cuha den i<\/p>\n","protected":false},"excerpt":{"rendered":"Wo liegen die Grenzen der freien Meinungs\u00e4u\u00dferung und ab wann werden Pers\u00f6nlichkeitsrechte verletzt? Darum ging es am Landgericht&hellip;\n","protected":false},"author":2,"featured_media":133826,"comment_status":"","ping_status":"","sticky":false,"template":"","format":"standard","meta":{"footnotes":"","_share_on_mastodon":"0"},"categories":[1845],"tags":[1634,3364,29,548,663,3934,291,30,13,5527,152,4933,4060,49430,2096,14,15,121,4908,12,42995,30287],"class_list":["post-133825","post","type-post","status-publish","format-standard","has-post-thumbnail","category-mannheim","tag-baden-wuerttemberg","tag-de","tag-deutschland","tag-eu","tag-europa","tag-europe","tag-facebook","tag-germany","tag-headlines","tag-heiligabend","tag-instagram","tag-landgericht","tag-lokal","tag-machtkritik","tag-mannheim","tag-nachrichten","tag-news","tag-polizei","tag-polizeieinsatz","tag-schlagzeilen","tag-schoenau","tag-todesfolge"],"share_on_mastodon":{"url":"https:\/\/pubeurope.com\/@de\/114558283542480574","error":""},"_links":{"self":[{"href":"https:\/\/www.europesays.com\/de\/wp-json\/wp\/v2\/posts\/133825","targetHints":{"allow":["GET"]}}],"collection":[{"href":"https:\/\/www.europesays.com\/de\/wp-json\/wp\/v2\/posts"}],"about":[{"href":"https:\/\/www.europesays.com\/de\/wp-json\/wp\/v2\/types\/post"}],"author":[{"embeddable":true,"href":"https:\/\/www.europesays.com\/de\/wp-json\/wp\/v2\/users\/2"}],"replies":[{"embeddable":true,"href":"https:\/\/www.europesays.com\/de\/wp-json\/wp\/v2\/comments?post=133825"}],"version-history":[{"count":0,"href":"https:\/\/www.europesays.com\/de\/wp-json\/wp\/v2\/posts\/133825\/revisions"}],"wp:featuredmedia":[{"embeddable":true,"href":"https:\/\/www.europesays.com\/de\/wp-json\/wp\/v2\/media\/133826"}],"wp:attachment":[{"href":"https:\/\/www.europesays.com\/de\/wp-json\/wp\/v2\/media?parent=133825"}],"wp:term":[{"taxonomy":"category","embeddable":true,"href":"https:\/\/www.europesays.com\/de\/wp-json\/wp\/v2\/categories?post=133825"},{"taxonomy":"post_tag","embeddable":true,"href":"https:\/\/www.europesays.com\/de\/wp-json\/wp\/v2\/tags?post=133825"}],"curies":[{"name":"wp","href":"https:\/\/api.w.org\/{rel}","templated":true}]}}