{"id":133911,"date":"2025-05-23T18:01:10","date_gmt":"2025-05-23T18:01:10","guid":{"rendered":"https:\/\/www.europesays.com\/de\/133911\/"},"modified":"2025-05-23T18:01:10","modified_gmt":"2025-05-23T18:01:10","slug":"richtfest-am-miqua-der-bau-des-einzigartigen-museums-hat-einen-meilenstein-erreicht-kabinett-online","status":"publish","type":"post","link":"https:\/\/www.europesays.com\/de\/133911\/","title":{"rendered":"Richtfest am MiQua | Der Bau des einzigartigen Museums hat einen Meilenstein erreicht \u2013 Kabinett Online"},"content":{"rendered":"<p>\n\t\t\t\tRichtfest MiQua<br \/>\n(l-r) Matthias Zoppelt (ZAC Bauleitung GmbH), Josef Teupe (ARGE Stahlbau), Dr. Marcus Trier (Direktor Ro\u0308misch-Germanisches Museum), Ulrike Lubek (Direktorin Landschaftsverband Rheinland), Prof. Wolfgang Lorch (Wandel Lorch Architekten), Dr. Thomas Otten (Direktor MiQua), Anne Henk-Holstein (Vorsitzende Landschafts-Versammlung Rheinland), Ministerin Ina Brandes (Ministerin fu\u0308r Kultur und Wissenschaft des Landes Nordrhein-Westfalen), Henriette Reker (Oberbu\u0308rgermeisterin der Stadt Ko\u0308ln) | \u00a9 Stadt K\u00f6ln \/ Thomas Banneyer\t\t\t<\/p>\n<p style=\"padding-left: 40px;\"><a href=\"https:\/\/www.stadt-koeln.de\/artikel\/68783\/index.html\" target=\"_blank\" rel=\"noopener\"><img loading=\"lazy\" decoding=\"async\" class=\"alignnone wp-image-26353 size-full\" src=\"https:\/\/www.europesays.com\/de\/wp-content\/uploads\/2025\/04\/Bildschirmfoto-2023-04-14-um-13.32.50-e1721371310590.png\" alt=\"Logo: Stadt K\u00f6ln\" width=\"250\" height=\"97\"\/><\/a><\/p>\n<p style=\"font-weight: 400;\"><strong>Mit dem \u201e<a href=\"https:\/\/miqua.lvr.de\/de\/index.html\" target=\"_blank\" rel=\"nofollow noopener\">MiQua<\/a>. LVR-J\u00fcdisches Museum im Arch\u00e4ologischen Quartier K\u00f6ln\u201c entsteht im Herzen K\u00f6lns ein weltweit einzigartiges Museum. In einem Museumsneubau auf dem Platz vor dem Historischen Rathaus sowie mit der 6.000 Quadratmeter gro\u00dfen unterirdischen Ausgrabungsst\u00e4tte entsteht eine Ausstellung, die 2.000 Jahre Stadtgeschichte sichtbar macht.<\/strong><\/p>\n<p><img loading=\"lazy\" decoding=\"async\" class=\"size-full wp-image-67280\" src=\"https:\/\/www.europesays.com\/de\/wp-content\/uploads\/2025\/05\/MiQua-Stadt-Koeln-Meurer.webp.webp\" alt=\"Miqua stadt ko\u0308ln | meurer\" width=\"650\" height=\"433\"  \/>Die Dachkonstruktion wird von 15 Dachpyramiden gekr\u00f6nt. Teile der Stahlkonstruktion f\u00fcr das Dach wurden 2021 mit einem Spezialtransport nachts angeliefert. | \u00a9 Stadt K\u00f6ln, Matthias Meurer<\/p>\n<p style=\"font-weight: 400;\"><strong>Jetzt wurde ein Meilenstein erreicht<\/strong>: Auf der MiQua-Baustelle wurde am heutigen Freitag, 23. Mai 2025, Richtfest gefeiert. Ein Tag, den bei diesem besonderen Bauwerk nicht nur die Bauleute feierten: <strong>K\u00f6lns Oberb\u00fcrgermeisterin <a href=\"https:\/\/www.stadt-koeln.de\/politik-und-verwaltung\/oberbuergermeister\/index.html\" target=\"_blank\" rel=\"nofollow noopener\">Henriette Reker<\/a><\/strong> beging das Fest mit<strong> NRW-Kultusministerin <a href=\"https:\/\/www.land.nrw\/landeskabinett\/ina-brandes\" target=\"_blank\" rel=\"nofollow noopener\">Ina Brandes<\/a><\/strong>, <strong>Entwurfsverfasser <a href=\"https:\/\/www.architektur.tu-darmstadt.de\/fachbereich\/organisation\/dekanat\/dekanat_details_97536.de.jsp\" target=\"_blank\" rel=\"nofollow noopener\">Professor Wolfgang Lorch<\/a><\/strong> und einer Abordnung der J\u00fcdischen Gemeinde sowie rund 200 weiteren geladenen G\u00e4sten.<\/p>\n<p><img loading=\"lazy\" decoding=\"async\" class=\"size-full wp-image-67282\" src=\"https:\/\/www.europesays.com\/de\/wp-content\/uploads\/2025\/05\/Richtfest-MiQua-2-scaled-e1748012980625.webp.webp\" alt=\"Richtfest miqua 2\" width=\"650\" height=\"433\"\/>Richtfest MiQua | \u00a9 Stadt K\u00f6ln \/ Thomas Banneyer<\/p>\n<p style=\"font-weight: 400;\"><strong>Oberb\u00fcrgermeisterin Henriette Reker<\/strong>: \u201eWir feiern das Erreichen eines wichtigen Meilensteins f\u00fcr ein Bauprojekt, das etwas ganz Besonderes f\u00fcr unsere Stadt ist. Mit dem Richtfest f\u00fcr das \u201e<a href=\"https:\/\/www.lvr.de\/de\/nav_main\/kultur\/museen\/miqua\/miqua.jsp\" target=\"_blank\" rel=\"nofollow noopener\">MiQua \u2013 LVR J\u00fcdisches Museum im Quartier<\/a>\u201c gelingt ein gro\u00dfer Schritt an einer der herausforderndsten Baustellen unserer Stadt. Mit diesem Schritt kommen wir dem Ziel n\u00e4her, unser jahrhundertealtes j\u00fcdisches Erbe endlich sichtbar und erlebbar zu machen.\u201c<\/p>\n<p style=\"font-weight: 400;\"><strong>Der Richtkranz wurde vor dem Rohbau per Kran bis \u00fcber das Dach hochgezogen<\/strong>. Der Hochbau des MiQua ist vor dem Historischen Rathaus auf einer Fl\u00e4che von rund 1500 Quadratmetern emporgewachsen. Das Dachtragwerk mit seinen markanten Dachpyramiden ist bereits zu mehr als 95 Prozent erstellt. Auch die Arbeiten an der Glas-Metall-Konstruktion und der Natursteinfassade haben begonnen und werden im 2. Quartal 2026 beendet sein. Damit die sch\u00fctzende H\u00fclle f\u00fcr das \u201eMuseum im Quartier\u201c bald vollendet ist, sind aktuell rund 60 Fachkr\u00e4fte aus verschiedenen Gewerken im Einsatz.<\/p>\n<p><img loading=\"lazy\" decoding=\"async\" class=\"size-full wp-image-67279\" src=\"https:\/\/www.europesays.com\/de\/wp-content\/uploads\/2025\/05\/Richtfest-MiQua-007.webp.webp\" alt=\"Richtfest miqua\" width=\"650\" height=\"434\"  \/>Richtfest MiQua | \u00a9 Stadt K\u00f6ln \/ Thomas Banneyer<\/p>\n<p style=\"font-weight: 400;\"><strong>Das MiQua wird verschiedene Epochen der K\u00f6lner Stadtgeschichte mit modernster Architektur und Baukunst vereinen<\/strong>. In der 6.000 Quadratmeter gro\u00dfen unterirdischen Ausstellungsfl\u00e4che entsteht ein 700 Meter langer Parcours. Dieser wird das neue Museum mit dem r\u00f6mischen Praetorium, dem mittelalterlichen j\u00fcdischen Viertel und dem christlichen Goldschmiedeviertel zu einem gemeinsamen Rundgang verbinden. Damit werden 2.000 Jahre Stadtgeschichte barrierefrei erlebbar. Mit der \u00dcbergabe \u00fcbernimmt der LVR die Tr\u00e4gerschaft. Die Stadt K\u00f6ln unterh\u00e4lt das Geb\u00e4ude und das Bodendenkmal sowie die zugeh\u00f6rigen Fundobjekte.<\/p>\n<p style=\"font-size: 0.9em; color: #555555; text-align: left;\">MiQua Treppenanlieferung | Film Stadt K\u00f6ln | Schaaf<\/p>\n","protected":false},"excerpt":{"rendered":"Richtfest MiQua (l-r) Matthias Zoppelt (ZAC Bauleitung GmbH), Josef Teupe (ARGE Stahlbau), Dr. Marcus Trier (Direktor Ro\u0308misch-Germanisches Museum),&hellip;\n","protected":false},"author":2,"featured_media":133912,"comment_status":"","ping_status":"","sticky":false,"template":"","format":"standard","meta":{"footnotes":""},"categories":[1828],"tags":[49474,49475,49476,49477,29,30,2659,43935,1420,49478,49479,1209,49480,49481],"class_list":{"0":"post-133911","1":"post","2":"type-post","3":"status-publish","4":"format-standard","5":"has-post-thumbnail","7":"category-koeln","8":"tag-2-000-jahre-stadtgeschichte","9":"tag-archaeologisches-quartier-koeln","10":"tag-barrierefreier-museumsparcours","11":"tag-dachpyramiden-koeln","12":"tag-deutschland","13":"tag-germany","14":"tag-henriette-reker","15":"tag-ina-brandes","16":"tag-koeln","17":"tag-miqua-lvr-juedisches-museum","18":"tag-miqua-richtfest","19":"tag-nordrhein-westfalen","20":"tag-unterirdische-ausgrabungsstaette","21":"tag-wolfgang-lorch"},"share_on_mastodon":{"url":"https:\/\/pubeurope.com\/@de\/114558460679941823","error":""},"_links":{"self":[{"href":"https:\/\/www.europesays.com\/de\/wp-json\/wp\/v2\/posts\/133911","targetHints":{"allow":["GET"]}}],"collection":[{"href":"https:\/\/www.europesays.com\/de\/wp-json\/wp\/v2\/posts"}],"about":[{"href":"https:\/\/www.europesays.com\/de\/wp-json\/wp\/v2\/types\/post"}],"author":[{"embeddable":true,"href":"https:\/\/www.europesays.com\/de\/wp-json\/wp\/v2\/users\/2"}],"replies":[{"embeddable":true,"href":"https:\/\/www.europesays.com\/de\/wp-json\/wp\/v2\/comments?post=133911"}],"version-history":[{"count":0,"href":"https:\/\/www.europesays.com\/de\/wp-json\/wp\/v2\/posts\/133911\/revisions"}],"wp:featuredmedia":[{"embeddable":true,"href":"https:\/\/www.europesays.com\/de\/wp-json\/wp\/v2\/media\/133912"}],"wp:attachment":[{"href":"https:\/\/www.europesays.com\/de\/wp-json\/wp\/v2\/media?parent=133911"}],"wp:term":[{"taxonomy":"category","embeddable":true,"href":"https:\/\/www.europesays.com\/de\/wp-json\/wp\/v2\/categories?post=133911"},{"taxonomy":"post_tag","embeddable":true,"href":"https:\/\/www.europesays.com\/de\/wp-json\/wp\/v2\/tags?post=133911"}],"curies":[{"name":"wp","href":"https:\/\/api.w.org\/{rel}","templated":true}]}}